{"id":669466,"date":"2026-01-17T07:06:11","date_gmt":"2026-01-17T07:06:11","guid":{"rendered":"https:\/\/www.europesays.com\/fr\/669466\/"},"modified":"2026-01-17T07:06:11","modified_gmt":"2026-01-17T07:06:11","slug":"strasbourg-cecile-coulon-constance-debre-judith-godreche-des-voix-fortes-aux-bibliotheques-ideales","status":"publish","type":"post","link":"https:\/\/www.europesays.com\/fr\/669466\/","title":{"rendered":"Strasbourg. C\u00e9cile Coulon, Constance Debr\u00e9, Judith Godr\u00e8che, des voix fortes aux Biblioth\u00e8ques id\u00e9ales"},"content":{"rendered":"<p>Le rendez-vous de janvier des Biblioth\u00e8ques id\u00e9ales, ce sont quelque 25 rencontres autour de questions \u00ab\u00a0urticantes\u00a0\u00bb, ainsi celle qui donne le cadre de la rencontre avec Judith Godr\u00e8che\u00a0: \u00ab\u00a0Que faire du silence des adultes quand on est enfant\u00a0?\u00a0\u00bb. Figure de la lutte contre les violences sexistes et sexuelles, elle publie Pri\u00e8re de remettre en ordre avant de quitter les lieux. \u00a0\u00c0 retrouver \u00e9galement, Coco, sur le sujet des dessinateurs confront\u00e9s \u00e0 la censure, Olivier Mannoni autour de la langue comme premier outil pour un r\u00e9gime totalitaire, Velibor Colic sur la litt\u00e9rature comme antidote \u00e0 la guerre, C\u00e9cile Coulon sur la coexistence de l\u2019ange et du monstre en chacun. O\u00f9 l\u2019on retrouve aussi Constance Debr\u00e9. L\u2019ancienne avocate p\u00e9naliste vient parler de Protocoles , avec en toile de fond le sujet de la peine de mort aux \u00c9tats-Unis.<\/p>\n<p>Et aussi, des figures r\u00e9gionales retrouv\u00e9es avec plaisir, ainsi Simone Morgenthaler, dont le dernier livre, La Brique au fond du lit , est un succ\u00e8s.<\/p>\n<p class=\"note\">Du 24\u00a0janvier au 1er \u00a0f\u00e9vrier \u00e0 la Biblioth\u00e8que nationale universitaire de Strasbourg, place de la R\u00e9publique. Programme complet\u00a0: biblideales.fr<\/p>\n","protected":false},"excerpt":{"rendered":"Le rendez-vous de janvier des Biblioth\u00e8ques id\u00e9ales, ce sont quelque 25 rencontres autour de questions \u00ab\u00a0urticantes\u00a0\u00bb, ainsi celle&hellip;\n","protected":false},"author":2,"featured_media":669467,"comment_status":"","ping_status":"","sticky":false,"template":"","format":"standard","meta":{"footnotes":""},"categories":[2820],"tags":[1111,11,2389,1687,2880,1777,674,107,1011,27,775,2410,12,25,640,2879],"class_list":{"0":"post-669466","1":"post","2":"type-post","3":"status-publish","4":"format-standard","5":"has-post-thumbnail","7":"category-strasbourg","8":"tag-actu","9":"tag-actualites","10":"tag-alsace","11":"tag-culture-loisirs","12":"tag-edition-strasbourg","13":"tag-eu","14":"tag-europe","15":"tag-fil-info","16":"tag-fr","17":"tag-france","18":"tag-grand-est","19":"tag-livres-bd","20":"tag-news","21":"tag-republique-francaise","22":"tag-strasbourg","23":"tag-strasbourg-ville"},"share_on_mastodon":{"url":"https:\/\/pubeurope.com\/@fr\/115909177137544979","error":""},"_links":{"self":[{"href":"https:\/\/www.europesays.com\/fr\/wp-json\/wp\/v2\/posts\/669466","targetHints":{"allow":["GET"]}}],"collection":[{"href":"https:\/\/www.europesays.com\/fr\/wp-json\/wp\/v2\/posts"}],"about":[{"href":"https:\/\/www.europesays.com\/fr\/wp-json\/wp\/v2\/types\/post"}],"author":[{"embeddable":true,"href":"https:\/\/www.europesays.com\/fr\/wp-json\/wp\/v2\/users\/2"}],"replies":[{"embeddable":true,"href":"https:\/\/www.europesays.com\/fr\/wp-json\/wp\/v2\/comments?post=669466"}],"version-history":[{"count":0,"href":"https:\/\/www.europesays.com\/fr\/wp-json\/wp\/v2\/posts\/669466\/revisions"}],"wp:featuredmedia":[{"embeddable":true,"href":"https:\/\/www.europesays.com\/fr\/wp-json\/wp\/v2\/media\/669467"}],"wp:attachment":[{"href":"https:\/\/www.europesays.com\/fr\/wp-json\/wp\/v2\/media?parent=669466"}],"wp:term":[{"taxonomy":"category","embeddable":true,"href":"https:\/\/www.europesays.com\/fr\/wp-json\/wp\/v2\/categories?post=669466"},{"taxonomy":"post_tag","embeddable":true,"href":"https:\/\/www.europesays.com\/fr\/wp-json\/wp\/v2\/tags?post=669466"}],"curies":[{"name":"wp","href":"https:\/\/api.w.org\/{rel}","templated":true}]}}