{"id":669474,"date":"2026-01-17T07:11:23","date_gmt":"2026-01-17T07:11:23","guid":{"rendered":"https:\/\/www.europesays.com\/fr\/669474\/"},"modified":"2026-01-17T07:11:23","modified_gmt":"2026-01-17T07:11:23","slug":"le-nombre-de-home-jackings-double-a-nantes","status":"publish","type":"post","link":"https:\/\/www.europesays.com\/fr\/669474\/","title":{"rendered":"le nombre de home-jackings double \u00e0 Nantes"},"content":{"rendered":"<p>                    Par<br \/>\n        <strong><br \/>\n            <a href=\"https:\/\/actu.fr\/auteur\/laure-gentil\" title=\"Consulter tous les articles de Laure Gentil\" target=\"_blank\" rel=\"noopener\">Laure Gentil<\/a><br \/>\n                    <\/strong><\/p>\n<p>        Publi\u00e9 le<\/p>\n<p>            17 janv. 2026 \u00e0 7h16        <\/p>\n<p>La<b> police de Nantes<\/b> appelle \u00e0 la prudence. En 2025, les forces de l\u2019ordre ont recens\u00e9 <b>104 faits de home-jackings,<\/b> soit le double de l\u2019ann\u00e9e pr\u00e9c\u00e9dente. \u00ab\u2009On a connu une nette acc\u00e9l\u00e9ration\u2009\u00bb, admet<a href=\"https:\/\/actu.fr\/pays-de-la-loire\/nantes_44109\/nantes-qui-est-philippe-jos-le-nouveau-chef-de-la-police_61740545.html\" target=\"_blank\" rel=\"noopener\"> Philippe Jos<\/a>, le directeur interd\u00e9partemental de la\u00a0police\u00a0nationale \u00e0\u00a0Nantes\u00a0et en Loire-Atlantique. \u00ab\u2009Nos voleurs ont pris de mauvaises habitudes. \u00c7a nous pose souci, parce que \u00e7a fait des pr\u00e9judices qui sont beaucoup plus importants, mais cela reste r\u00e9siduel par rapport \u00e0 l\u2019ensemble des vols par effraction\u2009\u00bb.<\/p>\n<p class=\" wall-content\">Ces derniers s\u2019\u00e9l\u00e8vent \u00e0<b> 4<\/b>\u2009<b>000 par an.<\/b><\/p>\n<p>Qu&rsquo;est-ce que le home-jacking ?<\/p>\n<p>Le home-jacking est une forme de cambriolage qui survient alors que les occupants sont pr\u00e9sents dans leur domicile. Il s&rsquo;agit d&rsquo;un vol de v\u00e9hicule.\u00a0<\/p>\n<p>Diff\u00e9rents profils<\/p>\n<p class=\" wall-content\">Selon Philippe Jos, cette augmentation peut \u00eatre analys\u00e9e de plusieurs mani\u00e8res. Si, avant, les voleurs venaient voler ce qu\u2019ils trouvaient, \u00ab\u2009c\u2019est quand m\u00eame plus commode de partir aussi avec la voiture.\u2009\u00bb Il y a aussi le home-jacking dont le vol de voiture est la \u00ab\u2009finalit\u00e9\u2009\u00bb, le but \u00e9tant de se servir du v\u00e9hicule vol\u00e9 pour \u00ab\u2009commettre un p\u00e9riple d\u00e9linquant sur la circonscription, mais aussi dans le d\u00e9partement\u2009\u00bb et au-del\u00e0. Une \u00e9quipe de mineurs, \u00e2g\u00e9s de 13 \u00e0 20\u00a0ans, avait \u00e9t\u00e9 interpell\u00e9e en 2025 pour avoir m\u00eal\u00e9 home-jackings et vols de scooters chez des concessionnaires.<\/p>\n<blockquote class=\"ac-article-quote wall-content\">\n<p>Ils avaient vol\u00e9 une soixantaine de deux-roues avant d\u2019\u00eatre identifi\u00e9s et interpell\u00e9s. En l\u2019espace de moins de deux ans, ce sont des gens qu\u2019on a arr\u00eat\u00e9s trois fois.<\/p>\n<p>Philippe Jos<\/p><\/blockquote>\n<p class=\" wall-content\">Selon lui, plusieurs \u00ab\u2009\u00e9quipes\u2009\u00bb de ce type s\u00e9vissent dans le d\u00e9partement. Les voitures sont vol\u00e9es puis vendues pour une \u00ab\u2009bouch\u00e9e de pain sur les r\u00e9seaux sociaux\u2009\u00bb pour servir au<b> trafic de drogue ou aux \u00e9pisodes de tirs<\/b>, devenant ainsi des \u00ab\u2009outils de d\u00e9linquance\u2009\u00bb.<\/p>\n<p class=\" wall-content\">\u00ab\u2009Ils r\u00e9cup\u00e8rent la voiture, vont sur un point de deal concurrent, mitraillent et apr\u00e8s abandonnent ou br\u00fblent le v\u00e9hicule\u2009\u00bb, explique le directeur interd\u00e9partemental de la\u00a0police\u00a0nationale. Le profil des voleurs est vari\u00e9, bien qu\u2019il s\u2019agisse principalement de mineurs travaillant soit \u00e0 leur compte soit \u00e0 la demande de quelqu\u2019un. Philippe Jos indique aussi que de plus en plus de personnes en situation irr\u00e9guli\u00e8re commettent des home-jackings. \u00ab\u2009Le spectre criminel tend \u00e0 se d\u00e9velopper.\u2009\u00bb<\/p>\n<p class=\" wall-content\">De plus, ce ne sont pas seulement les voitures haut de gamme qui sont vis\u00e9es\u2009: les \u00ab\u2009moyennes gammes\u2009\u00bb sont aussi concern\u00e9es.<\/p>\n<p>Votre r\u00e9gion, votre actu !<\/p>\n<p>Recevez chaque jour les infos qui comptent pour vous.<\/p>\n<p>\t<a href=\"https:\/\/actu.fr\/newsletter\" class=\"ac-btn ac-btn--corner ac-btn--medium ac-btn--blue800\" target=\"_blank\" rel=\"noopener\">S&rsquo;incrire<\/a><br \/>\nComment se prot\u00e9ger\u2009?<\/p>\n<p class=\" wall-content\">\u00ab\u2009Je pr\u00e9f\u00e8re que les gens soient avertis de ce qui se passe pour qu\u2019ils prennent des mesures\u2009\u00bb, explique Philippe Jos. Mais quelles mesures prendre\u2009? Les home-jackings sont tr\u00e8s rarement violents\u2009: le voleur entre, prend la cl\u00e9 de voiture et ressort. Ils ont lieu la nuit, lorsque les habitants dorment, g\u00e9n\u00e9ralement le week-end. Il est pr\u00e9conis\u00e9 de se<b>\u00a0m\u00e9fier des inconnus<\/b> se pr\u00e9sentant \u00e0 votre porte (les voleurs font souvent du rep\u00e9rage) et de<b>\u00a0fermer la porte \u00e0 cl\u00e9<\/b>\u00a0syst\u00e9matiquement. Philippe Jos conseille aussi de ne pas mettre ses cl\u00e9s de voiture dans des endroits \u00e9vidents.<\/p>\n<p class=\" wall-content\">Les communes les plus touch\u00e9es sont <b>Nantes, Orvault et Saint-Herblain<\/b>. La plupart des v\u00e9hicules vol\u00e9s sont r\u00e9cup\u00e9r\u00e9s rapidement par la police ou la gendarmerie.<\/p>\n<p class=\" wall-content\">Personnalisez votre actualit\u00e9 en ajoutant vos villes et m\u00e9dias en favori avec <a href=\"https:\/\/moncompte.actu.fr\" title=\"D\u00e9couvez Mon Actu\" rel=\"nofollow noopener\" data-trk=\"{&quot;cta&quot;:{&quot;action&quot;:&quot;https:\\\/\\\/moncompte.actu.fr&quot;,&quot;category&quot;:&quot;mon compte&quot;,&quot;from&quot;:&quot;article footer&quot;,&quot;name&quot;:&quot;Mon actu&quot;,&quot;type&quot;:&quot;cta&quot;}}\" target=\"_blank\">Mon Actu<\/a>.<\/p>\n","protected":false},"excerpt":{"rendered":"Par Laure Gentil Publi\u00e9 le 17 janv. 2026 \u00e0 7h16 La police de Nantes appelle \u00e0 la prudence.&hellip;\n","protected":false},"author":2,"featured_media":669475,"comment_status":"","ping_status":"","sticky":false,"template":"","format":"standard","meta":{"footnotes":""},"categories":[2818],"tags":[1111,11,1174,1777,674,118,1011,27,9816,766,12,2636,1072,25],"class_list":{"0":"post-669474","1":"post","2":"type-post","3":"status-publish","4":"format-standard","5":"has-post-thumbnail","7":"category-nantes","8":"tag-actu","9":"tag-actualites","10":"tag-cambriolage","11":"tag-eu","12":"tag-europe","13":"tag-faits-divers","14":"tag-fr","15":"tag-france","16":"tag-home-jacking","17":"tag-nantes","18":"tag-news","19":"tag-pays-de-la-loire","20":"tag-police","21":"tag-republique-francaise"},"share_on_mastodon":{"url":"https:\/\/pubeurope.com\/@fr\/115909196783541805","error":""},"_links":{"self":[{"href":"https:\/\/www.europesays.com\/fr\/wp-json\/wp\/v2\/posts\/669474","targetHints":{"allow":["GET"]}}],"collection":[{"href":"https:\/\/www.europesays.com\/fr\/wp-json\/wp\/v2\/posts"}],"about":[{"href":"https:\/\/www.europesays.com\/fr\/wp-json\/wp\/v2\/types\/post"}],"author":[{"embeddable":true,"href":"https:\/\/www.europesays.com\/fr\/wp-json\/wp\/v2\/users\/2"}],"replies":[{"embeddable":true,"href":"https:\/\/www.europesays.com\/fr\/wp-json\/wp\/v2\/comments?post=669474"}],"version-history":[{"count":0,"href":"https:\/\/www.europesays.com\/fr\/wp-json\/wp\/v2\/posts\/669474\/revisions"}],"wp:featuredmedia":[{"embeddable":true,"href":"https:\/\/www.europesays.com\/fr\/wp-json\/wp\/v2\/media\/669475"}],"wp:attachment":[{"href":"https:\/\/www.europesays.com\/fr\/wp-json\/wp\/v2\/media?parent=669474"}],"wp:term":[{"taxonomy":"category","embeddable":true,"href":"https:\/\/www.europesays.com\/fr\/wp-json\/wp\/v2\/categories?post=669474"},{"taxonomy":"post_tag","embeddable":true,"href":"https:\/\/www.europesays.com\/fr\/wp-json\/wp\/v2\/tags?post=669474"}],"curies":[{"name":"wp","href":"https:\/\/api.w.org\/{rel}","templated":true}]}}