{"id":669515,"date":"2026-01-17T07:34:11","date_gmt":"2026-01-17T07:34:11","guid":{"rendered":"https:\/\/www.europesays.com\/fr\/669515\/"},"modified":"2026-01-17T07:34:11","modified_gmt":"2026-01-17T07:34:11","slug":"comment-les-collectivites-francaises-peuvent-soutenir-les-agriculteurs","status":"publish","type":"post","link":"https:\/\/www.europesays.com\/fr\/669515\/","title":{"rendered":"comment les collectivit\u00e9s fran\u00e7aises peuvent soutenir les agriculteurs"},"content":{"rendered":"<p>Les collectivit\u00e9s peuvent soutenir les agriculteurs inquiets des cons\u00e9quences que pourrait engendrer le trait\u00e9 commercial UE-Mercosur sur leur exploitation, apr\u00e8s sa validation par le Conseil de l\u2019Union europ\u00e9enne le 9 janvier dernier.<\/p>\n<p>A travers la France, des maires d\u00e9crochent symboliquement les drapeaux europ\u00e9ens des frontons des h\u00f4tels de ville, en signe de soutien. Mais ils disposent de leviers concrets leur permettant de faire travailler les agriculteurs de leur territoire. \u00ab\u00a0L\u2019entr\u00e9e en vigueur du trait\u00e9 UE-Mercosur conduira \u00e0 la mise sur le march\u00e9 de viande de qualit\u00e9 souvent inf\u00e9rieure \u00e0 celle qui est produite en France et en Europe, rel\u00e8ve l\u2019eurod\u00e9put\u00e9 (S&amp;D) Fran\u00e7ois Kelfon, membre de la d\u00e9l\u00e9gation pour les relations avec le Mercosur au parlement europ\u00e9en. En privil\u00e9giant les &#8230;<\/p>\n<p class=\"blocCut__title\">\n\t\t\t\t\t\t\t\t\t[80% reste \u00e0 lire]\n\t\t\t\t\t\t\t<\/p>\n<p class=\"blocCut__title--type2\">Article r\u00e9serv\u00e9 aux abonn\u00e9s<\/p>\n<p class=\"blocCut__title--type3\">Gazette des Communes<\/p>\n<p class=\"blocCut__title--type2\">VOUS N&rsquo;\u00eaTES PAS ABONN\u00e9 ?<\/p>\n<p class=\"blocCut__title--type4\">D\u00e9couvrez nos formules et acc\u00e9dez aux articles en illimit\u00e9<\/p>\n<p>\t\t\t\t\t\t\t\t<a href=\"https:\/\/www.abonnement.infopro-digital.com\/la-gazette-des-communes\/formule\/1111\/CTA-P\" target=\"_blank\" class=\"btn__full buttonTypeA buttonTypeA--1\" rel=\"noopener\">Je m\u2019abonne<\/a><\/p>\n","protected":false},"excerpt":{"rendered":"Les collectivit\u00e9s peuvent soutenir les agriculteurs inquiets des cons\u00e9quences que pourrait engendrer le trait\u00e9 commercial UE-Mercosur sur leur&hellip;\n","protected":false},"author":2,"featured_media":669516,"comment_status":"","ping_status":"","sticky":false,"template":"","format":"standard","meta":{"footnotes":""},"categories":[1586],"tags":[76923,31795,47,11,2349,57844,27795,31794,1777,674,9101,1779,1011,27,49064,12,25,1778,364],"class_list":{"0":"post-669515","1":"post","2":"type-post","3":"status-publish","4":"format-standard","5":"has-post-thumbnail","7":"category-europe","8":"tag-actu-expert-juridique","9":"tag-actu-juridique","10":"tag-actualite","11":"tag-actualites","12":"tag-articles-reserves","13":"tag-cgarcia","14":"tag-commande-publique","15":"tag-droit-des-collectivites","16":"tag-eu","17":"tag-europe","18":"tag-europe-2","19":"tag-european-union","20":"tag-fr","21":"tag-france","22":"tag-marches-publics","23":"tag-news","24":"tag-republique-francaise","25":"tag-ue","26":"tag-union-europeenne"},"share_on_mastodon":{"url":"https:\/\/pubeurope.com\/@fr\/115909287159690077","error":""},"_links":{"self":[{"href":"https:\/\/www.europesays.com\/fr\/wp-json\/wp\/v2\/posts\/669515","targetHints":{"allow":["GET"]}}],"collection":[{"href":"https:\/\/www.europesays.com\/fr\/wp-json\/wp\/v2\/posts"}],"about":[{"href":"https:\/\/www.europesays.com\/fr\/wp-json\/wp\/v2\/types\/post"}],"author":[{"embeddable":true,"href":"https:\/\/www.europesays.com\/fr\/wp-json\/wp\/v2\/users\/2"}],"replies":[{"embeddable":true,"href":"https:\/\/www.europesays.com\/fr\/wp-json\/wp\/v2\/comments?post=669515"}],"version-history":[{"count":0,"href":"https:\/\/www.europesays.com\/fr\/wp-json\/wp\/v2\/posts\/669515\/revisions"}],"wp:featuredmedia":[{"embeddable":true,"href":"https:\/\/www.europesays.com\/fr\/wp-json\/wp\/v2\/media\/669516"}],"wp:attachment":[{"href":"https:\/\/www.europesays.com\/fr\/wp-json\/wp\/v2\/media?parent=669515"}],"wp:term":[{"taxonomy":"category","embeddable":true,"href":"https:\/\/www.europesays.com\/fr\/wp-json\/wp\/v2\/categories?post=669515"},{"taxonomy":"post_tag","embeddable":true,"href":"https:\/\/www.europesays.com\/fr\/wp-json\/wp\/v2\/tags?post=669515"}],"curies":[{"name":"wp","href":"https:\/\/api.w.org\/{rel}","templated":true}]}}