{"id":66953,"date":"2025-05-01T13:15:08","date_gmt":"2025-05-01T13:15:08","guid":{"rendered":"https:\/\/www.europesays.com\/fr\/66953\/"},"modified":"2025-05-01T13:15:08","modified_gmt":"2025-05-01T13:15:08","slug":"le-celebre-cheval-dacier-des-jeux-olympiques-va-etre-expose-a-bordeaux-voici-ou-et-quand","status":"publish","type":"post","link":"https:\/\/www.europesays.com\/fr\/66953\/","title":{"rendered":"Le c\u00e9l\u00e8bre cheval d&rsquo;acier des Jeux Olympiques va \u00eatre expos\u00e9 \u00e0 Bordeaux : voici o\u00f9 et quand"},"content":{"rendered":"<p>            Par<br \/>\n        <strong><br \/>\n            <a href=\"https:\/\/actu.fr\/auteur\/redaction-bordeaux\" title=\"Consulter tous les articles de R\u00e9daction Bordeaux\" target=\"_blank\" rel=\"noopener\">R\u00e9daction Bordeaux<\/a><br \/>\n        <\/strong><\/p>\n<p>        Publi\u00e9 le<\/p>\n<p>            1 mai 2025 \u00e0 14h36        <\/p>\n<p>Coup de tonnerre \u00e0 Bordeaux : Zeus, le cheval d\u2019acier des <a href=\"https:\/\/actu.fr\/tag\/jo-paris-2024\" target=\"_blank\" rel=\"noopener\">Jeux Olympiques de Paris<\/a>, sera bient\u00f4t expos\u00e9 <strong>dans un parc tr\u00e8s pris\u00e9 des habitants<\/strong>. Symbole de la c\u00e9r\u00e9monie d\u2019ouverture, le cheval avait galop\u00e9 sur la Seine devant des millions de spectateurs. L\u2019oeuvre d\u20191m80 fera escale pendant une semaine dans la capitale girondine.<\/p>\n<p>Pass\u00e9 par Marseille<\/p>\n<p class=\" wall-content\">Elle sera <strong>install\u00e9e au jardin public<\/strong>, du samedi 3 au vendredi 9 mai 2025, au sein d\u2019une tourn\u00e9e internationale. Pass\u00e9 par Marseille, le Mont-Saint-Michel et Francfort, le cheval m\u00e9canique sera \u00e0 disposition des Bordelais gratuitement.\u00a0<\/p>\n<p class=\" wall-content\">\u00c0 Marseille, son installation avait \u00e9t\u00e9 longue et p\u00e9rilleuse, comme le relatent <a href=\"https:\/\/actu.fr\/provence-alpes-cote-d-azur\/marseille_13055\/zeus-le-celebre-cheval-des-jo-de-paris-2024-a-marseille-une-operation-perilleuse_62514047.html\" target=\"_blank\" rel=\"noopener\">nos coll\u00e8gues d\u2019actu Marseille<\/a> (groupe actu). Il est arriv\u00e9 dans un convoi exceptionnel et a d\u00fb \u00eatre <strong>\u00ab\u00a0grut\u00e9\u00a0\u00bb jusqu\u2019au toit de la terrasse<\/strong> du c\u00e9l\u00e8bre mus\u00e9e de la cit\u00e9 phoc\u00e9enne.<\/p>\n<p class=\" wall-content\">Suivez toute l\u2019actualit\u00e9 de vos villes et m\u00e9dias favoris en vous inscrivant \u00e0 <a href=\"https:\/\/moncompte.actu.fr\" title=\"D\u00e9couvez Mon Actu\" rel=\"nofollow noopener\" data-trk=\"{&quot;cta&quot;:{&quot;action&quot;:&quot;https:\\\/\\\/moncompte.actu.fr&quot;,&quot;category&quot;:&quot;mon compte&quot;,&quot;from&quot;:&quot;article footer&quot;,&quot;name&quot;:&quot;Mon actu&quot;,&quot;type&quot;:&quot;cta&quot;}}\" target=\"_blank\">Mon Actu<\/a>.<\/p>\n","protected":false},"excerpt":{"rendered":"Par R\u00e9daction Bordeaux Publi\u00e9 le 1 mai 2025 \u00e0 14h36 Coup de tonnerre \u00e0 Bordeaux : Zeus, le&hellip;\n","protected":false},"author":2,"featured_media":66954,"comment_status":"","ping_status":"","sticky":false,"template":"","format":"standard","meta":{"footnotes":""},"categories":[2817],"tags":[1111,11,1997,1777,674,1011,27,7941,12,2219,25,104],"class_list":{"0":"post-66953","1":"post","2":"type-post","3":"status-publish","4":"format-standard","5":"has-post-thumbnail","7":"category-bordeaux","8":"tag-actu","9":"tag-actualites","10":"tag-bordeaux","11":"tag-eu","12":"tag-europe","13":"tag-fr","14":"tag-france","15":"tag-jo-paris-2024","16":"tag-news","17":"tag-nouvelle-aquitaine","18":"tag-republique-francaise","19":"tag-societe"},"share_on_mastodon":{"url":"https:\/\/pubeurope.com\/@fr\/114432765019578552","error":""},"_links":{"self":[{"href":"https:\/\/www.europesays.com\/fr\/wp-json\/wp\/v2\/posts\/66953","targetHints":{"allow":["GET"]}}],"collection":[{"href":"https:\/\/www.europesays.com\/fr\/wp-json\/wp\/v2\/posts"}],"about":[{"href":"https:\/\/www.europesays.com\/fr\/wp-json\/wp\/v2\/types\/post"}],"author":[{"embeddable":true,"href":"https:\/\/www.europesays.com\/fr\/wp-json\/wp\/v2\/users\/2"}],"replies":[{"embeddable":true,"href":"https:\/\/www.europesays.com\/fr\/wp-json\/wp\/v2\/comments?post=66953"}],"version-history":[{"count":0,"href":"https:\/\/www.europesays.com\/fr\/wp-json\/wp\/v2\/posts\/66953\/revisions"}],"wp:featuredmedia":[{"embeddable":true,"href":"https:\/\/www.europesays.com\/fr\/wp-json\/wp\/v2\/media\/66954"}],"wp:attachment":[{"href":"https:\/\/www.europesays.com\/fr\/wp-json\/wp\/v2\/media?parent=66953"}],"wp:term":[{"taxonomy":"category","embeddable":true,"href":"https:\/\/www.europesays.com\/fr\/wp-json\/wp\/v2\/categories?post=66953"},{"taxonomy":"post_tag","embeddable":true,"href":"https:\/\/www.europesays.com\/fr\/wp-json\/wp\/v2\/tags?post=66953"}],"curies":[{"name":"wp","href":"https:\/\/api.w.org\/{rel}","templated":true}]}}