{"id":669534,"date":"2026-01-17T07:47:09","date_gmt":"2026-01-17T07:47:09","guid":{"rendered":"https:\/\/www.europesays.com\/fr\/669534\/"},"modified":"2026-01-17T07:47:09","modified_gmt":"2026-01-17T07:47:09","slug":"chantal-goya-et-son-mari-jean-jacques-debout-ont-du-mal-a-gerer-leurs-finances","status":"publish","type":"post","link":"https:\/\/www.europesays.com\/fr\/669534\/","title":{"rendered":"Chantal Goya et son mari Jean-Jacques Debout ont du mal \u00e0 g\u00e9rer leurs finances"},"content":{"rendered":"<p><a href=\"https:\/\/www.pleinevie.fr\/loisirs\/celebrites\/chantal-goya-en-detresse-elle-ne-peut-plus-chanter-elle-annonce-une-mauvaise-nouvelle-a-sa-communaute-163919.html\" target=\"_blank\" rel=\"noopener\">Chantal Goya<\/a> et<br \/>\n<strong>Jean-Jacques Debout<\/strong> ont b\u00e2ti une l\u00e9gende<br \/>\nartistique et personnelle marqu\u00e9e par l\u2019extravagance et la<br \/>\nfantaisie. Leur passion pour l\u2019immobilier les a conduits \u00e0 poss\u00e9der<br \/>\njusqu\u2019\u00e0 24 maisons, reflet d\u2019un go\u00fbt prononc\u00e9 pour les demeures de<br \/>\ncaract\u00e8re. Cependant, cette accumulation a fini par se transformer<br \/>\nen fardeau financier. En 2018, face \u00e0 une dette fiscale de 1,65<br \/>\nmillion d\u2019euros, le couple contracte un pr\u00eat de 2,215 millions<br \/>\nd\u2019euros aupr\u00e8s du Cr\u00e9dit municipal de Bordeaux. Le 19 ao\u00fbt 2025, le<br \/>\ntribunal judiciaire de Paris les condamne \u00e0 rembourser 2,18<br \/>\nmillions d\u2019euros, une d\u00e9cision devenue ex\u00e9cutoire malgr\u00e9 leur<br \/>\nappel. Cette affaire r\u00e9v\u00e8le les difficult\u00e9s d\u2019un couple qui,<br \/>\nderri\u00e8re les paillettes, doit d\u00e9sormais composer avec des<br \/>\n<strong>contraintes financi\u00e8res<\/strong> lourdes.<\/p>\n<p>Une vie de b\u00e2tisseurs fantasques rattrap\u00e9e par la r\u00e9alit\u00e9<br \/>\nL\u2019homme aux 24 maisons<\/p>\n<p>Jean-Jacques Debout a toujours \u00e9t\u00e9 d\u00e9crit comme un r\u00eaveur<br \/>\npassionn\u00e9 d\u2019immobilier. <strong>Chantal Goya<\/strong> elle-m\u00eame<br \/>\nreconna\u00eet avec humour qu\u2019il est \u201cincapable de faire la<br \/>\ndiff\u00e9rence entre dix centimes et un million d\u2019euros\u201d. Ce go\u00fbt<br \/>\npour les maisons les a men\u00e9s \u00e0 poss\u00e9der un<br \/>\n<strong>patrimoine<\/strong> impressionnant, parfois prestigieux,<br \/>\nparfois plus modeste. Toutefois, cette accumulation, loin d\u2019\u00eatre un<br \/>\ngage de stabilit\u00e9, a g\u00e9n\u00e9r\u00e9 des charges consid\u00e9rables et un<br \/>\npatrimoine difficile \u00e0 g\u00e9rer.<\/p>\n<p>Des dettes fiscales lourdes<\/p>\n<p>En 2018, le couple se retrouve face \u00e0 une <strong>dette<br \/>\nfiscale<\/strong> de 1,65 million d\u2019euros. Pour y faire face, ils<br \/>\ncontractent un pr\u00eat de plus de 2,2 millions d\u2019euros aupr\u00e8s du<br \/>\nCr\u00e9dit municipal de Bordeaux, mettant en gage leurs droits Sacem.<br \/>\nCette d\u00e9cision, cens\u00e9e les soulager, devient au contraire le point<br \/>\nde d\u00e9part d\u2019une spirale financi\u00e8re. En ao\u00fbt 2025, la justice<br \/>\ncondamne <a href=\"https:\/\/www.pleinevie.fr\/loisirs\/celebrites\/chantal-goya-condamnee-a-payer-218-millions-deuros-avec-jean-jacques-debout-la-justice-sest-prononcee-voici-pour-quelle-raison-171368.html\" target=\"_blank\" rel=\"noopener\">Chantal Goya et Jean-Jacques<\/a><br \/>\nDebout \u00e0 rembourser 2,18 millions d\u2019euros, rejetant leur argument<br \/>\nselon lequel ils n\u2019auraient pas \u00e9t\u00e9 suffisamment avertis du<br \/>\n<strong>risque d\u2019endettement excessif<\/strong>.<\/p>\n<p>Une condamnation judiciaire ex\u00e9cutoire<\/p>\n<p>Le jugement du tribunal de Paris, rendu le 19 ao\u00fbt 2025, est<br \/>\ndevenu ex\u00e9cutoire malgr\u00e9 l\u2019appel interjet\u00e9 par le<br \/>\n<strong>couple<\/strong>, rapporte le <a href=\"https:\/\/www.lejournaldelamaison.fr\/le-journal-de-la-maison\/reportages-maisons\/chantal-goya-et-son-mari-24-maisons-524523.html\" target=\"_blank\" rel=\"noopener\">Journal de la Maison<\/a>.<br \/>\nCette d\u00e9cision illustre la s\u00e9v\u00e9rit\u00e9 des r\u00e8gles fiscales et<br \/>\nbancaires, mais aussi la fragilit\u00e9 d\u2019un patrimoine b\u00e2ti sur des<br \/>\nchoix parfois impulsifs. Chantal Goya et Jean-Jacques Debout<br \/>\naffirment leur sinc\u00e9rit\u00e9 et contestent certains \u00e9l\u00e9ments du<br \/>\njugement, mais doivent d\u00e9sormais composer avec une <strong>dette<br \/>\ncolossale<\/strong> qui p\u00e8se sur leur quotidien.<\/p>\n<p>Entre extravagance et refuge modeste :<br \/>\ndeux visages d\u2019un couple mythique<br \/>\nLe faste des propri\u00e9t\u00e9s accumul\u00e9es<\/p>\n<p>Au fil des ann\u00e9es, le couple a men\u00e9 une vie de ch\u00e2teau,<br \/>\nposs\u00e9dant des demeures vari\u00e9es, parfois prestigieuses, parfois plus<br \/>\nsimples. Ces acquisitions successives ont fa\u00e7onn\u00e9 une image<br \/>\nromanesque, celle d\u2019artistes vivant entour\u00e9s de<br \/>\n<strong>maisons<\/strong>, reflet de leur go\u00fbt pour l\u2019esth\u00e9tique et<br \/>\nla fantaisie. Derri\u00e8re cette accumulation se cachait une gestion<br \/>\ncomplexe, marqu\u00e9e par des ventes, des cessions et des dettes.<\/p>\n<p>Le refuge de l\u2019\u00eele de R\u00e9<\/p>\n<p>Loin de l\u2019<strong>extravagance des 24 maisons<\/strong>, Chantal<br \/>\nGoya et Jean-Jacques Debout se sont attach\u00e9s \u00e0 une demeure bien<br \/>\nplus simple, nich\u00e9e \u00e0 l\u2019\u00eele de R\u00e9. Avec ses murs blancs et ses<br \/>\nvolets bleus, cette maison est d\u00e9crite par la chanteuse comme \u00ab un<br \/>\ncocon \u00bb o\u00f9 elle aime se retrouver. Ce lieu, empreint de charme et<br \/>\nde simplicit\u00e9, refl\u00e8te une autre facette du couple, celle d\u2019une vie<br \/>\nplus intime, loin des projecteurs et des <a href=\"https:\/\/www.pleinevie.fr\/loisirs\/celebrites\/chantal-goya-82-ans-interdite-bancaire-retour-sur-ses-problemes-financiers-quelle-attaque-des-le-reveil-121698.html\" target=\"_blank\" rel=\"noopener\">contraintes financi\u00e8res<\/a>.<\/p>\n<p>Une vie entre r\u00eave et contrainte<\/p>\n<p>Ce contraste entre le faste des propri\u00e9t\u00e9s pass\u00e9es et la<br \/>\nmodestie du refuge actuel illustre la dualit\u00e9 de leur histoire.<br \/>\nD\u2019un c\u00f4t\u00e9, l\u2019image d\u2019un <strong>couple fantasque<\/strong>, port\u00e9<br \/>\npar la passion et l\u2019extravagance. De l\u2019autre, la r\u00e9alit\u00e9 d\u2019une<br \/>\ndette colossale et d\u2019un quotidien d\u00e9sormais marqu\u00e9 par la prudence.<br \/>\nCette dualit\u00e9 r\u00e9v\u00e8le la complexit\u00e9 d\u2019une vie partag\u00e9e entre r\u00eave<br \/>\nartistique et contraintes financi\u00e8res, entre passion et<br \/>\nobligation.<\/p>\n","protected":false},"excerpt":{"rendered":"Chantal Goya et Jean-Jacques Debout ont b\u00e2ti une l\u00e9gende artistique et personnelle marqu\u00e9e par l\u2019extravagance et la fantaisie.&hellip;\n","protected":false},"author":2,"featured_media":669535,"comment_status":"","ping_status":"","sticky":false,"template":"","format":"standard","meta":{"footnotes":""},"categories":[1359],"tags":[5742,2466,13041,36107,10183,40057,43740,58,3029,59,12219,9467,75587,1011,27,11820,36108,19023,13392,3591,8661,26830,13109,4657,2537,973,468,3711],"class_list":{"0":"post-669534","1":"post","2":"type-post","3":"status-publish","4":"format-standard","5":"has-post-thumbnail","7":"category-people","8":"tag-5742","9":"tag-2466","10":"tag-a","11":"tag-chantal","12":"tag-deuros","13":"tag-debout","14":"tag-dettes","15":"tag-divertissement","16":"tag-du","17":"tag-entertainment","18":"tag-et","19":"tag-finances","20":"tag-fiscales","21":"tag-fr","22":"tag-france","23":"tag-gerer","24":"tag-goya","25":"tag-jacques","26":"tag-jean","27":"tag-leurs","28":"tag-maisons","29":"tag-mal","30":"tag-mari","31":"tag-millions","32":"tag-ont","33":"tag-people","34":"tag-pret","35":"tag-son"},"share_on_mastodon":{"url":"https:\/\/pubeurope.com\/@fr\/115909338598102245","error":""},"_links":{"self":[{"href":"https:\/\/www.europesays.com\/fr\/wp-json\/wp\/v2\/posts\/669534","targetHints":{"allow":["GET"]}}],"collection":[{"href":"https:\/\/www.europesays.com\/fr\/wp-json\/wp\/v2\/posts"}],"about":[{"href":"https:\/\/www.europesays.com\/fr\/wp-json\/wp\/v2\/types\/post"}],"author":[{"embeddable":true,"href":"https:\/\/www.europesays.com\/fr\/wp-json\/wp\/v2\/users\/2"}],"replies":[{"embeddable":true,"href":"https:\/\/www.europesays.com\/fr\/wp-json\/wp\/v2\/comments?post=669534"}],"version-history":[{"count":0,"href":"https:\/\/www.europesays.com\/fr\/wp-json\/wp\/v2\/posts\/669534\/revisions"}],"wp:featuredmedia":[{"embeddable":true,"href":"https:\/\/www.europesays.com\/fr\/wp-json\/wp\/v2\/media\/669535"}],"wp:attachment":[{"href":"https:\/\/www.europesays.com\/fr\/wp-json\/wp\/v2\/media?parent=669534"}],"wp:term":[{"taxonomy":"category","embeddable":true,"href":"https:\/\/www.europesays.com\/fr\/wp-json\/wp\/v2\/categories?post=669534"},{"taxonomy":"post_tag","embeddable":true,"href":"https:\/\/www.europesays.com\/fr\/wp-json\/wp\/v2\/tags?post=669534"}],"curies":[{"name":"wp","href":"https:\/\/api.w.org\/{rel}","templated":true}]}}