{"id":669536,"date":"2026-01-17T07:48:33","date_gmt":"2026-01-17T07:48:33","guid":{"rendered":"https:\/\/www.europesays.com\/fr\/669536\/"},"modified":"2026-01-17T07:48:33","modified_gmt":"2026-01-17T07:48:33","slug":"le-palmares-des-cliches-les-plus-spectaculaires-de-lannee","status":"publish","type":"post","link":"https:\/\/www.europesays.com\/fr\/669536\/","title":{"rendered":"le palmar\u00e8s des clich\u00e9s les plus spectaculaires de l&rsquo;ann\u00e9e"},"content":{"rendered":"<p>Le jury des <strong>World Sports Photography Awards 2026<\/strong> vient de d\u00e9voiler son palmar\u00e8s. Ce concours, qui met \u00e0 l\u2019honneur les <strong>meilleures photos de sport de l\u2019ann\u00e9e \u00e9coul\u00e9e<\/strong>, a r\u00e9compens\u00e9 un clich\u00e9 saisissant o\u00f9 <strong>l\u2019ombre<\/strong> du tennisman <strong>Carlos Alcaraz<\/strong> semble frapper la balle. Au total, pas moins de <strong>23 130 photos<\/strong> captur\u00e9es par <strong>4120 photographes<\/strong> issus de <strong>123 pays<\/strong> \u00e9taient en lice pour ce prestigieux troph\u00e9e.<\/p>\n<p>Grand gagnant : Edgar Su \u2013 Carlos\u2019 Shadow Hits A Ball<\/p>\n<p><a href=\"https:\/\/www.europesays.com\/fr\/wp-content\/uploads\/2026\/01\/edgar-su-tennis-carlos-shadow-hits-a-ball-world-sports-photography-awards-2026.jpg\"><img decoding=\"async\" width=\"1400\" height=\"933\" loading=\"lazy\" src=\"https:\/\/www.europesays.com\/fr\/wp-content\/uploads\/2026\/01\/edgar-su-tennis-carlos-shadow-hits-a-ball-world-sports-photography-awards-2026.jpg\" alt=\"World Sports Photography Awards 2026\" class=\"wp-image-258817\"  \/><\/a>\u00a9 Edgar Su \/ Reuters<\/p>\n<p>Tout en nuances de bleu, ce clich\u00e9 tr\u00e8s impressionnant immortalise le num\u00e9ro 1 mondial, <strong>Carlos Alcaraz<\/strong>, lors d\u2019un match contre Jack Draper lors de <strong>l\u2019Open d\u2019Australie 2025<\/strong>, \u00e0 Melbourne. Point notable : ce n\u2019est pas la <strong>raquette<\/strong> du joueur espagnol qui semble frapper la balle\u2026 mais bien <strong>son ombre<\/strong> ! L\u2019effet visuel est proprement <strong>saisissant<\/strong>, tant l\u2019alignement entre l\u2019ombre port\u00e9e au sol et la balle est pr\u00e9cis. Une v\u00e9ritable prouesse pour le photographe <strong>Edgar Su<\/strong>, qui remporte le prix de la <strong>cat\u00e9gorie Tennis<\/strong> ainsi que le <strong>Grand Prix<\/strong> des World Sports Photography Awards 2026.<\/p>\n<p>Les laur\u00e9ats par cat\u00e9gorie<\/p>\n<p>Du football am\u00e9ricain aux sports d\u2019hiver, du golf \u00e0 l\u2019\u00e9quitation, ce concours met en lumi\u00e8re pas moins de 24 cat\u00e9gories \u2013 couvrant un total de 50 disciplines diff\u00e9rentes. Voici les laur\u00e9ats de chacune d\u2019entre elles.<\/p>\n<p>Athl\u00e9tisme : Kenjiro Matsuo \u2013 Tokyo Rocket<\/p>\n<p><a href=\"https:\/\/www.europesays.com\/fr\/wp-content\/uploads\/2026\/01\/kenjiro-matsuo-athletics-tokyo-rocket-world-sports-photography-awards-2026.jpg\"><img decoding=\"async\" width=\"1400\" height=\"933\" loading=\"lazy\" src=\"https:\/\/www.europesays.com\/fr\/wp-content\/uploads\/2026\/01\/kenjiro-matsuo-athletics-tokyo-rocket-world-sports-photography-awards-2026.jpg\" alt=\"\" class=\"wp-image-258819\"  \/><\/a>\u00a9 Kenjiro Matsuo \/ AFLO SPORT<\/p>\n<p>Telle une fus\u00e9e, le javelot de l\u2019athl\u00e8te japonais Momone Ueda s\u2019\u00e9lance vers le ciel de Tokyo lors des Championnats du monde d\u2019athl\u00e9tisme 2025. Pour accentuer la sensation d\u2019immersion, le photographe Kenjiro Matsuo a employ\u00e9 un objectif ultra grand-angle, capturant de saisir toute l\u2019\u00e9nergie et la vivacit\u00e9 de la sc\u00e8ne.<\/p>\n<p>Arts martiaux : Tom Jenkins \u2013 Unusual Sumo Attack<\/p>\n<p><a href=\"https:\/\/www.europesays.com\/fr\/wp-content\/uploads\/2026\/01\/tom-jenkins-martial-arts-unusual-sumo-attack-world-sports-photography-awards-2026.jpg\"><img decoding=\"async\" width=\"1400\" height=\"951\" loading=\"lazy\" src=\"https:\/\/www.europesays.com\/fr\/wp-content\/uploads\/2026\/01\/tom-jenkins-martial-arts-unusual-sumo-attack-world-sports-photography-awards-2026.jpg\" alt=\"\" class=\"wp-image-258826\"  \/><\/a>\u00a9 Tom Jenkins<\/p>\n<p>Les doigts dans le nez ! Le jury a choisi de distinguer ce superbe clich\u00e9 monochrome, o\u00f9 les sumotoris Tobizaru et Takayasu s\u2019affrontent lors de la derni\u00e8re journ\u00e9e du tournoi de sumo de cinq jours au Royal Albert Hall de Londres, en octobre 2025.<\/p>\n<p>Baseball : Steph Chambers \u2013 Bubble<\/p>\n<p><a href=\"https:\/\/www.europesays.com\/fr\/wp-content\/uploads\/2026\/01\/steph-chambers-baseball-bubble-world-sports-photography-awards-2026.jpg\"><img decoding=\"async\" width=\"1400\" height=\"934\" loading=\"lazy\" src=\"https:\/\/www.europesays.com\/fr\/wp-content\/uploads\/2026\/01\/steph-chambers-baseball-bubble-world-sports-photography-awards-2026.jpg\" alt=\"\" class=\"wp-image-258827\"  \/><\/a>\u00a9 Steph Chambers<\/p>\n<p><strong>Eugenio Suarez<\/strong>, des Mariners de Seattle, forme une bulle g\u00e9ante avec son <strong>chewing-gum<\/strong> pendant l\u2019entra\u00eenement \u00e0 la batte, juste avant le cinqui\u00e8me match de la s\u00e9rie de division de la Ligue am\u00e9ricaine contre les Tigers de Detroit. Ce clich\u00e9 d\u00e9cal\u00e9, qui nous immerge dans <strong>les \u00ab\u00a0\u00e0-c\u00f4t\u00e9s\u00a0\u00bb de la comp\u00e9tition<\/strong>, permet \u00e0 la photographe <strong>Steph Chambers<\/strong> de remporter le prix de la cat\u00e9gorie Baseball.<\/p>\n<p>Basket : Bob Donnan \u2013 Breakaway For The Lead<\/p>\n<p><a href=\"https:\/\/www.europesays.com\/fr\/wp-content\/uploads\/2026\/01\/bob-donnan-basketball-breakaway-for-the-lead-world-sports-photography-awards-2026.jpg\"><img decoding=\"async\" width=\"1400\" height=\"1000\" loading=\"lazy\" src=\"https:\/\/www.europesays.com\/fr\/wp-content\/uploads\/2026\/01\/bob-donnan-basketball-breakaway-for-the-lead-world-sports-photography-awards-2026.jpg\" alt=\"\" class=\"wp-image-258812\"  \/><\/a>\u00a9 Bob Donnan \/ Imagn Images<\/p>\n<p>Quatre basketteurs en apesanteur pour un clich\u00e9 gagnant\u00a0:\u00a0<strong>Bob Donnan<\/strong>\u00a0s\u2019impose dans la cat\u00e9gorie \u00ab Basketball \u00bb gr\u00e2ce \u00e0 cette image saisissante mettant en sc\u00e8ne\u00a0<strong>Alijah Martin<\/strong>, des Gators de Floride, lors de la demi-finale du tournoi NCAA.<\/p>\n<p>Boxe : Alexis Goudeau \u2013 Uppercut<\/p>\n<p><a href=\"https:\/\/www.europesays.com\/fr\/wp-content\/uploads\/2026\/01\/alexis-goudeau-boxing-uppercut-world-sports-photography-awards-2026.jpg\"><img decoding=\"async\" width=\"1400\" height=\"933\" loading=\"lazy\" src=\"https:\/\/www.europesays.com\/fr\/wp-content\/uploads\/2026\/01\/alexis-goudeau-boxing-uppercut-world-sports-photography-awards-2026.jpg\" alt=\"\" class=\"wp-image-258806\"  \/><\/a>\u00a9 Alexis Goudeau<\/p>\n<p>Les photos de boxe sont souvent tr\u00e8s spectaculaires \u2013 et ce clich\u00e9 du photographe fran\u00e7ajs <strong>Alexis Goudeau<\/strong> n\u2019y fait pas exception. <strong>Tony Yoka<\/strong> y encaisse un puissant uppercut <strong>d\u2019Arslan Yellyav<\/strong> lors de leur combat \u00e0 Paris, en mai 2025.<\/p>\n<p>Cricket : Richard Heathcote \u2013 India vs England Layers<\/p>\n<p><a href=\"https:\/\/www.europesays.com\/fr\/wp-content\/uploads\/2026\/01\/richard-heathcote-cricket-india-vs-england-layers-world-sports-photography-awards-2026.jpg\"><img decoding=\"async\" width=\"1400\" height=\"905\" loading=\"lazy\" src=\"https:\/\/www.europesays.com\/fr\/wp-content\/uploads\/2026\/01\/richard-heathcote-cricket-india-vs-england-layers-world-sports-photography-awards-2026.jpg\" alt=\"\" class=\"wp-image-258825\"  \/><\/a>\u00a9 Richard Heathcote \/ Getty Images<\/p>\n<p><strong>Richard Heathcote<\/strong> remporte le prix de la cat\u00e9gorie d\u00e9di\u00e9e au cricket, ainsi que la <strong>m\u00e9daille de bronze<\/strong> des World Sports Photography Awards 2026. Il s\u2019illustre gr\u00e2ce \u00e0 cette <strong>vue composite<\/strong> des diff\u00e9rentes phases de jeu lors de la premi\u00e8re journ\u00e9e du troisi\u00e8me test-match Rothesay entre l\u2019Angleterre et l\u2019Inde, disput\u00e9e au Lord\u2019s Cricket Ground de Londres, en Angleterre le 10 juillet 2025.<\/p>\n<p>Cyclisme : Aritz Arambarri Goenaga \u2013 Vistas Desde El Abandono<\/p>\n<p><a href=\"https:\/\/www.europesays.com\/fr\/wp-content\/uploads\/2026\/01\/aritz-arambarri-goenaga-cycling-vistas-desde-el-abandono-world-sports-photography-awards-2026.jpg\"><img decoding=\"async\" width=\"1400\" height=\"933\" loading=\"lazy\" src=\"https:\/\/www.europesays.com\/fr\/wp-content\/uploads\/2026\/01\/aritz-arambarri-goenaga-cycling-vistas-desde-el-abandono-world-sports-photography-awards-2026.jpg\" alt=\"\" class=\"wp-image-258810\"  \/><\/a>\u00a9 Aritz Arambarri Goenaga<\/p>\n<p>Un d\u00e9fil\u00e9 de coureurs cyclistes vu \u00e0 travers les vitres partiellement bris\u00e9es d\u2019un b\u00e2timent abandonn\u00e9 pendant la <strong>Copa de Espana Torredonjimeno<\/strong>. Cette photo \u00e9tonnante, aux antipodes des photos habituelles de cyclisme, permet \u00e0 <strong>Aritz Arambarri Goenaga<\/strong> de remporter le prix de sa cat\u00e9gorie. Les \u00e9clats de verre et la v\u00e9g\u00e9tation environnante semblent dessiner une mappemonde, transportant le spectateur dans une tout autre dimension\u2026<\/p>\n<p>\u00c9quitation : Morgan Treacy \u2013 Equine Reflection<\/p>\n<p><a href=\"https:\/\/www.europesays.com\/fr\/wp-content\/uploads\/2026\/01\/morgan-treacy-equestrian-equine-reflection-world-sports-photography-awards-2026.jpg\"><img decoding=\"async\" width=\"1400\" height=\"933\" loading=\"lazy\" src=\"https:\/\/www.europesays.com\/fr\/wp-content\/uploads\/2026\/01\/morgan-treacy-equestrian-equine-reflection-world-sports-photography-awards-2026.jpg\" alt=\"\" class=\"wp-image-258823\"  \/><\/a>\u00a9 Morgan Treacy \/ INPHO<\/p>\n<p>Montures et cavaliers se refl\u00e9tant sur le sable humide de la plage de <strong>Laytown<\/strong>, o\u00f9 se d\u00e9roule la seule course hippique officielle d\u2019Irlande organis\u00e9e sur l\u2019estran. Particuli\u00e8rement graphique, cette image de <strong>Morgan Treacy<\/strong>, captur\u00e9e en septembre 2025, s\u2019affranchit des codes traditionnels de la photographie \u00e9questre.<\/p>\n<p>Football : Luis Amaral \u2013 Black &amp; White Passion<\/p>\n<p><a href=\"https:\/\/www.europesays.com\/fr\/wp-content\/uploads\/2026\/01\/luis-amaral-football-black-white-passion-world-sports-photography-awards-2026.jpg\"><img decoding=\"async\" width=\"1400\" height=\"1120\" loading=\"lazy\" src=\"https:\/\/www.europesays.com\/fr\/wp-content\/uploads\/2026\/01\/luis-amaral-football-black-white-passion-world-sports-photography-awards-2026.jpg\" alt=\"\" class=\"wp-image-258821\"  \/><\/a>\u00a9 Luis Amaral<\/p>\n<p>Un p\u00e8re et son fils partagent un moment de joie lors du match entre <strong>l\u2019Atl\u00e9tico Mineiro et <\/strong>Bahia, en novembre 2025, au Br\u00e9sil. En se focalisant sur la ferveur des tribunes plut\u00f4t que sur le match en lui-m\u00eame, <strong>Luis Amaral<\/strong> livre un clich\u00e9 \u00e0 la fois tendre et spectaculaire. Cette image interg\u00e9n\u00e9rationnelle lui permet de d\u00e9crocher le prix de la cat\u00e9gorie Football.<\/p>\n<p><a href=\"https:\/\/www.europesays.com\/fr\/wp-content\/uploads\/2026\/01\/christian-gresko-american-football-one-player-110000-screaming-fans-world-sports-photography-awards-.jpeg\"><img decoding=\"async\" width=\"1400\" height=\"934\" loading=\"lazy\" src=\"https:\/\/www.europesays.com\/fr\/wp-content\/uploads\/2026\/01\/christian-gresko-american-football-one-player-110000-screaming-fans-world-sports-photography-awards-.jpeg\" alt=\"\" class=\"wp-image-258815\"  \/><\/a>\u00a9 Christian Gresko<\/p>\n<p>Le tight end des Oregon Ducks, <strong>Roger Saleapaga<\/strong>, admire la c\u00e9l\u00e8bre formation \u00ab\u00a0White Out\u00a0\u00bb de l\u2019universit\u00e9 Penn State. Figure solitaire et immobile, le joueur semble litt\u00e9ralement submerg\u00e9 par cette spectaculaire vague blanche.<\/p>\n<p>Formule 1 : Luca Martini \u2013 Tunnel\u00a0Exit<\/p>\n<p><a href=\"https:\/\/www.europesays.com\/fr\/wp-content\/uploads\/2026\/01\/luca-martini-formula-1-tunnel-exit-world-sports-photography-awards-2026.jpg\"><img decoding=\"async\" width=\"1400\" height=\"933\" loading=\"lazy\" src=\"https:\/\/www.europesays.com\/fr\/wp-content\/uploads\/2026\/01\/luca-martini-formula-1-tunnel-exit-world-sports-photography-awards-2026.jpg\" alt=\"\" class=\"wp-image-258820\"  \/><\/a>\u00a9 Luca Martini<\/p>\n<p>\u00c0 premi\u00e8re vue, ce clich\u00e9 de <strong>Luca Martini<\/strong> aurait pu \u00eatre pris dans le cadre feutr\u00e9 d\u2019une exposition. Pourtant, la monoplace de <strong>Max Verstappen<\/strong> a bel et bien \u00e9t\u00e9 captur\u00e9e au vol lors du <strong>Grand Prix de Monaco<\/strong>, \u00e0 la sortie du tunnel, \u00e0 travers les rails de s\u00e9curit\u00e9. \u00c0 la cl\u00e9 : une perspective saisissante\u2026 et <strong>l\u2019un de nos coups de c\u0153ur<\/strong> des World Sports Photography Awards 2026.<\/p>\n<p>Golf : David Cannon \u2013 Tommy Fleetwood Emerges From A Hedge<\/p>\n<p><a href=\"https:\/\/www.europesays.com\/fr\/wp-content\/uploads\/2026\/01\/david-cannon-golf-tommy-fleetwood-emerges-from-a-hedge-world-sports-photography-awards-2026.jpg\"><img decoding=\"async\" width=\"1400\" height=\"1002\" loading=\"lazy\" src=\"https:\/\/www.europesays.com\/fr\/wp-content\/uploads\/2026\/01\/david-cannon-golf-tommy-fleetwood-emerges-from-a-hedge-world-sports-photography-awards-2026.jpg\" alt=\"\" class=\"wp-image-258816\"  \/><\/a>\u00a9\u00a0David Cannon \/ Getty Images<\/p>\n<p>Toute personne ayant d\u00e9j\u00e0 tenu un club de golf sait que la petite balle blanche semble parfois mener sa propre vie ! Et ce n\u2019est pas le Britannique\u00a0<strong>Tommy Fleetwood<\/strong>\u00a0qui dira le contraire : on l\u2019aper\u00e7oit ici \u00e9mergeant d\u2019une haie lors du\u00a0<strong>Hero Dubai Desert Classic<\/strong>, \u00e0 l\u2019<strong>Emirates Golf Club<\/strong>. Cette image permet \u00e0 son auteur,\u00a0<strong>David Cannon<\/strong>, de signer l\u2019un des clich\u00e9s les plus insolites de ce palmar\u00e8s.<\/p>\n<p>Gymnastique : Buda Mendes \u2013 Rhythmic Gymnastics World Championships, Rio de Janeiro 2025<\/p>\n<p><a href=\"https:\/\/www.europesays.com\/fr\/wp-content\/uploads\/2026\/01\/buda-mendes-gymnastics-rhythmic-gymnastics-world-championships-rio-de-janeiro-2025-world-sports-phot.jpeg\"><img decoding=\"async\" width=\"1400\" height=\"933\" loading=\"lazy\" src=\"https:\/\/www.europesays.com\/fr\/wp-content\/uploads\/2026\/01\/buda-mendes-gymnastics-rhythmic-gymnastics-world-championships-rio-de-janeiro-2025-world-sports-phot.jpeg\" alt=\"\" class=\"wp-image-258813\"  \/><\/a>\u00a9 Buda Mendes \/ Getty Images<\/p>\n<p>La gymnaste <strong>Meital Maayan Sumkin<\/strong> \u00e9volue avec un ballon, en \u00e9quilibre sur une main, lors des Championnats du monde de gymnastique rythmique 2025 \u00e0 Rio de Janeiro. La performance athl\u00e9tique et cette photo de <strong>Buda Mendes<\/strong> sont sans doute <strong>aussi impressionnantes l\u2019une que l\u2019autre<\/strong>\u2026<\/p>\n<p>Hockey sur glace : Sophia Sandurskaya \u2013 Last Line Of Defense<\/p>\n<p><a href=\"https:\/\/www.europesays.com\/fr\/wp-content\/uploads\/2026\/01\/sophia-sandurskaya-ice-hockey-last-line-of-defense-world-sports-photography-awards-2026.jpg\"><img decoding=\"async\" width=\"1400\" height=\"933\" loading=\"lazy\" src=\"https:\/\/www.europesays.com\/fr\/wp-content\/uploads\/2026\/01\/sophia-sandurskaya-ice-hockey-last-line-of-defense-world-sports-photography-awards-2026.jpg\" alt=\"\" class=\"wp-image-258828\"  \/><\/a>\u00a9 Sophia Sandurskaya<\/p>\n<p><strong>Change de perspective<\/strong> : voil\u00e0 l\u2019un des d\u00e9fis que s\u2019est lanc\u00e9e la photographe <strong>Sophia Sandurskaya<\/strong>. Elle remporte le prix de la cat\u00e9gorie r\u00e9serv\u00e9e Hockey sur glace avec cette tr\u00e8s belle vue z\u00e9nithale du stade Megasport de <strong>Moscou<\/strong>, captur\u00e9e lors du match entre le Spartak Moscou et les Dragons de Shanghai, en octobre 2025.<\/p>\n<p>Nage et plong\u00e9e : Carel du Plessis \u2013 Catching A Breath<\/p>\n<p><a href=\"https:\/\/www.europesays.com\/fr\/wp-content\/uploads\/2026\/01\/carel-du-plessis-swimming-diving-catching-a-breath-world-sports-photography-awards-2026.jpg\"><img decoding=\"async\" width=\"1400\" height=\"933\" loading=\"lazy\" src=\"https:\/\/www.europesays.com\/fr\/wp-content\/uploads\/2026\/01\/carel-du-plessis-swimming-diving-catching-a-breath-world-sports-photography-awards-2026.jpg\" alt=\"\" class=\"wp-image-258814\"  \/><\/a>\u00a9 Carel du Plessis<\/p>\n<p><strong>Captur\u00e9e au ras de l\u2019eau<\/strong>, cette photo prise au grand-angle immortalise le moment pr\u00e9cis o\u00f9 un nageur \u00e9merge pour prendre sa respiration. Toute la tension de l\u2019effort est exprim\u00e9e par le visage et le bras \u00e0 demi-fl\u00e9chi de l\u2019athl\u00e8te, tandis que le d\u00e9cor \u00e0 l\u2019arri\u00e8re-plan inspire plus de s\u00e9r\u00e9nit\u00e9. Carel du Plessis remporte ainsi le prix de la cat\u00e9gorie Nage et plong\u00e9e.<\/p>\n<p>Photographie urbaine et de sports extr\u00eames : Martin Bissig \u2013 Kickflippin\u2019 India<\/p>\n<p><a href=\"https:\/\/www.europesays.com\/fr\/wp-content\/uploads\/2026\/01\/martin-bissig-urban-extreme-kickflippin-india-world-sports-photography-awards-2026.jpg\"><img decoding=\"async\" width=\"1400\" height=\"934\" loading=\"lazy\" src=\"https:\/\/www.europesays.com\/fr\/wp-content\/uploads\/2026\/01\/martin-bissig-urban-extreme-kickflippin-india-world-sports-photography-awards-2026.jpg\" alt=\"\" class=\"wp-image-258822\"  \/><\/a>\u00a9 Martin Bissig<\/p>\n<p><strong>Martin Bissig<\/strong>, photographe renomm\u00e9 pour ses images de VTT, signe ce tr\u00e8s beau clich\u00e9 d\u2019un stateur ex\u00e9cutant une figure sur les marches d\u2019un ancien puits \u00e0 Jaipur, en Inde. \u00ab\u00a0Le plus difficile n\u2019\u00e9tait pas la figure, mais l\u2019acc\u00e8s. Il a fallu quatre mois de pr\u00e9paration et d\u2019autorisations pour pouvoir acc\u00e9der \u00e0 ce site arch\u00e9ologique\u00a0\u00bb, a confi\u00e9 le photographe dans une r\u00e9cente interview.<\/p>\n<p>Voir aussi<\/p>\n<p><a href=\"https:\/\/phototrend.fr\/2025\/07\/concours-photo-la-plus-belle-vue-de-paris\/\" class=\"mask-img\" title=\"Concours Photo La Plus Belle Vue De Paris V2\" target=\"_blank\" rel=\"noopener\"><img decoding=\"async\" width=\"100\" height=\"100\" src=\"https:\/\/www.europesays.com\/fr\/wp-content\/uploads\/2026\/01\/concours-photo-la-plus-belle-vue-de-paris-v2-100x100.jpg\" class=\"attachment-thumbnail size-thumbnail zeen-lazy-load-base zeen-lazy-load  wp-post-image\" alt=\"\"   loading=\"lazy\"\/><\/a><\/p>\n<p>Rugby : Andrew Dowling \u2013 New Zealand Haka<\/p>\n<p><a href=\"https:\/\/www.europesays.com\/fr\/wp-content\/uploads\/2026\/01\/andrew-dowling-rugby-new-zealand-haka-world-sports-photography-awards-2026.jpeg\"><img decoding=\"async\" width=\"1400\" height=\"674\" loading=\"lazy\" src=\"https:\/\/www.europesays.com\/fr\/wp-content\/uploads\/2026\/01\/andrew-dowling-rugby-new-zealand-haka-world-sports-photography-awards-2026.jpeg\" alt=\"\" class=\"wp-image-258807\"  \/><\/a>\u00a9 Andrew Dowling<\/p>\n<p>Les Haka des rugbymen n\u00e9o-z\u00e9landais sont toujours spectaculaires. Et nombreux sont les photos \u00e0 tenter de capturer l\u2019expression f\u00e9roce des joueurs. Le photographe <strong>Andrew Dowling<\/strong> a pris le parti inverse, en capturant une vue d\u2019ensemble o\u00f9 un rayon lumineux semble baigner les protagonistes dans une lumi\u00e8re c\u00e9leste.<\/p>\n<p>Sites de comp\u00e9tition : Andrew Hancock \u2013 Championship View<\/p>\n<p><a href=\"https:\/\/www.europesays.com\/fr\/wp-content\/uploads\/2026\/01\/andrew-hancock-venues-views-championship-view-world-sports-photography-awards-2026.jpg\"><img decoding=\"async\" width=\"1400\" height=\"933\" loading=\"lazy\" src=\"https:\/\/www.europesays.com\/fr\/wp-content\/uploads\/2026\/01\/andrew-hancock-venues-views-championship-view-world-sports-photography-awards-2026.jpg\" alt=\"\" class=\"wp-image-258808\"  \/><\/a>\u00a9 Andrew Hancock<\/p>\n<p>Une pluie de confettis tombe du panneau vid\u00e9o circulaire plac\u00e9 au sommet du Mercedes-Benz Stadium, tandis que les <strong>Buckeyes de l\u2019Ohio State<\/strong> se pr\u00e9cipitent sur le terrain pour c\u00e9l\u00e9brer leur victoire au championnat national universitaire de football am\u00e9ricain 2025. Captur\u00e9e \u00e0 l\u2019aide d\u2019un drone, cette vue z\u00e9nithale <strong>d\u2019Andrew Hancock<\/strong> transforme cet instant sportif en photographie abstraite.<\/p>\n<p>Sports de raquette : Abelardo Mendes Jr \u2013 Kim Nayeong, WTT Foz do Igua\u00e7u<\/p>\n<p><a href=\"https:\/\/www.europesays.com\/fr\/wp-content\/uploads\/2026\/01\/abelardo-mendes-jr-racquet-sports-kim-nayeong-wtt-foz-do-iguacu-world-sports-photography-awards-2026.jpeg\"><img decoding=\"async\" width=\"1400\" height=\"934\" loading=\"lazy\" src=\"https:\/\/www.europesays.com\/fr\/wp-content\/uploads\/2026\/01\/abelardo-mendes-jr-racquet-sports-kim-nayeong-wtt-foz-do-iguacu-world-sports-photography-awards-2026.jpeg\" alt=\"\" class=\"wp-image-258805\"  \/><\/a>\u00a9 Abelardo Mendes Jr \/ CalderanoTM <\/p>\n<p>La pongiste sud-cor\u00e9enne <strong>Kim Nayeong<\/strong>, affiche une concentration totale, les yeux riv\u00e9s sur la balle, lors d\u2019un service au tournoi <strong>WTT Star Contender Foz do Iguacu<\/strong>. Un clich\u00e9 intimiste qui a permis \u00e0 <strong>Abelardo Mendes Jr<\/strong> de remporter le prix de la cat\u00e9gorie d\u00e9di\u00e9e aux sports de raquette.<\/p>\n<p>Sports d\u2019hiver : Germain Favre-Felix \u2013 North<\/p>\n<p><a href=\"https:\/\/www.europesays.com\/fr\/wp-content\/uploads\/2026\/01\/germain-favre-felix-winter-sports-north-world-sports-photography-awards-2026.jpg\"><img decoding=\"async\" width=\"1400\" height=\"787\" loading=\"lazy\" src=\"https:\/\/www.europesays.com\/fr\/wp-content\/uploads\/2026\/01\/germain-favre-felix-winter-sports-north-world-sports-photography-awards-2026.jpg\" alt=\"\" class=\"wp-image-258818\"  \/><\/a>\u00a9 Germain Favre-Felix<\/p>\n<p>Le skieur Richard Permin surfe sur la vague de neige, laissant une trace \u00e9ph\u00e9m\u00e8re au c\u0153ur d\u2019un paysage grandiose. Particuli\u00e8rement esth\u00e9tique, ce clich\u00e9 du Fran\u00e7ais <strong>Germain Favre-Felix<\/strong> nous impressionne par sa ma\u00eetrise de la composition, isolant l\u2019athl\u00e8te dans un cadre d\u2019une s\u00e9r\u00e9nit\u00e9 absolue.<\/p>\n<p>Sports m\u00e9caniques : Mwangi Kirubi \u2013 Emerging Ford<\/p>\n<p><a href=\"https:\/\/www.europesays.com\/fr\/wp-content\/uploads\/2026\/01\/mwangi-kirubi-motor-sports-emerging-ford-world-sports-photography-awards-2026.jpg\"><img decoding=\"async\" width=\"1400\" height=\"934\" loading=\"lazy\" src=\"https:\/\/www.europesays.com\/fr\/wp-content\/uploads\/2026\/01\/mwangi-kirubi-motor-sports-emerging-ford-world-sports-photography-awards-2026.jpg\" alt=\"\" class=\"wp-image-258824\"  \/><\/a>\u00a9 Mwangi Kirubi<\/p>\n<p>Ce tr\u00e8s beau clich\u00e9 du photographe k\u00e9nyan <strong>Mwangi Kirubi<\/strong> remporte le prix de la cat\u00e9gorie Sports m\u00e9caniques. \u00c9mergeant d\u2019un nuage de sable fig\u00e9 pour l\u2019\u00e9ternit\u00e9, la <strong>Ford Puma Rally1<\/strong> des Belges <strong>Gr\u00e9goire Munster et Louis Louka<\/strong> a \u00e9t\u00e9 saisie lors du shakedown du Rallye du Kenya, en mars 2025.<\/p>\n<p>Sports nautiques : Beatrice Ryder da Costa \u2013 <strong>The Underworld<\/strong><\/p>\n<p><a href=\"https:\/\/www.europesays.com\/fr\/wp-content\/uploads\/2026\/01\/beatriz-ryder-da-costa-aquatic-the-underworld-world-sports-photography-awards-2026.jpg\"><img decoding=\"async\" width=\"1400\" height=\"933\" loading=\"lazy\" src=\"https:\/\/www.europesays.com\/fr\/wp-content\/uploads\/2026\/01\/beatriz-ryder-da-costa-aquatic-the-underworld-world-sports-photography-awards-2026.jpg\" alt=\"\" class=\"wp-image-258811\"  \/><\/a>\u00a9 Beatrice Ryder da Costa<\/p>\n<p>Une surfeuse \u00e9merge d\u2019un tube aux <strong>\u00celes Salomon<\/strong>. La force des vagues, illustr\u00e9e par la partie droite du clich\u00e9, contraste avec l\u2019attitude sereine de la sportive, dont le bras et la planche sont en parfait alignement. <strong>Beatrice Ryder da Costa<\/strong> remporte le prix de la cat\u00e9gorie \u00ab\u00a0Aquatic\u00a0\u00bb ainsi que la <strong>m\u00e9daille d\u2019argent<\/strong> des World Sports Photography Awards 2026.<\/p>\n<p>Autres sports : Anna Zinovieva \u2013 Bout<\/p>\n<p><a href=\"https:\/\/www.europesays.com\/fr\/wp-content\/uploads\/2026\/01\/anna-zinovieva-other-bout-world-sports-photography-awards-2026.jpg\"><img decoding=\"async\" width=\"1400\" height=\"964\" loading=\"lazy\" src=\"https:\/\/www.europesays.com\/fr\/wp-content\/uploads\/2026\/01\/anna-zinovieva-other-bout-world-sports-photography-awards-2026.jpg\" alt=\"\" class=\"wp-image-258809\"  \/><\/a> \u00a9 Anna Zinovieva<\/p>\n<p>La Russie est \u00e0 nouveau \u00e0 l\u2019honneur avec ce clich\u00e9 onirique de la photographe <strong>Anna Zinovieva<\/strong>, captur\u00e9e lors d\u2019un match d\u2019escrime lors du tournoi <strong>Moscow Sabre 2025<\/strong>. Une part de myst\u00e8re entoure cette \u0153uvre, puisque nous ignorons quel artifice optique a permis \u00e0 la photographe d\u2019obtenir ce tr\u00e8s bel effet visuel\u2026<\/p>\n<p>Une remarquable diversit\u00e9 de sports et de styles photographiques<\/p>\n<p>Cette \u00e9dition 2026 des <strong>World Sports Photography Awards<\/strong> offre une tr\u00e8s belle r\u00e9trospective des grands moments sportifs de l\u2019ann\u00e9e \u00e9coul\u00e9e. Elle met surtout en lumi\u00e8re le <strong>talent<\/strong> des photographes de sport, qui offrent de <strong>nouveaux points de vue<\/strong> sur leur disciplines de pr\u00e9dilection, <strong>loin des clich\u00e9s traditionnels<\/strong>. On notera enfin que cette \u00e9dition \u00e9tait, pour la premi\u00e8re fois, parrain\u00e9e <strong>par Canon Europe<\/strong>.<\/p>\n<p>Toutes les photographies r\u00e9compens\u00e9es par les\u00a0<strong>World Sports Photography Awards<\/strong> ainsi que les finalistes sont \u00e0 d\u00e9couvrir sur\u00a0<a href=\"https:\/\/www.worldsportsphotographyawards.com\" target=\"_blank\" rel=\"noopener\">le site Internet<\/a>\u00a0du concours.<\/p>\n","protected":false},"excerpt":{"rendered":"Le jury des World Sports Photography Awards 2026 vient de d\u00e9voiler son palmar\u00e8s. Ce concours, qui met \u00e0&hellip;\n","protected":false},"author":2,"featured_media":669537,"comment_status":"","ping_status":"","sticky":false,"template":"","format":"standard","meta":{"footnotes":""},"categories":[1358],"tags":[47,1348,1384,1385,903,1386,58,76924,59,1011,27,76925,76926],"class_list":{"0":"post-669536","1":"post","2":"type-post","3":"status-publish","4":"format-standard","5":"has-post-thumbnail","7":"category-arts-et-design","8":"tag-actualite","9":"tag-arts","10":"tag-arts-and-design","11":"tag-arts-et-design","12":"tag-concours","13":"tag-design","14":"tag-divertissement","15":"tag-edgar-su","16":"tag-entertainment","17":"tag-fr","18":"tag-france","19":"tag-photographie-sportive","20":"tag-world-sports-photography-awards"},"share_on_mastodon":{"url":"https:\/\/pubeurope.com\/@fr\/115909343413323517","error":""},"_links":{"self":[{"href":"https:\/\/www.europesays.com\/fr\/wp-json\/wp\/v2\/posts\/669536","targetHints":{"allow":["GET"]}}],"collection":[{"href":"https:\/\/www.europesays.com\/fr\/wp-json\/wp\/v2\/posts"}],"about":[{"href":"https:\/\/www.europesays.com\/fr\/wp-json\/wp\/v2\/types\/post"}],"author":[{"embeddable":true,"href":"https:\/\/www.europesays.com\/fr\/wp-json\/wp\/v2\/users\/2"}],"replies":[{"embeddable":true,"href":"https:\/\/www.europesays.com\/fr\/wp-json\/wp\/v2\/comments?post=669536"}],"version-history":[{"count":0,"href":"https:\/\/www.europesays.com\/fr\/wp-json\/wp\/v2\/posts\/669536\/revisions"}],"wp:featuredmedia":[{"embeddable":true,"href":"https:\/\/www.europesays.com\/fr\/wp-json\/wp\/v2\/media\/669537"}],"wp:attachment":[{"href":"https:\/\/www.europesays.com\/fr\/wp-json\/wp\/v2\/media?parent=669536"}],"wp:term":[{"taxonomy":"category","embeddable":true,"href":"https:\/\/www.europesays.com\/fr\/wp-json\/wp\/v2\/categories?post=669536"},{"taxonomy":"post_tag","embeddable":true,"href":"https:\/\/www.europesays.com\/fr\/wp-json\/wp\/v2\/tags?post=669536"}],"curies":[{"name":"wp","href":"https:\/\/api.w.org\/{rel}","templated":true}]}}