{"id":669538,"date":"2026-01-17T07:50:13","date_gmt":"2026-01-17T07:50:13","guid":{"rendered":"https:\/\/www.europesays.com\/fr\/669538\/"},"modified":"2026-01-17T07:50:13","modified_gmt":"2026-01-17T07:50:13","slug":"star-academy-les-demi-finalistes-donnent-deja-rendez-vous-a-leurs-fans","status":"publish","type":"post","link":"https:\/\/www.europesays.com\/fr\/669538\/","title":{"rendered":"Star Academy : Les demi-finalistes donnent d\u00e9j\u00e0 rendez-vous \u00e0 leurs fans"},"content":{"rendered":"<p>Grande nouvelle pour les fans de la Star Academy ! Lundi 19 janvier, les demi-finalistes de la promotion 2025 iront \u00e0 la rencontre de leurs fans lors d&rsquo;un \u00e9v\u00e9nement organis\u00e9 en plein c\u0153ur de Paris. <\/p>\n<p>La comp\u00e9tition approche de sa fin pour les \u00e9l\u00e8ves de la <a href=\"https:\/\/www.programme-tv.net\/news\/tv\/388521-star-academy-2025-date-de-diffusion-professeurs-casting-toutes-les-infos-sur-la-nouvelle-saison\/\" data-api-deeplink=\"teleloisirs:\/\/news\/388521\" target=\"_blank\" rel=\"noopener\">Star Academy 2025<\/a>. Ce samedi 17 janvier, TF1 diffusera le dernier prime avant les demi-finales. Une \u00e9tape cruciale \u00e0 laquelle <a href=\"https:\/\/www.programme-tv.net\/news\/tv\/395565-star-academy-qui-est-l-eleve-immunise-pour-le-prime-du-samedi-17-janvier-et-qui-accede-a-la-demi-finale\/\" data-api-deeplink=\"teleloisirs:\/\/news\/395565\" target=\"_blank\" rel=\"noopener\">seule L\u00e9a est d\u00e9j\u00e0 assur\u00e9e de participer<\/a> gr\u00e2ce \u00e0 l&rsquo;immunit\u00e9 qu&rsquo;elle a remport\u00e9e la semaine derni\u00e8re. Ambre, Sarah, Victor et Bastiaan devront quant \u00e0 eux convaincre le public de voter pour eux. <a href=\"https:\/\/www.programme-tv.net\/news\/tv\/395943-star-academy-decouvrez-le-classement-complet-de-la-semaine-a-quelques-jours-de-la-demi-finale\/\" data-api-deeplink=\"teleloisirs:\/\/news\/395943\" target=\"_blank\" rel=\"noopener\">Arriv\u00e9e en t\u00eate du classement cette semaine<\/a>, Sarah aura le privil\u00e8ge de <a href=\"https:\/\/www.programme-tv.net\/news\/tv\/395857-star-academy-qui-a-pris-la-premiere-place-du-classement-et-obtenu-un-avantage-decisif-pour-la-demi-finale\/\" data-api-deeplink=\"teleloisirs:\/\/news\/395857\" target=\"_blank\" rel=\"noopener\">choisir qui elle affrontera en demi-finale<\/a> si elle est sauv\u00e9e par les t\u00e9l\u00e9spectateurs. En cas d&rsquo;\u00e9limination, cet avantage reviendra \u00e0 Ambre, class\u00e9e deuxi\u00e8me.<\/p>\n<p>Avant ce prime d\u00e9cisif, les acad\u00e9miciens ont pu profiter d&rsquo;une sortie pour assister \u00e0 l&rsquo;avant-premi\u00e8re de la quatri\u00e8me saison de la s\u00e9rie Bridgerton, dont la premi\u00e8re partie sera disponible sur Netflix d\u00e8s le 29 janvier. Au cours de cette soir\u00e9e, les \u00e9l\u00e8ves ont pu rencontrer les acteurs <a href=\"https:\/\/www.programme-tv.net\/biographie\/376892-thompson-luke\/\" data-link-people=\"f8c14d04-53c4-44e3-b89f-78d02afba6b2\" target=\"_blank\" rel=\"noopener\">Luke Thompson<\/a> et Yerin Ha, avant de les recevoir au ch\u00e2teau de Dammarie-les-Lys le lendemain. Luke Thompson, qui a grandi en Seine-et-Marne et parle fran\u00e7ais, a d&rsquo;ailleurs r\u00e9v\u00e9l\u00e9 qu&rsquo;il connaissait tr\u00e8s bien le programme. \u00ab\u00a0Je regardais quand j&rsquo;avais 12, 13 ans&#8230; Juste voir le ch\u00e2teau, et venir aussi c&rsquo;est tr\u00e8s bizarre, jamais je n&rsquo;aurais pens\u00e9 \u00eatre digne d&rsquo;une visite \u00e0 la Star Academy, c&rsquo;est vraiment dingue\u00a0\u00bb, a-t-il confi\u00e9. Sa partenaire \u00e0 l&rsquo;\u00e9cran a elle aussi beaucoup appr\u00e9ci\u00e9 cette visite. \u00ab\u00a0C&rsquo;\u00e9tait tellement amusant. J&rsquo;avais l&rsquo;impression d&rsquo;\u00eatre dans Big Brother\u00a0(l&rsquo;\u00e9quivalent de Loft Story, ndlr)\u00a0qui rencontre un camp d&rsquo;entra\u00eenement pour artistes. C&rsquo;\u00e9tait vraiment top\u00a0\u00bb, a-t-elle d\u00e9clar\u00e9 \u00e0 <a href=\"https:\/\/www.programme-tv.net\/news\/tv\/395947-star-academy-tellement-amusant-la-star-de-bridgerton-yerin-ha-reagit-a-son-passage-au-chateau\/\" data-api-deeplink=\"teleloisirs:\/\/news\/395947\" target=\"_blank\" rel=\"noopener\">T\u00e9l\u00e9-Loisirs<\/a>.<\/p>\n<p>                        Star Academy : les demi-finalistes vont partir \u00e0 la rencontre du public<\/p>\n<p>Apr\u00e8s le prochain prime diffus\u00e9 ce samedi 17 janvier, les quatre \u00e9l\u00e8ves qualifi\u00e9s pour les demi-finales feront une autre sortie. Mais cette fois-ci, aupr\u00e8s de leur public. Comme annonc\u00e9 sur le compte X officiel de la Star Academy, les \u00e9l\u00e8ves donneront une s\u00e9ance de d\u00e9dicaces ce lundi 19 janvier, sur la c\u00e9l\u00e8bre avenue des Champs-\u00c9lys\u00e9es.<\/p>\n<p>\u00ab\u00a0Venez nombreux pour voir et soutenir les 4 demi-finalistes ! Ce lundi 19 janvier \u00e0 17h au 75 avenue des Champs-Elys\u00e9es 75008 Paris. Les premiers arriv\u00e9s auront la chance d&rsquo;acc\u00e9der \u00e0 une s\u00e9ance de d\u00e9dicace privil\u00e9gi\u00e9e\u00a0\u00bb, peut-on lire. Nul doute que les fans de l&rsquo;\u00e9mission seront nombreux \u00e0 faire le d\u00e9placement pour rencontrer les demi-finalistes de cette saison.<\/p>\n<blockquote class=\"twitter-tweet\">\n<p lang=\"fr\" dir=\"ltr\">Ils vous donnent rendez-vous \ud83e\udef6<br \/>(Vous aurez tous la chance de les apercevoir) \ud83e\udd29 <a href=\"https:\/\/twitter.com\/hashtag\/StarAcademy?src=hash&amp;ref_src=twsrc%5Etfw\" target=\"_blank\" rel=\"noopener\">#StarAcademy<\/a> <a href=\"https:\/\/t.co\/9vCpQ8gwSx\">pic.twitter.com\/9vCpQ8gwSx<\/a><\/p>\n<p>\u2014 Star Academy (@StarAcademyTF1) <a href=\"https:\/\/twitter.com\/StarAcademyTF1\/status\/2012227267208880587?ref_src=twsrc%5Etfw\" target=\"_blank\" rel=\"noopener\">January 16, 2026<\/a><\/p><\/blockquote>\n<p>        <script async src=\"https:\/\/platform.twitter.com\/widgets.js\" charset=\"utf-8\"><\/script><\/p>\n","protected":false},"excerpt":{"rendered":"Grande nouvelle pour les fans de la Star Academy ! Lundi 19 janvier, les demi-finalistes de la promotion&hellip;\n","protected":false},"author":2,"featured_media":669539,"comment_status":"","ping_status":"","sticky":false,"template":"","format":"standard","meta":{"footnotes":""},"categories":[1356],"tags":[66799,65788,244,58,76292,59,1011,27,66789,66800,5095,252,199,1364,76927],"class_list":{"0":"post-669538","1":"post","2":"type-post","3":"status-publish","4":"format-standard","5":"has-post-thumbnail","7":"category-television","8":"tag-ambre-star-academy-2025","9":"tag-bastiaan-star-academy-2025","10":"tag-commentaire","11":"tag-divertissement","12":"tag-du00e9bat","13":"tag-entertainment","14":"tag-fr","15":"tag-france","16":"tag-lu00e9a-star-academy-2025","17":"tag-sarah-star-academy-2025","18":"tag-star-academy","19":"tag-television","20":"tag-tf1","21":"tag-tv","22":"tag-victor-star-academy-2025"},"share_on_mastodon":{"url":"https:\/\/pubeurope.com\/@fr\/115909350131660249","error":""},"_links":{"self":[{"href":"https:\/\/www.europesays.com\/fr\/wp-json\/wp\/v2\/posts\/669538","targetHints":{"allow":["GET"]}}],"collection":[{"href":"https:\/\/www.europesays.com\/fr\/wp-json\/wp\/v2\/posts"}],"about":[{"href":"https:\/\/www.europesays.com\/fr\/wp-json\/wp\/v2\/types\/post"}],"author":[{"embeddable":true,"href":"https:\/\/www.europesays.com\/fr\/wp-json\/wp\/v2\/users\/2"}],"replies":[{"embeddable":true,"href":"https:\/\/www.europesays.com\/fr\/wp-json\/wp\/v2\/comments?post=669538"}],"version-history":[{"count":0,"href":"https:\/\/www.europesays.com\/fr\/wp-json\/wp\/v2\/posts\/669538\/revisions"}],"wp:featuredmedia":[{"embeddable":true,"href":"https:\/\/www.europesays.com\/fr\/wp-json\/wp\/v2\/media\/669539"}],"wp:attachment":[{"href":"https:\/\/www.europesays.com\/fr\/wp-json\/wp\/v2\/media?parent=669538"}],"wp:term":[{"taxonomy":"category","embeddable":true,"href":"https:\/\/www.europesays.com\/fr\/wp-json\/wp\/v2\/categories?post=669538"},{"taxonomy":"post_tag","embeddable":true,"href":"https:\/\/www.europesays.com\/fr\/wp-json\/wp\/v2\/tags?post=669538"}],"curies":[{"name":"wp","href":"https:\/\/api.w.org\/{rel}","templated":true}]}}