{"id":669584,"date":"2026-01-17T08:15:12","date_gmt":"2026-01-17T08:15:12","guid":{"rendered":"https:\/\/www.europesays.com\/fr\/669584\/"},"modified":"2026-01-17T08:15:12","modified_gmt":"2026-01-17T08:15:12","slug":"courrier-des-lecteurs-le-petit-jesus-oublie-tram-ouest-incivilites-des-mineurs-a-strasbourg-cest-vous-qui-le-dites","status":"publish","type":"post","link":"https:\/\/www.europesays.com\/fr\/669584\/","title":{"rendered":"Courrier des lecteurs. Le petit J\u00e9sus oubli\u00e9, tram ouest, incivilit\u00e9s des mineurs \u00e0 Strasbourg&#8230; c&rsquo;est vous qui le dites"},"content":{"rendered":"<p>\u00ab\u00a0Suite \u00e0 votre article sur <a href=\"https:\/\/www.dna.fr\/faits-divers-justice\/2026\/01\/13\/la-ville-instaure-le-rappel-a-l-ordre-pour-prevenir-les-incivilites-des-plus-jeunes\" target=\"_blank\" rel=\"noopener\">les incivilit\u00e9s des mineurs<\/a>, j\u2019ai envie de vous dire Madame la maire\u00a0: \u201cIl est temps\u201d mais aussi\u00a0: \u201cil est trop tard\u00a0!\u201d Il ne fallait pas attendre la p\u00e9riode \u00e9lectorale pour r\u00e9agir, vous aviez 6 ans pour le faire.\u00a0\u00bb<\/p>\n<p> \u00ab\u00a0En 1956 le tramway \u00e9tait omnipr\u00e9sent dans et autour de Strasbourg. Au nom de la modernit\u00e9 on a, petit \u00e0 petit, supprim\u00e9 des lignes pour \u201cmoderniser\u201d le transport public. Les travaux de d\u00e9molition du r\u00e9seau ont sem\u00e9 la m\u00eame pagaille qu\u2019aujourd\u2019hui sa reconstruction. Certains viennent vanter les m\u00e9rites de <a href=\"https:\/\/www.dna.fr\/videos\/strasbourg-le-tram-f-a-enfin-circule-sur-la-nouvelle-portion-ouest-du-reseau-30z050r\" target=\"_blank\" rel=\"noopener\">la ligne qui relie Strasbourg \u00e0 Wolfisheim<\/a> avec la formule \u201cBienvenue \u00e0 l\u2019ouest\u201d, une \u00e9vocation de la conqu\u00eate de l\u2019Am\u00e9rique (\u00e0 bicyclette bien entendu). Quand je compare avec la ville de B\u00e2le qui a, petit \u00e0 petit, modernis\u00e9 son r\u00e9seau, on peut s\u2019interroger sur le bien-fond\u00e9 de la politique strasbourgeoise de transport.\u00a0\u00bb<\/p>\n<p> \u00ab\u00a0Spectacle aussi triste qu\u2019affligeant observ\u00e9 en faisant une visite \u00e0 un couple locataire dans une r\u00e9sidence pour personnes \u00e2g\u00e9es de l\u2019Eurom\u00e9tropole\u00a0: une mini-cr\u00e8che tr\u00e8s \u00e0 l\u2019\u00e9cart du grand sapin qui habille l\u2019espace d\u2019accueil, \u00ab\u00a0pour ne pas choquer\u00a0\u00bb au nom d\u2019une la\u00efcit\u00e9 exacerb\u00e9e, et surtout r\u00e9duite \u00e0 sa plus simple expression\u00a0: il y a bien Marie et Joseph, dispers\u00e9s, le b\u0153uf et l\u2019\u00e2ne au centre, mais pas le petit J\u00e9sus \u201coubli\u00e9\u201d\u00a0!. Surr\u00e9aliste\u00a0!\u00a0\u00bb<\/p>\n","protected":false},"excerpt":{"rendered":"\u00ab\u00a0Suite \u00e0 votre article sur les incivilit\u00e9s des mineurs, j\u2019ai envie de vous dire Madame la maire\u00a0: \u201cIl&hellip;\n","protected":false},"author":2,"featured_media":669585,"comment_status":"","ping_status":"","sticky":false,"template":"","format":"standard","meta":{"footnotes":""},"categories":[2820],"tags":[1111,11,2880,1777,674,1011,27,775,12,5889,25,104,640,2879,2205,2803],"class_list":{"0":"post-669584","1":"post","2":"type-post","3":"status-publish","4":"format-standard","5":"has-post-thumbnail","7":"category-strasbourg","8":"tag-actu","9":"tag-actualites","10":"tag-edition-strasbourg","11":"tag-eu","12":"tag-europe","13":"tag-fr","14":"tag-france","15":"tag-grand-est","16":"tag-news","17":"tag-religion-croyance","18":"tag-republique-francaise","19":"tag-societe","20":"tag-strasbourg","21":"tag-strasbourg-ville","22":"tag-television-medias","23":"tag-transport"},"share_on_mastodon":{"url":"https:\/\/pubeurope.com\/@fr\/115909448795579182","error":""},"_links":{"self":[{"href":"https:\/\/www.europesays.com\/fr\/wp-json\/wp\/v2\/posts\/669584","targetHints":{"allow":["GET"]}}],"collection":[{"href":"https:\/\/www.europesays.com\/fr\/wp-json\/wp\/v2\/posts"}],"about":[{"href":"https:\/\/www.europesays.com\/fr\/wp-json\/wp\/v2\/types\/post"}],"author":[{"embeddable":true,"href":"https:\/\/www.europesays.com\/fr\/wp-json\/wp\/v2\/users\/2"}],"replies":[{"embeddable":true,"href":"https:\/\/www.europesays.com\/fr\/wp-json\/wp\/v2\/comments?post=669584"}],"version-history":[{"count":0,"href":"https:\/\/www.europesays.com\/fr\/wp-json\/wp\/v2\/posts\/669584\/revisions"}],"wp:featuredmedia":[{"embeddable":true,"href":"https:\/\/www.europesays.com\/fr\/wp-json\/wp\/v2\/media\/669585"}],"wp:attachment":[{"href":"https:\/\/www.europesays.com\/fr\/wp-json\/wp\/v2\/media?parent=669584"}],"wp:term":[{"taxonomy":"category","embeddable":true,"href":"https:\/\/www.europesays.com\/fr\/wp-json\/wp\/v2\/categories?post=669584"},{"taxonomy":"post_tag","embeddable":true,"href":"https:\/\/www.europesays.com\/fr\/wp-json\/wp\/v2\/tags?post=669584"}],"curies":[{"name":"wp","href":"https:\/\/api.w.org\/{rel}","templated":true}]}}