{"id":669608,"date":"2026-01-17T08:29:13","date_gmt":"2026-01-17T08:29:13","guid":{"rendered":"https:\/\/www.europesays.com\/fr\/669608\/"},"modified":"2026-01-17T08:29:13","modified_gmt":"2026-01-17T08:29:13","slug":"drame-sur-la46-au-sud-de-lyon-une-personne-tuee-dans-une-collision-entre-un-poids-lourd-et-une-camionnette","status":"publish","type":"post","link":"https:\/\/www.europesays.com\/fr\/669608\/","title":{"rendered":"Drame sur l\u2019A46 au sud de Lyon\u00a0:\u00a0une personne tu\u00e9e dans une collision entre un poids lourd et une camionnette"},"content":{"rendered":"<p itemprop=\"description\"><strong>L\u2019autoroute a \u00e9t\u00e9 coup\u00e9e pendant trois heures.<\/strong><\/p>\n<p>Un nouveau drame de la route s\u2019est produit ce vendredi 16 janvier sur l\u2019A46, entre l\u2019\u00e9changeur de Communay et la bifurcation de Ternay, dans le sens Marseille\u2013Saint-\u00c9tienne. Il \u00e9tait presque midi \u00a0lorsqu\u2019un poids lourd, arr\u00eat\u00e9 sur la voie de droite, a \u00e9t\u00e9 percut\u00e9 \u00e0 l\u2019arri\u00e8re par une camionnette, \u00e0 hauteur de la station-service du secteur.<\/p>\n<p>Sous la violence du choc, un homme de 38 ans est d\u00e9c\u00e9d\u00e9 sur place. D\u2019importants moyens de secours ont \u00e9t\u00e9 engag\u00e9s, dont un h\u00e9licopt\u00e8re, pour intervenir sur cette collision particuli\u00e8rement grave.<\/p>\n<p>La circulation \u00e9tait d\u00e9j\u00e0 tr\u00e8s perturb\u00e9e dans ce secteur de l\u2019autoroute en raison d\u2019un premier accident survenu plus t\u00f4t dans la matin\u00e9e, vers 10h45, sur l\u2019A47, \u00e0 hauteur de Ternay, en direction de Saint-\u00c9tienne. Une situation qui avait provoqu\u00e9 d\u2019importants ralentissements.<\/p>\n<p>Cons\u00e9quence directe de l\u2019accident mortel, l\u2019A46 a \u00e9t\u00e9 totalement coup\u00e9e \u00e0 la circulation pendant pr\u00e8s de trois heures entre V\u00e9nissieux et Communay. Les automobilistes d\u00e9j\u00e0 engag\u00e9s sur l\u2019axe ont \u00e9t\u00e9 contraints de quitter l\u2019autoroute via une d\u00e9viation mise en place par l\u2019aire de service de Communay Nord.<\/p>\n<p>La circulation a finalement pu reprendre peu avant 15h. En milieu d\u2019apr\u00e8s-midi, des ralentissements persistaient toutefois, avec environ cinq kilom\u00e8tres d\u2019embouteillages signal\u00e9s dans le secteur.<\/p>\n","protected":false},"excerpt":{"rendered":"L\u2019autoroute a \u00e9t\u00e9 coup\u00e9e pendant trois heures. Un nouveau drame de la route s\u2019est produit ce vendredi 16&hellip;\n","protected":false},"author":2,"featured_media":669609,"comment_status":"","ping_status":"","sticky":false,"template":"","format":"standard","meta":{"footnotes":""},"categories":[1889],"tags":[1111,11,2813,2190,2430,1109,251,1112,2811,1777,674,118,1011,27,1922,1110,1114,2428,2810,12,241,316,25,2812,517,800],"class_list":{"0":"post-669608","1":"post","2":"type-post","3":"status-publish","4":"format-standard","5":"has-post-thumbnail","7":"category-lyon","8":"tag-actu","9":"tag-actualites","10":"tag-article","11":"tag-asvel","12":"tag-auvergne-rhone-alpes","13":"tag-breves","14":"tag-culture","15":"tag-depeches","16":"tag-economique","17":"tag-eu","18":"tag-europe","19":"tag-faits-divers","20":"tag-fr","21":"tag-france","22":"tag-info","23":"tag-informations","24":"tag-infos","25":"tag-lyon","26":"tag-lyonmag","27":"tag-news","28":"tag-ol","29":"tag-politique","30":"tag-republique-francaise","31":"tag-sociale","32":"tag-sport","33":"tag-transports"},"share_on_mastodon":{"url":"https:\/\/pubeurope.com\/@fr\/115909503442936612","error":""},"_links":{"self":[{"href":"https:\/\/www.europesays.com\/fr\/wp-json\/wp\/v2\/posts\/669608","targetHints":{"allow":["GET"]}}],"collection":[{"href":"https:\/\/www.europesays.com\/fr\/wp-json\/wp\/v2\/posts"}],"about":[{"href":"https:\/\/www.europesays.com\/fr\/wp-json\/wp\/v2\/types\/post"}],"author":[{"embeddable":true,"href":"https:\/\/www.europesays.com\/fr\/wp-json\/wp\/v2\/users\/2"}],"replies":[{"embeddable":true,"href":"https:\/\/www.europesays.com\/fr\/wp-json\/wp\/v2\/comments?post=669608"}],"version-history":[{"count":0,"href":"https:\/\/www.europesays.com\/fr\/wp-json\/wp\/v2\/posts\/669608\/revisions"}],"wp:featuredmedia":[{"embeddable":true,"href":"https:\/\/www.europesays.com\/fr\/wp-json\/wp\/v2\/media\/669609"}],"wp:attachment":[{"href":"https:\/\/www.europesays.com\/fr\/wp-json\/wp\/v2\/media?parent=669608"}],"wp:term":[{"taxonomy":"category","embeddable":true,"href":"https:\/\/www.europesays.com\/fr\/wp-json\/wp\/v2\/categories?post=669608"},{"taxonomy":"post_tag","embeddable":true,"href":"https:\/\/www.europesays.com\/fr\/wp-json\/wp\/v2\/tags?post=669608"}],"curies":[{"name":"wp","href":"https:\/\/api.w.org\/{rel}","templated":true}]}}