{"id":669650,"date":"2026-01-17T08:54:10","date_gmt":"2026-01-17T08:54:10","guid":{"rendered":"https:\/\/www.europesays.com\/fr\/669650\/"},"modified":"2026-01-17T08:54:10","modified_gmt":"2026-01-17T08:54:10","slug":"une-course-pro-francaise-va-perdre-des-jours-de-course-actualite","status":"publish","type":"post","link":"https:\/\/www.europesays.com\/fr\/669650\/","title":{"rendered":"Une course pro fran\u00e7aise va perdre des jours de course &#8211; Actualit\u00e9"},"content":{"rendered":"<p>C\u2019est une annonce qui avait \u00e9t\u00e9 faite en septembre dernier : <strong><a href=\"https:\/\/www.directvelo.com\/actualite\/123961\/un-nouvel-organisateur-et-de-gros-chamboulements-a-venir-pour-le-tour-feminin-de-l-ardeche\" target=\"_blank\" rel=\"noopener\">le Tour f\u00e9minin de l\u2019Ard\u00e8che version 2026 n\u2019aura sans doute plus grand-chose \u00e0 voir avec ce qu\u2019il a \u00e9t\u00e9 ces derni\u00e8res ann\u00e9es<\/a><\/strong>. L\u2019organisateur Louis Jeannin et ses \u00e9quipes vont passer la main \u00e0 Guillaume Delpech, l\u2019homme \u00e0 la t\u00eate des Boucles Dr\u00f4me-Ard\u00e8che, chez les hommes. <\/p>\n<p><strong><a href=\"https:\/\/www.directvelo.com\/actualite\/123938\/uci-le-calendrier-francais-2026\" target=\"_blank\" rel=\"noopener\">Le calendrier de l\u2019UCI pour la saison \u00e0 venir, publi\u00e9 le 6 octobre,<\/a><\/strong> avait fait appara\u00eetre une \u00e9preuve intitul\u00e9e les Boucles Dr\u00f4me-Ard\u00e8che Femmes, \u00e9tal\u00e9es sur cinq jours, du 9 au 13 septembre. Depuis, l\u2019UCI indique d\u00e9sormais sur son site internet que ces nouvelles BDA f\u00e9minines, qui doivent remplacer le TCFIA, ne dureraient que deux jours, les samedi 12 et dimanche 13 septembre prochains. <\/p>\n<p>Contact\u00e9 par DirectVelo, Guillaume Delpech assure qu\u2019il devrait en r\u00e9alit\u00e9 y avoir non pas deux mais trois journ\u00e9es de comp\u00e9tition, du vendredi au dimanche. Et contrairement \u00e0 ce que pourrait laisser penser le nom des Boucles Dr\u00f4me-Ard\u00e8che, qui \u00e9voquent forc\u00e9ment les deux \u00e9preuves masculines, il s\u2019agira l\u00e0 bel et bien d\u2019une course par \u00e9tapes, annonc\u00e9e en Classe 1 par l\u2019UCI. \u201cOn reste dans la lign\u00e9e de ce qui a \u00e9t\u00e9 fait jusque-l\u00e0 sur le Tour f\u00e9minin de l\u2019Ard\u00e8che, on garde l&rsquo;esprit\u201d. <\/p>\n<p><strong>LA DUR\u00c9E DE L&rsquo;\u00c9PREUVE TOUJOURS EN QUESTION<\/strong><\/p>\n<p>Pour autant, rien n&rsquo;est encore totalement act\u00e9 et le chantier s\u2019annonce important dans la construction de cette nouvelle formule. Ainsi, d\u2019apr\u00e8s nos informations, ce format de triptyque n&rsquo;est lui-m\u00eame pas totalement arr\u00eat\u00e9 et une quatri\u00e8me journ\u00e9e de course serait m\u00eame encore \u00e0 l\u2019\u00e9tude.<\/p>\n<p>Une chose est s\u00fbre : l\u2019\u00e9preuve professionnelle, qui comptait encore sept \u00e9tapes jusqu\u2019en 2023, puis six ces deux derni\u00e8res ann\u00e9es, va (encore) perdre des jours de course. Reste \u00e0 confirmer dans quelles proportions.\u00a0<\/p>\n<p><strong><a href=\"https:\/\/www.directvelo.com\/epreuve\/48244\/tour-feminin-international-de-lardeche-2025\" target=\"_blank\" rel=\"noopener\">Le Tour F\u00e9minin de l\u2019Ard\u00e8che 2025 a \u00e9t\u00e9 remport\u00e9 par l\u2019Italienne Monica Trinca Colonel<\/a><\/strong> (Liv AlUla Jayco) devant la N\u00e9erlandaise Femke De Vries (Visma-Lease et bike) et la Fran\u00e7aise Maeva Squiban (UAE Team ADQ).<\/p>\n","protected":false},"excerpt":{"rendered":"C\u2019est une annonce qui avait \u00e9t\u00e9 faite en septembre dernier : le Tour f\u00e9minin de l\u2019Ard\u00e8che version 2026&hellip;\n","protected":false},"author":2,"featured_media":669651,"comment_status":"","ping_status":"","sticky":false,"template":"","format":"standard","meta":{"footnotes":""},"categories":[1411],"tags":[834,828,836,829,837,827,83,826,824,823,1154,207,814,817,815,816,822,821,832,211,839,1011,27,820,818,819,835,831,830,833,838,60,212,208,825],"class_list":{"0":"post-669650","1":"post","2":"type-post","3":"status-publish","4":"format-standard","5":"has-post-thumbnail","7":"category-cyclisme","8":"tag-attaque","9":"tag-belgique","10":"tag-braquet","11":"tag-bretagne","12":"tag-chute","13":"tag-competition","14":"tag-coupe-de-france","15":"tag-coureur","16":"tag-course-cyclisme","17":"tag-course-cycliste","18":"tag-cycling","19":"tag-cyclisme","20":"tag-direct","21":"tag-direct-velo","22":"tag-directvelo","23":"tag-directvelo-com","24":"tag-epreuve","25":"tag-epreuve-cycliste","26":"tag-federation-francaise-de-cyclisme","27":"tag-ffc","28":"tag-flandres","29":"tag-fr","30":"tag-france","31":"tag-live","32":"tag-live-course","33":"tag-live-epreuve","34":"tag-peloton","35":"tag-radio-peloton","36":"tag-radio-tour","37":"tag-ravitaillement","38":"tag-relance","39":"tag-sports","40":"tag-uci","41":"tag-velo","42":"tag-velos"},"share_on_mastodon":{"url":"https:\/\/pubeurope.com\/@fr\/115909601762011183","error":""},"_links":{"self":[{"href":"https:\/\/www.europesays.com\/fr\/wp-json\/wp\/v2\/posts\/669650","targetHints":{"allow":["GET"]}}],"collection":[{"href":"https:\/\/www.europesays.com\/fr\/wp-json\/wp\/v2\/posts"}],"about":[{"href":"https:\/\/www.europesays.com\/fr\/wp-json\/wp\/v2\/types\/post"}],"author":[{"embeddable":true,"href":"https:\/\/www.europesays.com\/fr\/wp-json\/wp\/v2\/users\/2"}],"replies":[{"embeddable":true,"href":"https:\/\/www.europesays.com\/fr\/wp-json\/wp\/v2\/comments?post=669650"}],"version-history":[{"count":0,"href":"https:\/\/www.europesays.com\/fr\/wp-json\/wp\/v2\/posts\/669650\/revisions"}],"wp:featuredmedia":[{"embeddable":true,"href":"https:\/\/www.europesays.com\/fr\/wp-json\/wp\/v2\/media\/669651"}],"wp:attachment":[{"href":"https:\/\/www.europesays.com\/fr\/wp-json\/wp\/v2\/media?parent=669650"}],"wp:term":[{"taxonomy":"category","embeddable":true,"href":"https:\/\/www.europesays.com\/fr\/wp-json\/wp\/v2\/categories?post=669650"},{"taxonomy":"post_tag","embeddable":true,"href":"https:\/\/www.europesays.com\/fr\/wp-json\/wp\/v2\/tags?post=669650"}],"curies":[{"name":"wp","href":"https:\/\/api.w.org\/{rel}","templated":true}]}}