{"id":669664,"date":"2026-01-17T09:02:09","date_gmt":"2026-01-17T09:02:09","guid":{"rendered":"https:\/\/www.europesays.com\/fr\/669664\/"},"modified":"2026-01-17T09:02:09","modified_gmt":"2026-01-17T09:02:09","slug":"grosse-fatigue-ce-fruit-couvre-100-de-vos-besoins-en-vitamine-c-ne-le-negligez-pas-cet-hiver","status":"publish","type":"post","link":"https:\/\/www.europesays.com\/fr\/669664\/","title":{"rendered":"Grosse fatigue ? Ce fruit couvre 100 % de vos besoins en vitamine C, ne le n\u00e9gligez pas cet hiver"},"content":{"rendered":"<p>Kiwi jaune et vitamine C : l\u2019alli\u00e9 de l\u2019hiver<\/p>\n<p>En plein froid, notre organisme tourne \u00e0 l\u2019\u00e9conomie. Froid,<br \/>\nmanque de lumi\u00e8re, virus en s\u00e9rie, tout p\u00e8se sur les d\u00e9fenses. La<br \/>\n<strong>vitamine C<\/strong> refait la diff\u00e9rence : elle aide \u00e0<br \/>\nr\u00e9duire la fatigue et soutient le syst\u00e8me immunitaire. Bonne<br \/>\nnouvelle, un fruit de saison coche toutes les cases c\u00f4t\u00e9 go\u00fbt et<br \/>\npraticit\u00e9. Le <strong>kiwi jaune<\/strong>, plus doux que le vert,<br \/>\nse trouve sur les \u00e9tals fran\u00e7ais. \u00c0 la cl\u00e9, un geste simple qui<br \/>\npeut faire beaucoup.<\/p>\n<p>Sa p\u00e9riode de consommation s\u2019\u00e9tire de <strong>novembre \u00e0<br \/>\nmai<\/strong>. Son profil nutritionnel interpelle d\u00e9j\u00e0 les<br \/>\nnutritionnistes, surtout quand l\u2019hiver s\u2019installe. Parmi les<br \/>\nagrumes et fruits courants, il bouscule les id\u00e9es re\u00e7ues. Reste \u00e0<br \/>\nsavoir \u00e0 quel point il tient ses promesses. Et pas besoin<br \/>\nd\u2019\u00e9plucher des quantit\u00e9s de fruits. Un d\u00e9tail change tout.<\/p>\n<p>Combien de vitamine C dans le kiwi jaune ? Les chiffres<br \/>\ncl\u00e9s<\/p>\n<p>Sur la balance des vitamines, le <strong>kiwi jaune<\/strong><br \/>\nprend une longueur d\u2019avance. Il atteint jusqu\u2019\u00e0 <strong>161,3 mg<br \/>\npour 100 g<\/strong> de <strong>vitamine C<\/strong>, quand le kiwi<br \/>\nvert apporte 92,2 mg pour 100 g et l\u2019orange seulement 53,2 mg pour<br \/>\n100 g. En France, l\u2019Anses (Agence nationale de s\u00e9curit\u00e9 sanitaire<br \/>\nde l\u2019alimentation, de l\u2019environnement et du travail) fixe l\u2019apport<br \/>\nconseill\u00e9 \u00e0 <strong>110 mg par jour<\/strong> pour un adulte. Les<br \/>\ncomparaisons sont sans appel sur 100 g. Ce rep\u00e8re sert de boussole<br \/>\nen plein c\u0153ur de l\u2019hiver.<\/p>\n<p>Le calcul est simple : un fruit de <strong>68 g<\/strong> ou plus<br \/>\ncouvre <strong>100 %<\/strong> de l\u2019objectif quotidien. Or un kiwi<br \/>\njaune p\u00e8se en moyenne entre 90 et 120 g, de quoi rester dans le<br \/>\nvert sans effort. Un format pratique pour un petit-d\u00e9jeuner, un<br \/>\nencas ou un dessert l\u00e9ger. Pas de calcul compliqu\u00e9, pas de<br \/>\ncompl\u00e9ment \u00e0 avaler.<\/p>\n<p>Bienfaits du kiwi jaune au quotidien et limites \u00e0<br \/>\nrespecter<\/p>\n<p>Manger un <strong>kiwi jaune<\/strong> chaque jour apporte une<br \/>\ndose utile de <strong>vitamine C<\/strong> qui aide le corps \u00e0<br \/>\nproduire des cellules et des anticorps charg\u00e9s de combattre les<br \/>\ninfections. Il fournit aussi <strong>2 \u00e0 3 g de fibres pour 100<br \/>\ng<\/strong>, un coup de pouce pour le transit et l\u2019\u00e9quilibre de la<br \/>\nflore intestinale. Go\u00fbt plus doux, texture fondante, il passe bien<br \/>\nchez les enfants et chez les palais sensibles. Un combo qui tombe \u00e0<br \/>\npic quand les virus circulent.<\/p>\n<p>Certains naturopathes recommandent deux kiwis par jour pour<br \/>\nprofiter pleinement de ces bienfaits. Prudence tout de m\u00eame : m\u00eame<br \/>\ns\u2019il est plus doux et sucr\u00e9, le kiwi jaune reste acide, et une<br \/>\nconsommation excessive peut provoquer des aphtes ou ab\u00eemer l\u2019\u00e9mail<br \/>\ndes dents. L\u2019id\u00e9e n\u2019est pas d\u2019en abuser, mais de l\u2019installer<br \/>\ndurablement dans la routine. \u00c9couter sa sensibilit\u00e9 reste la<br \/>\nmeilleure boussole.<\/p>\n<p>Comment manger le kiwi jaune en hiver<br \/>\nsans se lasser ?<\/p>\n<p>Envie de varier en hiver sans compliquer la cuisine ? Entier \u00e0<br \/>\nla cuill\u00e8re, en quartiers dans un yaourt nature, mix\u00e9 en smoothie<br \/>\nmaison avec un peu d\u2019eau bien fra\u00eeche\u2026 le format s\u2019adapte au rythme<br \/>\ndes journ\u00e9es charg\u00e9es. Son c\u00f4t\u00e9 sucr\u00e9-acidul\u00e9 r\u00e9veille le<br \/>\npetit-d\u00e9jeuner comme le go\u00fbter, sans surcharge. On reste sur du<br \/>\nfrais et du simple, rien d\u2019\u00e9sot\u00e9rique.<\/p>\n<p>Autre atout, la saison s\u2019\u00e9tale tout l\u2019hiver : le bon moment pour<br \/>\nen faire un r\u00e9flexe sur la table familiale. Nature, il concentre le<br \/>\nmeilleur. En salade de fruits ou en boisson minute, il garde sa<br \/>\nplace de fruit de saison facile \u00e0 vivre. Et, sur le fond, son<br \/>\nargument sant\u00e9 reste imparable.<\/p>\n","protected":false},"excerpt":{"rendered":"Kiwi jaune et vitamine C : l\u2019alli\u00e9 de l\u2019hiver En plein froid, notre organisme tourne \u00e0 l\u2019\u00e9conomie. Froid,&hellip;\n","protected":false},"author":2,"featured_media":669665,"comment_status":"","ping_status":"","sticky":false,"template":"","format":"standard","meta":{"footnotes":""},"categories":[10],"tags":[11015,930,20747,72176,17488,33318,76934,1805,3026,4989,1011,27,38815,19675,72,6736,16285,74857,5261,71,49514,4023],"class_list":{"0":"post-669664","1":"post","2":"type-post","3":"status-publish","4":"format-standard","5":"has-post-thumbnail","7":"category-sante","8":"tag-c","9":"tag-le","10":"tag-20747","11":"tag-besoins","12":"tag-ce","13":"tag-cet","14":"tag-couvre","15":"tag-de","16":"tag-en","17":"tag-fatigue","18":"tag-fr","19":"tag-france","20":"tag-fruit","21":"tag-grosse","22":"tag-health","23":"tag-hiver","24":"tag-ne","25":"tag-negligez","26":"tag-pas","27":"tag-sante","28":"tag-vitamine","29":"tag-vos"},"share_on_mastodon":{"url":"https:\/\/pubeurope.com\/@fr\/115909633250682134","error":""},"_links":{"self":[{"href":"https:\/\/www.europesays.com\/fr\/wp-json\/wp\/v2\/posts\/669664","targetHints":{"allow":["GET"]}}],"collection":[{"href":"https:\/\/www.europesays.com\/fr\/wp-json\/wp\/v2\/posts"}],"about":[{"href":"https:\/\/www.europesays.com\/fr\/wp-json\/wp\/v2\/types\/post"}],"author":[{"embeddable":true,"href":"https:\/\/www.europesays.com\/fr\/wp-json\/wp\/v2\/users\/2"}],"replies":[{"embeddable":true,"href":"https:\/\/www.europesays.com\/fr\/wp-json\/wp\/v2\/comments?post=669664"}],"version-history":[{"count":0,"href":"https:\/\/www.europesays.com\/fr\/wp-json\/wp\/v2\/posts\/669664\/revisions"}],"wp:featuredmedia":[{"embeddable":true,"href":"https:\/\/www.europesays.com\/fr\/wp-json\/wp\/v2\/media\/669665"}],"wp:attachment":[{"href":"https:\/\/www.europesays.com\/fr\/wp-json\/wp\/v2\/media?parent=669664"}],"wp:term":[{"taxonomy":"category","embeddable":true,"href":"https:\/\/www.europesays.com\/fr\/wp-json\/wp\/v2\/categories?post=669664"},{"taxonomy":"post_tag","embeddable":true,"href":"https:\/\/www.europesays.com\/fr\/wp-json\/wp\/v2\/tags?post=669664"}],"curies":[{"name":"wp","href":"https:\/\/api.w.org\/{rel}","templated":true}]}}