{"id":669711,"date":"2026-01-17T09:35:10","date_gmt":"2026-01-17T09:35:10","guid":{"rendered":"https:\/\/www.europesays.com\/fr\/669711\/"},"modified":"2026-01-17T09:35:10","modified_gmt":"2026-01-17T09:35:10","slug":"la-de-baro-devel-triomphe-sur-la-scene-du-theatre-de-la-cite-avec-gus-le-celebre-corbeau-pie","status":"publish","type":"post","link":"https:\/\/www.europesays.com\/fr\/669711\/","title":{"rendered":"\u00ab\u00a0L\u00e0\u00a0\u00bb de Baro d\u2019evel triomphe sur la sc\u00e8ne du th\u00e9\u00e2tre de la Cit\u00e9 avec Gus, le c\u00e9l\u00e8bre corbeau-pie"},"content":{"rendered":"<p>\n                                                                    l&rsquo;essentiel<br \/>\n                                                                La compagnie toulousaine Baro d\u2019evel triomphe avec \u00ab\u00a0L\u00e0\u00a0\u00bb, son spectacle fondateur, sur la sc\u00e8ne du th\u00e9\u00e2tre de la Cit\u00e9. Une reprise magnifi\u00e9e par la musique de l\u2019Orchestre de chambre de Toulouse, jou\u00e9e en direct.\n                            <\/p>\n<p>Deux clowns blancs v\u00eatus de noir et un corbeau-pie noir et blanc amusent et enchantent, chaque soir, les spectateurs du <a href=\"https:\/\/theatre-cite.com\/\" target=\"_blank\" rel=\"noopener\">th\u00e9\u00e2tre de la Cit\u00e9<\/a>. Gr\u00e2ce \u00e0 une esth\u00e9tique monochrome, identifiable comme la marque de fabrique des Toulousains de Baro d\u2019evel, le spectacle m\u00eale les arts du cirque, la magie, le chant, le dessin, avec infiniment de po\u00e9sie.<\/p>\n<p>\u00ab\u00a0L\u00e0\u00a0\u00bb est la pi\u00e8ce fondatrice d\u2019une compagnie qui n\u2019en finit plus de s\u00e9duire le public du monde entier avec sa fa\u00e7on bien \u00e0 elle de proposer une alternative \u00e0 l\u2019isolement dans une soci\u00e9t\u00e9 toujours plus individualiste. Et \u00e0 l\u2019origine de \u00ab\u00a0L\u00e0\u00a0\u00bb, il y a Gus, le corbeau-pie qui a inspir\u00e9 les artistes. \u00ab\u00a0La pi\u00e8ce a \u00e9t\u00e9 \u00e9crite pour lui\u00a0\u00bb, confie Camille Decourtye qui dirige la compagnie Baro d\u2019evel avec Bla\u00ef Mateu Trias. \u00ab\u00a0Gus appartient \u00e0 la famille des corvid\u00e9s dont les origines viennent du sud du Sahara. Cela fait treize ans qu\u2019il vit avec nous. \u00c0 force de le voir faire, on a d\u00e9cid\u00e9 de s\u2019adapter \u00e0 lui pour cr\u00e9er le spectacle\u00a0\u00bb. Alors Gus prend ses aises sur sc\u00e8ne. Il d\u00e9chiquette des morceaux de papier, prend son envol au milieu du public et trouve refuge sur la t\u00eate ou les bras de ses ma\u00eetres. Gus repr\u00e9sente la libert\u00e9. Il est l\u2019\u00e2me du spectacle. T\u00e9moin d\u2019un monde inquiet qui ne r\u00eave pas assez et o\u00f9 pourtant tout est \u00e0 r\u00e9\u00e9crire.<\/p>\n<p class=\"std-elt__inline\">\n        <strong>\u00c0 lire aussi :<\/strong><br \/>\n        <a href=\"https:\/\/www.ladepeche.fr\/2026\/01\/15\/illusions-perdues-la-piece-de-theatre-qui-fait-aimer-balzac-13163724.php\" target=\"_blank\" rel=\"noopener\">\u00ab\u00a0Illusions perdues\u00a0\u00bb\u00a0: la pi\u00e8ce de th\u00e9\u00e2tre qui fait aimer Balzac<\/a>\n    <\/p>\n<p>C\u2019est ce que font Camille Decourtye et Bla\u00ef Mateu Trias avec leurs personnages de clowns illusionnistes. Avec peu de mots mais beaucoup de chants et d\u2019imagination, ils redessinent la plan\u00e8te. Ils proposent chaque soir un d\u00e9cor diff\u00e9rent, modifi\u00e9 au gr\u00e9 des envies et des humeurs, \u00e0 coups de tiges m\u00e9talliques ou micro. \u00ab\u00a0L\u00e0\u00a0\u00bb est un cri du c\u0153ur mais aussi du corps fatigu\u00e9.<\/p>\n<p>Cr\u00e9\u00e9e en 2018 au th\u00e9\u00e2tre Garonne, la pi\u00e8ce revient sur la sc\u00e8ne toulousaine apr\u00e8s 140 repr\u00e9sentations dont sept avec l\u2019Orchestre de Chambre de Toulouse, la nouveaut\u00e9 de cette reprise qui devient une nouvelle cr\u00e9ation. Dans une fosse con\u00e7ue pour l\u2019occasion, les musiciens jouent en direct les airs de Bellini, Purcell ou Arvo P\u00e4rt qui rythment le propos. La magie passe \u00e0 travers leurs notes aussi.<\/p>\n<p class=\"std-elt__inline\">\n        <strong>\u00c0 lire aussi :<\/strong><br \/>\n        <a href=\"https:\/\/www.ladepeche.fr\/2023\/10\/05\/avec-baro-devel-le-theatre-est-une-celebration-11498969.php\" target=\"_blank\" rel=\"noopener\">Avec \u00ab\u00a0Falaise\u00a0\u00bb de Baro d&rsquo;evel, le th\u00e9\u00e2tre est une c\u00e9l\u00e9bration<\/a>\n    <\/p>\n<p>Si \u00ab\u00a0L\u00e0\u00a0\u00bb est le spectacle fondateur de la compagnie Baro d\u2019evel c\u2019est parce qu\u2019il est aussi le prologue d\u2019un diptyque qui a abouti \u00e0 la cr\u00e9ation de \u00ab\u00a0Falaise\u00a0\u00bb, propos\u00e9 en ouverture de saison, en 2023, au th\u00e9\u00e2tre de la Cit\u00e9. Jusqu\u2019\u00e0 la fin des repr\u00e9sentations de \u00ab\u00a0L\u00e0\u00a0\u00bb, les photos de \u00ab\u00a0Falaise\u00a0\u00bb, r\u00e9alis\u00e9es par Fran\u00e7ois Passerini, sont expos\u00e9es dans le hall du th\u00e9\u00e2tre.<\/p>\n<p>Jusqu\u2019au 24\u00a0janvier, le samedi\u00a018 h 30, et du mardi au vendredi \u00e0 20\u00a0h au th\u00e9\u00e2tre de la Cit\u00e9 (1, rue Pierre-Baudis) \u00e0 Toulouse. Dur\u00e9e\u00a0: 1\u00a0h\u00a010. Tarifs\u00a0: 15 \u00e0 25\u00a0\u20ac. T\u00e9l. 05\u00a034\u00a045\u00a005\u00a005. theatre-cite.com<\/p>\n","protected":false},"excerpt":{"rendered":"l&rsquo;essentiel La compagnie toulousaine Baro d\u2019evel triomphe avec \u00ab\u00a0L\u00e0\u00a0\u00bb, son spectacle fondateur, sur la sc\u00e8ne du th\u00e9\u00e2tre de&hellip;\n","protected":false},"author":2,"featured_media":669712,"comment_status":"","ping_status":"","sticky":false,"template":"","format":"standard","meta":{"footnotes":""},"categories":[2816],"tags":[1111,11,872,1777,674,1011,27,2722,12,2680,25,853,4698,2312],"class_list":{"0":"post-669711","1":"post","2":"type-post","3":"status-publish","4":"format-standard","5":"has-post-thumbnail","7":"category-toulouse","8":"tag-actu","9":"tag-actualites","10":"tag-culture-et-loisirs","11":"tag-eu","12":"tag-europe","13":"tag-fr","14":"tag-france","15":"tag-haute-garonne","16":"tag-news","17":"tag-occitanie","18":"tag-republique-francaise","19":"tag-spectacles","20":"tag-thu00e9u00e2tre","21":"tag-toulouse"},"share_on_mastodon":{"url":"https:\/\/pubeurope.com\/@fr\/115909763005966887","error":""},"_links":{"self":[{"href":"https:\/\/www.europesays.com\/fr\/wp-json\/wp\/v2\/posts\/669711","targetHints":{"allow":["GET"]}}],"collection":[{"href":"https:\/\/www.europesays.com\/fr\/wp-json\/wp\/v2\/posts"}],"about":[{"href":"https:\/\/www.europesays.com\/fr\/wp-json\/wp\/v2\/types\/post"}],"author":[{"embeddable":true,"href":"https:\/\/www.europesays.com\/fr\/wp-json\/wp\/v2\/users\/2"}],"replies":[{"embeddable":true,"href":"https:\/\/www.europesays.com\/fr\/wp-json\/wp\/v2\/comments?post=669711"}],"version-history":[{"count":0,"href":"https:\/\/www.europesays.com\/fr\/wp-json\/wp\/v2\/posts\/669711\/revisions"}],"wp:featuredmedia":[{"embeddable":true,"href":"https:\/\/www.europesays.com\/fr\/wp-json\/wp\/v2\/media\/669712"}],"wp:attachment":[{"href":"https:\/\/www.europesays.com\/fr\/wp-json\/wp\/v2\/media?parent=669711"}],"wp:term":[{"taxonomy":"category","embeddable":true,"href":"https:\/\/www.europesays.com\/fr\/wp-json\/wp\/v2\/categories?post=669711"},{"taxonomy":"post_tag","embeddable":true,"href":"https:\/\/www.europesays.com\/fr\/wp-json\/wp\/v2\/tags?post=669711"}],"curies":[{"name":"wp","href":"https:\/\/api.w.org\/{rel}","templated":true}]}}