{"id":669725,"date":"2026-01-17T09:42:14","date_gmt":"2026-01-17T09:42:14","guid":{"rendered":"https:\/\/www.europesays.com\/fr\/669725\/"},"modified":"2026-01-17T09:42:14","modified_gmt":"2026-01-17T09:42:14","slug":"pres-de-lyon-un-radar-chantier-installe-sur-la7-des-lundi","status":"publish","type":"post","link":"https:\/\/www.europesays.com\/fr\/669725\/","title":{"rendered":"Pr\u00e8s de Lyon : un radar chantier install\u00e9 sur l&rsquo;A7 d\u00e8s lundi\u00a0"},"content":{"rendered":"<p>D\u00e8s ce lundi 19 janvier, un radar chantier sera d\u00e9ploy\u00e9 sur l&rsquo;autoroute A7, \u00e0 hauteur d&rsquo;Oullins-Pierre-B\u00e9nite, dans le sens Lyon-Marseille. Mis en place pour s\u00e9curiser une zone de travaux sur le viaduc de Pierre-B\u00e9nite, il restera en service jusqu&rsquo;au mois de mai.<\/p>\n<p>Un radar autonome va \u00eatre install\u00e9 sur l&rsquo;<b>A7<\/b> dans une portion particuli\u00e8rement sensible du chantier men\u00e9 sur le <b>viaduc de Pierre-B\u00e9nite<\/b>.\u00a0<\/p>\n<p>Selon la pr\u00e9fecture du Rh\u00f4ne, cet \u00e9quipement sera activ\u00e9 d\u00e8s le <b>lundi 19 janvier<\/b> et restera en place jusqu&rsquo;au <b>7 mai 2026<\/b>, le temps que s&rsquo;ach\u00e8vent les travaux d&rsquo;entretien des ouvrages d&rsquo;art engag\u00e9s sur cette section majeure de l&rsquo;axe Lyon\u2013Marseille.\u00a0<\/p>\n<p>La vitesse abaiss\u00e9e \u00e0 50 km\/h<\/p>\n<p>Les automobilistes devront lever le pied : la vitesse maximale autoris\u00e9e est abaiss\u00e9e \u00e0 <b>50 km\/h<\/b> sur toute la zone concern\u00e9e. Cet abaissement est n\u00e9cessaire pour garantir la s\u00e9curit\u00e9 des agents intervenant quotidiennement sur le viaduc, mais aussi celle des conducteurs eux?m\u00eames, alors que les conditions de circulation sont contraignantes, parfois r\u00e9duites \u00e0 une seule voie.\u00a0<\/p>\n<p>La pr\u00e9fecture rappelle que ce radar autonome est un dispositif mobile, destin\u00e9 \u00e0 \u00eatre retir\u00e9 une fois les travaux achev\u00e9s. Contrairement \u00e0 un radar fixe, il peut \u00eatre d\u00e9plac\u00e9 en fonction des besoins du chantier et des \u00e9volutions du balisage.\u00a0<\/p>\n<p>Son r\u00f4le est de faire respecter la limitation de vitesse dans un secteur o\u00f9 les exc\u00e8s sont r\u00e9guli\u00e8rement signal\u00e9s, notamment aux heures de pointe, sur un axe parmi les plus fr\u00e9quent\u00e9s de la vall\u00e9e du Rh\u00f4ne.\u00a0<\/p>\n<p>Au-del\u00e0 du contr\u00f4le des v\u00e9hicules, les services de l&rsquo;\u00c9tat insistent sur la n\u00e9cessit\u00e9 pour les usagers de rester vigilants et d&rsquo;adapter leur conduite \u00e0 proximit\u00e9 du viaduc, o\u00f9 se d\u00e9roulent des op\u00e9rations lourdes de maintenance.\u00a0<\/p>\n<p><img loading=\"lazy\" decoding=\"async\" src=\"https:\/\/www.europesays.com\/fr\/wp-content\/uploads\/2026\/01\/1768642934_885_img.png\" width=\"350\" height=\"200\" border=\"0\" title=\"Le march\u00c3\u00a9 de Neuville-sur-Sa\u00c3\u00b4ne profite d'un nouvel emplacement.\"\/><\/p>\n<p>\u25baSoci\u00e9t\u00e9<\/p>\n<p style=\"font-size: 22px;\"><b>Neuville-sur-Sa\u00f4ne : le march\u00e9 historique change de lieu avec les travaux  sur les quais<\/b><\/p>\n<p>C&rsquo;est une \u00e9tape importante. Au nord de Lyon, le&#8230;<\/p>\n<p><\/p>\n","protected":false},"excerpt":{"rendered":"D\u00e8s ce lundi 19 janvier, un radar chantier sera d\u00e9ploy\u00e9 sur l&rsquo;autoroute A7, \u00e0 hauteur d&rsquo;Oullins-Pierre-B\u00e9nite, dans le&hellip;\n","protected":false},"author":2,"featured_media":669726,"comment_status":"","ping_status":"","sticky":false,"template":"","format":"standard","meta":{"footnotes":""},"categories":[1889],"tags":[1111,11,15738,2430,4107,3542,1777,674,1011,27,2428,12,13545,27760,25,76943],"class_list":{"0":"post-669725","1":"post","2":"type-post","3":"status-publish","4":"format-standard","5":"has-post-thumbnail","7":"category-lyon","8":"tag-actu","9":"tag-actualites","10":"tag-automobiliste","11":"tag-auvergne-rhone-alpes","12":"tag-chantier","13":"tag-circulation","14":"tag-eu","15":"tag-europe","16":"tag-fr","17":"tag-france","18":"tag-lyon","19":"tag-news","20":"tag-oullins-pierre-bnite","21":"tag-radar","22":"tag-republique-francaise","23":"tag-viaduc"},"share_on_mastodon":{"url":"https:\/\/pubeurope.com\/@fr\/115909790553276292","error":""},"_links":{"self":[{"href":"https:\/\/www.europesays.com\/fr\/wp-json\/wp\/v2\/posts\/669725","targetHints":{"allow":["GET"]}}],"collection":[{"href":"https:\/\/www.europesays.com\/fr\/wp-json\/wp\/v2\/posts"}],"about":[{"href":"https:\/\/www.europesays.com\/fr\/wp-json\/wp\/v2\/types\/post"}],"author":[{"embeddable":true,"href":"https:\/\/www.europesays.com\/fr\/wp-json\/wp\/v2\/users\/2"}],"replies":[{"embeddable":true,"href":"https:\/\/www.europesays.com\/fr\/wp-json\/wp\/v2\/comments?post=669725"}],"version-history":[{"count":0,"href":"https:\/\/www.europesays.com\/fr\/wp-json\/wp\/v2\/posts\/669725\/revisions"}],"wp:featuredmedia":[{"embeddable":true,"href":"https:\/\/www.europesays.com\/fr\/wp-json\/wp\/v2\/media\/669726"}],"wp:attachment":[{"href":"https:\/\/www.europesays.com\/fr\/wp-json\/wp\/v2\/media?parent=669725"}],"wp:term":[{"taxonomy":"category","embeddable":true,"href":"https:\/\/www.europesays.com\/fr\/wp-json\/wp\/v2\/categories?post=669725"},{"taxonomy":"post_tag","embeddable":true,"href":"https:\/\/www.europesays.com\/fr\/wp-json\/wp\/v2\/tags?post=669725"}],"curies":[{"name":"wp","href":"https:\/\/api.w.org\/{rel}","templated":true}]}}