{"id":669741,"date":"2026-01-17T09:51:12","date_gmt":"2026-01-17T09:51:12","guid":{"rendered":"https:\/\/www.europesays.com\/fr\/669741\/"},"modified":"2026-01-17T09:51:12","modified_gmt":"2026-01-17T09:51:12","slug":"minervois-linquietude-grandissante-des-americains-expatries","status":"publish","type":"post","link":"https:\/\/www.europesays.com\/fr\/669741\/","title":{"rendered":"Minervois : l&rsquo;inqui\u00e9tude grandissante des am\u00e9ricains expatri\u00e9s"},"content":{"rendered":"<p>\n                                                                Paroles d&rsquo;am\u00e9ricains expatri\u00e9s, tr\u00e8s inquiets du virage pris par leur pays ces derniers mois.\n                            <\/p>\n<p>En plus de sa richesse culturelle et de son terroir d\u2019exception, le Minervois a la particularit\u00e9 d\u2019accueillir beaucoup d\u2019\u00e9trangers venus s\u2019installer en France. Au march\u00e9 d\u2019Olonzac, le mardi, il est fr\u00e9quent d\u2019entendre parler anglais, n\u00e9erlandais ou allemand. En ce d\u00e9but d\u2019ann\u00e9e 2026, il paraissait opportun de prendre le pouls d\u2019une diaspora am\u00e9ricaine tr\u00e8s inqui\u00e8te du tournant pris par leur pays d\u2019origine. Jennifer\u00a0et Aaron ;\u00a0Wilma, la m\u00e8re de ce dernier &#8211; qui vit toujours \u00e0 Phoenix\u00a0&#8211; et Carol, livrent leur sentiment sur la p\u00e9riode tourment\u00e9e que vivent les USA.<\/p>\n<p>\u00ab\u00a0Une des raisons principales de notre d\u00e9cision de venir habiter en France est le probl\u00e8me de la circulation des armes aux USA, et la fr\u00e9quence des tueries de masse en milieu scolaire, explique Jennifer. Nous ne voulions pas faire courir ce risque \u00e0 nos enfants. Nous voulions aussi partir \u00e0 l\u2019aventure, et le Sud de la France nous a beaucoup plu\u00a0\u00bb.<\/p>\n<p>Avec son mari Aaron, ils sont install\u00e9s \u00e0 P\u00e9pieux depuis 2015. Un constat partag\u00e9 par Carol, qui vit dans le Minervois depuis 2017\u00a0: \u00ab\u00a0Avec mon mari, nous avions toujours r\u00eav\u00e9 d\u2019habiter en Europe pour notre retraite. Aujourd\u2019hui, nous avons beaucoup d\u2019amis qui disent beaucoup nous envier\u00a0! Pourtant, la distance n\u2019att\u00e9nue pas l\u2019impact des probl\u00e9matiques actuelles aux \u00c9tats-Unis, au contraire. Nous n\u2019avons aucune prise sur ce qui se passe chez nous, et cela nous d\u00e9sesp\u00e8re\u00a0\u00bb.<\/p>\n<p>Comparaison avec l\u2019Allemagne<br \/>des ann\u00e9es 30<\/p>\n<p>Mise en place par Donald Trump, la police f\u00e9d\u00e9rale de l\u2019immigration (ICE) s\u00e8me la zizanie dans le pays. En plus des critiques concernant ses m\u00e9thodes, un de ses agents a r\u00e9cemment tu\u00e9 une citoyenne am\u00e9ricaine qui tentait d\u2019\u00e9chapper \u00e0 un contr\u00f4le.<\/p>\n<p class=\"std-elt__inline\">\n        <strong>\u00c0 lire aussi :<\/strong><br \/>\n        <a href=\"https:\/\/www.lindependant.fr\/2026\/01\/07\/des-tirs-en-plein-visage-la-agent-de-lice-la-police-de-limmigration-americaine-abat-une-femme-dans-sa-voiture-a-minneapolis-le-maire-denonce-un-acte-13149129.php\" target=\"_blank\" rel=\"noopener\">\u00ab\u00a0Des tirs en plein visage\u00a0\u00bb : un agent de l&rsquo;ICE, la police de l&rsquo;immigration am\u00e9ricaine, abat une femme dans sa voiture \u00e0 Minneapolis, la version des autorit\u00e9s qualifi\u00e9e de \u00ab\u00a0connerie\u00a0\u00bb par le maire<\/a>\n    <\/p>\n<p>\u00ab\u00a0Nous sommes rentr\u00e9s \u00e0 Phoenix pour No\u00ebl, et nous avons, honn\u00eatement, \u00e9t\u00e9\u00a0tr\u00e8s effray\u00e9s du changement de notre pays en quelques mois seulement, confie Aaron. Il y a, par exemple, des messages gouvernementaux qui passent \u00e0 la radio qui demandent aux personnes immigr\u00e9es de se rendre dans\u00a0des bureaux afin de s\u2019inscrire sur des listes. Ce sont des m\u00e9thodes qui font beaucoup penser \u00e0 l\u2019Allemagne des ann\u00e9es 30 et au nazisme. C\u2019est une comparaison qui revient beaucoup en ce moment\u00a0\u00bb. Et Wilma d\u2019ajouter\u00a0: \u00ab\u00a0Les agents de ICE font parfois irruption dans ces bureaux et embarquent les personnes venues volontairement s\u2019inscrire\u00a0\u00bb.<\/p>\n<p>Peu \u00e0 peu, des mouvements de contestation se mettent en place, comme les manifestations g\u00e9antes No Kings (pas de rois) qui ont rassembl\u00e9 plusieurs millions de personnes, ou par le biais d\u2019associations, comme le d\u00e9crit Carol\u00a0: \u00ab\u00a0Parfois les agents d\u2019ICE stoppent une voiture au milieu de la route et enl\u00e8vent\u00a0le conducteur. Depuis quelques semaines, des associations se bougent pour retrouver ces personnes enlev\u00e9es en menant l\u2019enqu\u00eate gr\u00e2ce aux plaques d\u2019immatriculation pour trouver leur identit\u00e9 et pr\u00e9venir leurs proches\u00a0\u00bb.<\/p>\n<p>\u00ab\u00a0Le monde ne fait plus confiance<br \/>aux USA\u00a0\u00bb<\/p>\n<p>Un sentiment d\u2019impuissance est partag\u00e9 par Jennifer, Aaron et Carol. Ils font leur possible en continuant\u00a0\u00e0 voter lors des pr\u00e9sidentielles\u00a0ou des \u00ab\u00a0mid-terms\u00a0\u00bb (sorte de l\u00e9gislatives), mais ont peur que ce ne soit bient\u00f4t plus possible. \u00ab\u00a0Donald Trump est en train d\u2019essayer de mettre en place un syst\u00e8me qui emp\u00eache les citoyens am\u00e9ricains expatri\u00e9s de voter\u00a0et, avec lui, tout va tr\u00e8s vite, donc nous ne savons m\u00eame pas si nous pourrons participer aux prochaines \u00e9lections\u00a0\u00bb alerte Aaron.<\/p>\n<p>Pour Carol, le mal est fait\u00a0: \u00ab\u00a0Je n\u2019ai pas beaucoup d\u2019espoir que la situation s\u2019am\u00e9liore, je pense que le monde ne fait plus confiance aux Am\u00e9ricains d\u00e9sormais\u00a0\u00bb.<\/p>\n<p>Finalement, c\u2019est Wilma, qui habite en plein c\u0153ur de la galaxie Maga* qui a le plus d\u2019optimisme pour l\u2019avenir\u00a0: \u00ab\u00a0Plusieurs choses me permettent de croire \u00e0 des jours meilleurs, d\u2019abord l\u2019\u00e2ge avanc\u00e9 et la sant\u00e9 mentale de Trump qui pourrait amener certains de ses alli\u00e9s politiques \u00e0 vouloir prendre\u00a0sa place, mais aussi les nombreuses bourdes qu\u2019il commet \u00e0 l\u2019\u00e9chelle internationale ou encore l\u2019affaire Epstein qui peut\u00a0lui exploser \u00e0 la figure\u00a0\u00bb.\u00a0Aaron a, lui aussi, un peu d\u2019espoir dans la r\u00e9action de la g\u00e9n\u00e9ration Z, qui pourrait \u00eatre celle qui met fin \u00e0 cette p\u00e9riode noire de la politique am\u00e9ricaine.<\/p>\n<p>*Make America great again, le slogan de Donald Trump.<\/p>\n","protected":false},"excerpt":{"rendered":"Paroles d&rsquo;am\u00e9ricains expatri\u00e9s, tr\u00e8s inquiets du virage pris par leur pays ces derniers mois. En plus de sa&hellip;\n","protected":false},"author":2,"featured_media":669742,"comment_status":"","ping_status":"","sticky":false,"template":"","format":"standard","meta":{"footnotes":""},"categories":[1589],"tags":[1111,11,4086,73,1866,12,76944,316,1864,1865,1863,308],"class_list":{"0":"post-669741","1":"post","2":"type-post","3":"status-publish","4":"format-standard","5":"has-post-thumbnail","7":"category-etats-unis","8":"tag-actu","9":"tag-actualites","10":"tag-aude","11":"tag-etats-unis","12":"tag-etats-unis-damerique","13":"tag-news","14":"tag-pepieux","15":"tag-politique","16":"tag-united-states","17":"tag-united-states-of-america","18":"tag-us","19":"tag-usa"},"share_on_mastodon":{"url":"https:\/\/pubeurope.com\/@fr\/115909825967489167","error":""},"_links":{"self":[{"href":"https:\/\/www.europesays.com\/fr\/wp-json\/wp\/v2\/posts\/669741","targetHints":{"allow":["GET"]}}],"collection":[{"href":"https:\/\/www.europesays.com\/fr\/wp-json\/wp\/v2\/posts"}],"about":[{"href":"https:\/\/www.europesays.com\/fr\/wp-json\/wp\/v2\/types\/post"}],"author":[{"embeddable":true,"href":"https:\/\/www.europesays.com\/fr\/wp-json\/wp\/v2\/users\/2"}],"replies":[{"embeddable":true,"href":"https:\/\/www.europesays.com\/fr\/wp-json\/wp\/v2\/comments?post=669741"}],"version-history":[{"count":0,"href":"https:\/\/www.europesays.com\/fr\/wp-json\/wp\/v2\/posts\/669741\/revisions"}],"wp:featuredmedia":[{"embeddable":true,"href":"https:\/\/www.europesays.com\/fr\/wp-json\/wp\/v2\/media\/669742"}],"wp:attachment":[{"href":"https:\/\/www.europesays.com\/fr\/wp-json\/wp\/v2\/media?parent=669741"}],"wp:term":[{"taxonomy":"category","embeddable":true,"href":"https:\/\/www.europesays.com\/fr\/wp-json\/wp\/v2\/categories?post=669741"},{"taxonomy":"post_tag","embeddable":true,"href":"https:\/\/www.europesays.com\/fr\/wp-json\/wp\/v2\/tags?post=669741"}],"curies":[{"name":"wp","href":"https:\/\/api.w.org\/{rel}","templated":true}]}}