{"id":669761,"date":"2026-01-17T10:02:16","date_gmt":"2026-01-17T10:02:16","guid":{"rendered":"https:\/\/www.europesays.com\/fr\/669761\/"},"modified":"2026-01-17T10:02:16","modified_gmt":"2026-01-17T10:02:16","slug":"humbert-rinderknech-mpetshi-perricard-jacquemot-ou-en-sont-les-francais-avant-le-premier-grand-chelem-de-lannee","status":"publish","type":"post","link":"https:\/\/www.europesays.com\/fr\/669761\/","title":{"rendered":"Humbert, Rinderknech, Mpetshi Perricard, Jacquemot&#8230; o\u00f9 en sont les Fran\u00e7ais avant le premier Grand Chelem de l\u2019ann\u00e9e ?"},"content":{"rendered":"<p>\n    <strong>D\u00c9CRYPTAGE &#8211;<\/strong> Le premier tournoi du Grand Chelem de la saison d\u00e9bute dimanche, \u00e0 Melbourne, apr\u00e8s deux semaines de tournois de pr\u00e9paration. Certains joueurs fran\u00e7ais ont brill\u00e9, tandis que d\u2019autres ont inqui\u00e9t\u00e9.<\/p>\n<p class=\"fig-paragraph\">La saison de tennis est d\u00e9finitivement lanc\u00e9e. L\u2019<a href=\"http:\/\/www.lefigaro.fr\/sports\/tennis\/open-australie\/open-d-australie-djokovic-deja-dans-le-doute-a-quelques-jours-du-debut-du-tournoi-20260114\" target=\"_blank\" data-fig-type=\"NewsFlash\" rel=\"noopener\" data-gtm-custom-categorie=\"navigation\" data-gtm-custom-action=\"crossclick\" data-gtm-custom-label=\"Contextuel\" data-gtm-event=\"customEventSPE\" data-fig-domain=\"LEFIGARO\">Open d\u2019Australie<\/a>\u00a0ouvre ses portes aux meilleurs joueurs du monde \u00e0 compter de ce dimanche. Aux c\u00f4t\u00e9s des grands favoris que sont le tenant du titre\u00a0<a href=\"http:\/\/www.lefigaro.fr\/sports\/tennis\/open-australie\/tennis-un-amateur-bat-sinner-et-remporte-un-million-de-dollars-lors-d-un-drole-de-tournoi-en-australie-20260114\" target=\"_blank\" data-fig-type=\"NewsFlash\" rel=\"noopener\" data-gtm-custom-categorie=\"navigation\" data-gtm-custom-action=\"crossclick\" data-gtm-custom-label=\"Contextuel\" data-gtm-event=\"customEventSPE\" data-fig-domain=\"LEFIGARO\">Jannik Sinner<\/a>\u00a0et le num\u00e9ro 1 mondial\u00a0<a href=\"http:\/\/www.lefigaro.fr\/sports\/tennis\/tennis-alcaraz-domine-sinner-lors-d-une-nouvelle-exhibition-et-empoche-deux-millions-de-dollars-20260110\" target=\"_blank\" data-fig-type=\"NewsFlash\" rel=\"noopener\" data-gtm-custom-categorie=\"navigation\" data-gtm-custom-action=\"crossclick\" data-gtm-custom-label=\"Contextuel\" data-gtm-event=\"customEventSPE\" data-fig-domain=\"LEFIGARO\">Carlos Alcaraz<\/a>, les Fran\u00e7ais seront nombreux sur les courts du premier Grand Chelem disput\u00e9 en 2026.<\/p>\n<p class=\"fig-paragraph\">Malgr\u00e9 les absences d\u2019<a href=\"http:\/\/www.lefigaro.fr\/sports\/tennis\/open-australie\/ca-va-etre-un-peu-court-arthur-fils-annonce-son-forfait-pour-l-open-d-australie-20260102\" target=\"_blank\" data-fig-type=\"NewsFlash\" rel=\"noopener\" data-gtm-custom-categorie=\"navigation\" data-gtm-custom-action=\"crossclick\" data-gtm-custom-label=\"Contextuel\" data-gtm-event=\"customEventSPE\" data-fig-domain=\"LEFIGARO\">Arthur Fils<\/a>, forfait pour toute la tourn\u00e9e en Oc\u00e9anie, et de\u00a0<a href=\"http:\/\/www.lefigaro.fr\/sports\/tennis\/tennis-coup-dur-pour-la-france-lois-boisson-forfait-a-l-open-d-australie-20260112\" target=\"_blank\" data-fig-type=\"NewsFlash\" rel=\"noopener\" data-gtm-custom-categorie=\"navigation\" data-gtm-custom-action=\"crossclick\" data-gtm-custom-label=\"Contextuel\" data-gtm-event=\"customEventSPE\" data-fig-domain=\"LEFIGARO\">Lo\u00efs Boisson<\/a>, n\u00b01 chez les filles aux\u00a0<a href=\"http:\/\/www.lefigaro.fr\/sports\/tennis\/open-australie\/tennis-lois-boisson-une-fragilite-physique-qui-interroge-20260112\" target=\"_blank\" data-fig-type=\"Article\" rel=\"noopener\" data-gtm-custom-categorie=\"navigation\" data-gtm-custom-action=\"crossclick\" data-gtm-custom-label=\"Contextuel\" data-gtm-event=\"customEventSPE\" data-fig-domain=\"LEFIGARO\">probl\u00e8mes physiques r\u00e9currents<\/a>\u00a0depuis sa formidable \u00e9pop\u00e9e \u00e0 Roland Garros la saison derni\u00e8re, 18 tricolores seront pr\u00e9sents en Australie, suite au\u00a0<a href=\"http:\/\/www.lefigaro.fr\/sports\/tennis\/open-d-australie-blesse-au-coude-arthur-cazaux-declare-forfait-20260117\" target=\"_blank\" data-fig-type=\"NewsFlash\" rel=\"noopener\" data-gtm-custom-categorie=\"navigation\" data-gtm-custom-action=\"crossclick\" data-gtm-custom-label=\"Contextuel\" data-gtm-event=\"customEventSPE\" data-fig-domain=\"LEFIGARO\">forfait d\u2019Arthur Cazaux<\/a>, annonc\u00e9 ce samedi. 15 d\u2019entre eux &#8211; 12 hommes et 3 femmes &#8211; \u00e9taient dans le cut publi\u00e9 en d\u00e9cembre.\u00a0<a href=\"http:\/\/www.lefigaro.fr\/sports\/tennis\/open-australie\/open-d-australie-tiantsoa-sarah-rakotomanga-rajaonah-et-kyrian-jacquet-invites-par-la-fft-20251216\" target=\"_blank\" data-fig-type=\"NewsFlash\" rel=\"noopener\" data-gtm-custom-categorie=\"navigation\" data-gtm-custom-action=\"crossclick\" data-gtm-custom-label=\"Contextuel\" data-gtm-event=\"customEventSPE\" data-fig-domain=\"LEFIGARO\">Kyrian Jacquet et Sarah Rakotomanga ont tous les deux b\u00e9n\u00e9fici\u00e9 d\u2019une wild-card<\/a>, offerte dans le cadre d\u2019un accord de r\u00e9ciprocit\u00e9 entre les f\u00e9d\u00e9rations fran\u00e7aise et australienne. Enfin, Arthur G\u00e9a est le seul joueur fran\u00e7ais sorti des qualifications, disput\u00e9es cette semaine. Mais les Bleus ont-ils r\u00e9ussi leur d\u00e9but d\u2019ann\u00e9e, avant d\u2019entamer le premier Majeur de la saison\u00a0?<\/p>\n<p>                                            <a class=\"fig-a11y-skip\" href=\"#fig-a11y-skip-main-inarticle\" data-module=\"a11y-skip\" data-context=\"was @visible\"><br \/>\n    Passer la publicit\u00e9<br \/>\n<\/a>            <\/p>\n<p>                                            Ils sont en forme<\/p>\n<p class=\"fig-paragraph\">Apr\u00e8s une\u00a0<a href=\"http:\/\/www.lefigaro.fr\/sports\/tennis\/rolex-paris-masters-finaliste-l-an-passe-ugo-humbert-declare-forfait-20251027\" target=\"_blank\" data-fig-type=\"NewsFlash\" rel=\"noopener\" data-gtm-custom-categorie=\"navigation\" data-gtm-custom-action=\"crossclick\" data-gtm-custom-label=\"Contextuel\" data-gtm-event=\"customEventSPE\" data-fig-domain=\"LEFIGARO\">fin de saison 2025 g\u00e2ch\u00e9e par les blessures<\/a>, <strong>Ugo Humbert<\/strong> a en plus\u00a0<a href=\"http:\/\/www.lefigaro.fr\/flash-sport\/tennis-mpetshi-perricard-lance-bien-sa-saison-en-s-offrant-tommy-paul-a-brisbane-20260106\" target=\"_blank\" data-fig-type=\"NewsFlash\" rel=\"noopener\" data-gtm-custom-categorie=\"navigation\" data-gtm-custom-action=\"crossclick\" data-gtm-custom-label=\"Contextuel\" data-gtm-event=\"customEventSPE\" data-fig-domain=\"LEFIGARO\">perdu son premier match de la saison<\/a>\u00a0\u00e0 Brisbane, contre le Britannique Cameron Norrie, en ratant trois balles de match. Mais cette semaine, \u00e0 Ad\u00e9la\u00efde, le gaucher de 27 ans a impressionn\u00e9. M\u00eame s\u2019il s\u2019est\u00a0<a href=\"http:\/\/www.lefigaro.fr\/sports\/tennis\/tennis-humbert-s-incline-en-finale-a-adelaide-avant-l-open-d-australie-20260117\" target=\"_blank\" data-fig-type=\"NewsFlash\" rel=\"noopener\" data-gtm-custom-categorie=\"navigation\" data-gtm-custom-action=\"crossclick\" data-gtm-custom-label=\"Contextuel\" data-gtm-event=\"customEventSPE\" data-fig-domain=\"LEFIGARO\">inclin\u00e9 en finale<\/a>\u00a0apr\u00e8s une bataille contre le Tch\u00e8que Tom\u00e1\u0161 Mach\u00e1\u010d, le Messin a remport\u00e9 quatre matchs, en jouant de mani\u00e8re tr\u00e8s convaincante. De bon augure pour celui qui sera le fer de lance des Bleus \u00e0 Melbourne, o\u00f9 il doit d\u00e9fendre les points obtenus l\u2019ann\u00e9e derni\u00e8re apr\u00e8s son huiti\u00e8me de finale (d\u00e9faite contre Alexander Zverev). Le\u00a0<a href=\"http:\/\/www.lefigaro.fr\/sports\/tennis\/open-australie\/open-d-australie-le-premier-tour-corse-des-francais-20260115\" target=\"_blank\" data-fig-type=\"NewsFlash\" rel=\"noopener\" data-gtm-custom-categorie=\"navigation\" data-gtm-custom-action=\"crossclick\" data-gtm-custom-label=\"Contextuel\" data-gtm-event=\"customEventSPE\" data-fig-domain=\"LEFIGARO\">tirage au sort<\/a>, r\u00e9alis\u00e9 jeudi, ne l\u2019a d\u2019ailleurs pas \u00e9pargn\u00e9\u00a0: il affrontera l\u2019Am\u00e9ricain Ben Shelton (8e) d\u2019entr\u00e9e, pour l\u2019un des\u00a0<a href=\"http:\/\/www.lefigaro.fr\/sports\/tennis\/open-australie\/open-d-australie-humbert-shelton-gaston-sinner-sabalenka-rakotomanga-les-six-affiches-du-premier-tour-a-suivre-20260116\" target=\"_blank\" data-fig-type=\"NewsFlash\" rel=\"noopener\" data-gtm-custom-categorie=\"navigation\" data-gtm-custom-action=\"crossclick\" data-gtm-custom-label=\"Contextuel\" data-gtm-event=\"customEventSPE\" data-fig-domain=\"LEFIGARO\">chocs du premier tour<\/a>.<\/p>\n<p class=\"fig-paragraph\">Lui aussi r\u00e9alise un d\u00e9but de saison int\u00e9ressant. Apr\u00e8s son \u00e9closion lors de la deuxi\u00e8me moiti\u00e9 de la saison 2024, <strong>Giovanni Mpetshi\u00a0Perricard<\/strong> a eu du mal \u00e0 confirmer l\u2019ann\u00e9e derni\u00e8re. Mais le g\u00e9ant de 2m03 a attaqu\u00e9 l\u2019ann\u00e9e 2026 de bon pied, avec deux quarts de finale \u00e0 Brisbane et Auckland, pour un total de quatre victoires. Le Fran\u00e7ais a sign\u00e9 des jolies performances (victoires contre Tommy Paul et Cameron Norrie) et a remport\u00e9 six des sept tie-breaks qu\u2019il a disput\u00e9s. Oppos\u00e9 \u00e0 Sebastian Baez au premier tour de l\u2019Open d\u2019Australie, le Lyonnais pourra faire parler sa puissance, notamment au service, sa principale arme, sur le dur australien.<\/p>\n<p class=\"fig-paragraph\">Il est la belle histoire de ce d\u00e9but d\u2019ann\u00e9e 2026. <strong>Arthur G\u00e9a<\/strong>, 21 ans, va participer \u00e0 son premier Open d\u2019Australie, apr\u00e8s avoir\u00a0<a href=\"http:\/\/www.lefigaro.fr\/sports\/tennis\/open-australie\/open-d-australie-arthur-gea-unique-rescape-francais-des-qualifications-tirage-delicat-pour-les-bleus-20260115\" target=\"_blank\" data-fig-type=\"NewsFlash\" rel=\"noopener\" data-gtm-custom-categorie=\"navigation\" data-gtm-custom-action=\"crossclick\" data-gtm-custom-label=\"Contextuel\" data-gtm-event=\"customEventSPE\" data-fig-domain=\"LEFIGARO\">r\u00e9ussi \u00e0 s\u2019extraire des qualifications<\/a>, sans perdre le moindre set, en trois matchs disput\u00e9s. Une r\u00e9ussite qui fait suite \u00e0 ses 5 succ\u00e8s lors du Challenger de Noum\u00e9a, qu\u2019il a remport\u00e9 la semaine derni\u00e8re. Cela fait donc 8 victoires en autant de rencontres pour celui qui vient d\u2019entrer dans le Top 200. Il affrontera le Tch\u00e8que Jiri Lehecka (19e) au 1er tour \u00e0 Melbourne, o\u00f9 il pourra engranger de l\u2019exp\u00e9rience avant la suite de la saison.<\/p>\n<p>                                            Ils ont (un peu) rassur\u00e9<\/p>\n<p class=\"fig-paragraph\">Avec d\u00e9j\u00e0 huit matchs, il est le\u00a0<a href=\"http:\/\/www.lefigaro.fr\/sports\/tennis\/tennis-halys-s-offre-popyrin-a-brisbane-et-demarre-bien-son-annee-20260105\" target=\"_blank\" data-fig-type=\"NewsFlash\" rel=\"noopener\" data-gtm-custom-categorie=\"navigation\" data-gtm-custom-action=\"crossclick\" data-gtm-custom-label=\"Contextuel\" data-gtm-event=\"customEventSPE\" data-fig-domain=\"LEFIGARO\">joueur Fran\u00e7ais qui a le plus jou\u00e9 sur le circuit ATP<\/a>\u00a0pour l\u2019instant. <strong>Quentin Halys<\/strong>, 85e mondial, a r\u00e9ussi \u00e0 s\u2019extraire des qualifications \u00e0 Brisbane et \u00e0 Ad\u00e9la\u00efde, o\u00f9 il a r\u00e9ussi \u00e0 passer un tour \u00e0 chaque fois, portant son total \u00e0 six succ\u00e8s, pour deux d\u00e9faites. Avec un premier tour contre Alejandro Tabilo, il pourrait avoir un coup \u00e0 jouer en Australie.<\/p>\n<p class=\"fig-paragraph\">Il est le num\u00e9ro 1 fran\u00e7ais au classement ATP et sera t\u00eate de s\u00e9rie \u00e0 l\u2019Open d\u2019Australie, o\u00f9 il aura donc un nouveau statut \u00e0 assumer. <strong>Arthur Rinderknech<\/strong>, auteur d\u2019une fin de saison 2025 remarquable (finale au Master 1000 de Shanghai et huiti\u00e8me de finale \u00e0 l\u2019US Open), a particip\u00e9 \u00e0 la\u00a0<a href=\"http:\/\/www.lefigaro.fr\/sports\/tennis\/tennis-battue-par-l-italie-la-france-deja-eliminee-de-la-united-cup-20260106\" target=\"_blank\" data-fig-type=\"NewsFlash\" rel=\"noopener\" data-gtm-custom-categorie=\"navigation\" data-gtm-custom-action=\"crossclick\" data-gtm-custom-label=\"Contextuel\" data-gtm-event=\"customEventSPE\" data-fig-domain=\"LEFIGARO\">United Cup<\/a>\u00a0avec l\u2019\u00c9quipe de France, la semaine derni\u00e8re. En deux matchs, le 26e joueur mondial a pass\u00e9 pr\u00e8s de sept heures sur les courts, pour une victoire (contre l\u2019Italien Flavio Cobolli) et une d\u00e9faite (face au v\u00e9t\u00e9ran Suisse Stan Wawrinka). Physiquement, le Fran\u00e7ais semble \u00eatre pr\u00eat, m\u00eame s\u2019il a\u00a0<a href=\"http:\/\/www.lefigaro.fr\/sports\/tennis\/tennis-une-semaine-avant-l-open-d-australie-arthur-rinderknech-forfait-a-adelaide-20260108\" target=\"_blank\" data-fig-type=\"NewsFlash\" rel=\"noopener\" data-gtm-custom-categorie=\"navigation\" data-gtm-custom-action=\"crossclick\" data-gtm-custom-label=\"Contextuel\" data-gtm-event=\"customEventSPE\" data-fig-domain=\"LEFIGARO\">d\u00e9cid\u00e9 de ne pas aller \u00e0 Ad\u00e9la\u00efde<\/a>\u00a0afin de se pr\u00e9server pour l\u2019Open d\u2019Australie, o\u00f9 il entrera en lice contre le hongrois F\u00e1bi\u00e1n Marozs\u00e1n.<\/p>\n<p class=\"fig-body-link\">\n            \u00c0 lire aussi<br \/>\n        <a class=\"fig-body-link__link fig-premium-mark\" href=\"http:\/\/www.lefigaro.fr\/sports\/tennis\/open-australie\/boisson-fils-rinderknech-que-peut-esperer-le-tennis-francais-en-2026-20260115\" target=\"_blank\" data-fig-type=\"Article\" rel=\"noopener\" data-gtm-custom-categorie=\"navigation\" data-gtm-custom-action=\"crossclick\" data-gtm-custom-label=\"Contextuel\" data-gtm-event=\"customEventSPE\" data-fig-domain=\"LEFIGARO\"><\/p>\n<p>        Boisson, Fils, Rinderknech&#8230;\u00a0Que peut esp\u00e9rer le tennis fran\u00e7ais en 2026\u00a0?<br \/>\n    <\/a>\n<\/p>\n<p>                                            <a class=\"fig-a11y-skip\" href=\"#fig-a11y-skip-main-inarticle_mtf\" data-module=\"a11y-skip\" data-context=\"was @visible\"><br \/>\n    Passer la publicit\u00e9<br \/>\n<\/a>            <\/p>\n<p>                                            Ils inqui\u00e8tent (beaucoup)<\/p>\n<p class=\"fig-paragraph\">Le d\u00e9but de saison 2026 d\u2019<strong>Alexandre M\u00fcller<\/strong> n\u2019a rien \u00e0 voir avec celui de l\u2019ann\u00e9e derni\u00e8re. Vainqueur du tournoi de Hong Kong en 2025 &#8211; son unique titre ATP jusqu\u2019ici &#8211; avant l\u2019Open d\u2019Australie, le joueur de 28 ans a cette fois-ci perdu d\u00e8s le deuxi\u00e8me tour en Asie, apr\u00e8s une victoire, contre le serbe Miomir Kecmanovic. Son\u00a0<a href=\"http:\/\/www.lefigaro.fr\/sports\/tennis\/tennis-mpetshi-perricard-en-quart-de-finale-a-brisbane-fin-de-parcours-pour-mueller-a-hong-kong-20260108\" target=\"_blank\" data-fig-type=\"NewsFlash\" rel=\"noopener\" data-gtm-custom-categorie=\"navigation\" data-gtm-custom-action=\"crossclick\" data-gtm-custom-label=\"Contextuel\" data-gtm-event=\"customEventSPE\" data-fig-domain=\"LEFIGARO\">unique succ\u00e8s<\/a>\u00a0avant sa quatri\u00e8me participation dans le grand tableau de Melbourne, o\u00f9 il fera face \u00e0 l\u2019Australien Alexei Popyrin au premier tour.<\/p>\n<p class=\"fig-paragraph\">Un an apr\u00e8s son beau parcours \u00e0 l\u2019Open d\u2019Australie (3e tour), qui faisait suite \u00e0 une fin de saison 2024 remarquable (premier titre ATP remport\u00e9 \u00e0 Metz et deux titres en Challenger), <strong>Benjamin Bonzi<\/strong> ne va pas aborder le Grand Chelem australien avec la m\u00eame\u00a0<a href=\"http:\/\/www.lefigaro.fr\/sports\/tennis\/coupe-davis\/coupe-davis-une-premiere-liste-avec-humbert-mais-sans-moutet-pour-affronter-la-slovaquie-au-premier-tour-20260105\" target=\"_blank\" data-fig-type=\"NewsFlash\" rel=\"noopener\" data-gtm-custom-categorie=\"navigation\" data-gtm-custom-action=\"crossclick\" data-gtm-custom-label=\"Contextuel\" data-gtm-event=\"customEventSPE\" data-fig-domain=\"LEFIGARO\">confiance<\/a>. Cette saison, le Fran\u00e7ais n\u2019a disput\u00e9 que deux matchs, \u00e0 chaque fois en qualifications d\u2019un ATP 250 (Brisbane puis Ad\u00e9la\u00efde), pour deux d\u00e9faites. Il aura fort \u00e0 faire pour son entr\u00e9e en lice contre la t\u00eate de s\u00e9rie n\u00b028, Cameron Norrie.<\/p>\n<p class=\"fig-paragraph\">Chez les filles, c\u2019est un tir group\u00e9. Les trois Fran\u00e7aises directement qualifi\u00e9es pour l\u2019Open d\u2019Australie vivent un d\u00e9but de saison tr\u00e8s difficile. S\u00e9lectionn\u00e9e pour participer \u00e0 la United Cup en simple, <strong>L\u00e9olia Jeanjean<\/strong> (103e mondial) a\u00a0<a href=\"http:\/\/www.lefigaro.fr\/sports\/tennis\/tennis-la-france-s-incline-des-son-premier-match-face-a-la-suisse-en-united-cup-20260103\" target=\"_blank\" data-fig-type=\"NewsFlash\" rel=\"noopener\" data-gtm-custom-categorie=\"navigation\" data-gtm-custom-action=\"crossclick\" data-gtm-custom-label=\"Contextuel\" data-gtm-event=\"customEventSPE\" data-fig-domain=\"LEFIGARO\">perdu s\u00e8chement ses deux matchs<\/a>. M\u00eame tarif pour deux autres Bleues\u00a0: <strong>Elsa Jacquemot<\/strong>, Fran\u00e7aise la mieux class\u00e9e \u00e0 Melbourne (59e) du fait de l\u2019absence de Lo\u00efs Boisson, a \u00e9t\u00e9 \u00e9limin\u00e9e deux fois au premier tour, \u00e0\u00a0<a href=\"https:\/\/video.lefigaro.fr\/figaro\/sports\/tennis\/tennis-je-suis-ravie-d-avoir-ce-trophee-se-rejouit-aryna-sabalenka-apres-sa-victoire-a-brisbane-20260111\" target=\"_blank\" data-fig-type=\"Video\" rel=\"noopener\" data-gtm-custom-categorie=\"navigation\" data-gtm-custom-action=\"crossclick\" data-gtm-custom-label=\"Contextuel\" data-gtm-event=\"customEventSPE\" data-fig-domain=\"LEFIGARO\">Brisbane<\/a>\u00a0(WTA 500) et Hobart ; de son c\u00f4t\u00e9, <strong>Varvara Gracheva<\/strong>, naturalis\u00e9e en 2023, a perdu d\u2019entr\u00e9e \u00e0 Auckland et Hobart, deux tournois WTA 250. Des performances peu rassurantes, alors que des premiers tours complexes &#8211; respectivement contre Maria Sakkari, Marta Kostyuk (20e) et Viktorija Golubic &#8211; attendent les Fran\u00e7aises \u00e0 Melbourne.<\/p>\n<p class=\"fig-body-link\">\n            \u00c0 lire aussi<br \/>\n        <a class=\"fig-body-link__link\" href=\"http:\/\/www.lefigaro.fr\/sports\/tennis\/open-australie\/open-d-australie-novak-djokovic-pourrait-se-dresser-sur-la-route-de-jannik-sinner-20260115\" target=\"_blank\" data-fig-type=\"NewsFlash\" rel=\"noopener\" data-gtm-custom-categorie=\"navigation\" data-gtm-custom-action=\"crossclick\" data-gtm-custom-label=\"Contextuel\" data-gtm-event=\"customEventSPE\" data-fig-domain=\"LEFIGARO\"><\/p>\n<p>        Open d&rsquo;Australie\u00a0: Novak Djokovic pourrait se dresser sur la route de Jannik Sinner<br \/>\n    <\/a>\n<\/p>\n<p>                                            Ils n\u2019ont (presque) pas jou\u00e9<\/p>\n<p class=\"fig-paragraph\">Depuis son\u00a0<a href=\"http:\/\/www.lefigaro.fr\/sports\/tennis\/coupe-davis\/coupe-davis-l-enorme-rate-de-corentin-moutet-en-video-20251118\" target=\"_blank\" data-fig-type=\"NewsFlash\" rel=\"noopener\" data-gtm-custom-categorie=\"navigation\" data-gtm-custom-action=\"crossclick\" data-gtm-custom-label=\"Contextuel\" data-gtm-event=\"customEventSPE\" data-fig-domain=\"LEFIGARO\">geste<\/a>\u00a0qui a fait\u00a0<a href=\"http:\/\/www.lefigaro.fr\/sports\/tennis\/coupe-davis\/coupe-davis-moutet-regrette-enormement-sa-volee-manquee-contre-le-belge-collignon-20251118\" target=\"_blank\" data-fig-type=\"NewsFlash\" rel=\"noopener\" data-gtm-custom-categorie=\"navigation\" data-gtm-custom-action=\"crossclick\" data-gtm-custom-label=\"Contextuel\" data-gtm-event=\"customEventSPE\" data-fig-domain=\"LEFIGARO\">couler beaucoup d\u2019encre<\/a>\u00a0en Coupe Davis contre la Belgique en novembre dernier, <strong>Corentin Moutet<\/strong> s\u2019est fait tr\u00e8s discret. Le joueur de 26 ans a renonc\u00e9 \u00e0 disputer les tournois de pr\u00e9paration avant l\u2019Open d\u2019Australie, en d\u00e9clarant forfait \u00e0 Brisbane et Ad\u00e9la\u00efde. Mais le gaucher devrait bien \u00eatre apte pour le premier Grand Chelem de la saison, puisqu\u2019il est arriv\u00e9 \u00e0 Melbourne il y a une semaine et a particip\u00e9 mercredi au \u00abOne Point Slam\u00bb, tournoi d\u2019exhibition qui m\u00e9langeait des joueurs professionnels et des amateurs. Avec son statut de t\u00eate de s\u00e9rie n\u00b032, le Fran\u00e7ais a h\u00e9rit\u00e9 d\u2019un match abordable au premier tour de l\u2019Open d\u2019Australie, face au local Tristan Schoolgate.<\/p>\n<p class=\"fig-paragraph\">Il a entam\u00e9 la\u00a0<a href=\"http:\/\/www.lefigaro.fr\/sports\/tennis\/tennis-gael-monfils-annonce-sa-retraite-20251001\" target=\"_blank\" data-fig-type=\"NewsFlash\" rel=\"noopener\" data-gtm-custom-categorie=\"navigation\" data-gtm-custom-action=\"crossclick\" data-gtm-custom-label=\"Contextuel\" data-gtm-event=\"customEventSPE\" data-fig-domain=\"LEFIGARO\">derni\u00e8re saison de sa carri\u00e8re<\/a>\u00a0\u00e0 Auckland, tournoi qu\u2019il avait remport\u00e9 en d\u00e9but de saison derni\u00e8re. En pleine tourn\u00e9e d\u2019adieu, <strong>Ga\u00ebl Monfils<\/strong>, huiti\u00e8me de finaliste \u00e0 Melbourne l\u2019ann\u00e9e derni\u00e8re (d\u00e9faite face \u00e0 Ben Shelton sur abandon), a disput\u00e9 un bon match contre F\u00e1bi\u00e1n Marozs\u00e1n, m\u00eame s\u2019il s\u2019est\u00a0<a href=\"http:\/\/www.lefigaro.fr\/sports\/tennis\/tennis-monfils-et-muller-stoppes-d-entree-a-auckland-20260113\" target=\"_blank\" data-fig-type=\"NewsFlash\" rel=\"noopener\" data-gtm-custom-categorie=\"navigation\" data-gtm-custom-action=\"crossclick\" data-gtm-custom-label=\"Contextuel\" data-gtm-event=\"customEventSPE\" data-fig-domain=\"LEFIGARO\">inclin\u00e9 d\u00e8s le premier tour<\/a>. Pour son 20e et dernier grand tableau \u00e0 l\u2019Open d\u2019Australie, le joueur de 39 ans voudra (se) donner du plaisir. Il fera lui aussi face \u00e0 un local pour son premier match, le qualifi\u00e9 Dane Sweeny. Pour un dernier show\u00a0?<\/p>\n","protected":false},"excerpt":{"rendered":"D\u00c9CRYPTAGE &#8211; Le premier tournoi du Grand Chelem de la saison d\u00e9bute dimanche, \u00e0 Melbourne, apr\u00e8s deux semaines&hellip;\n","protected":false},"author":2,"featured_media":669762,"comment_status":"","ping_status":"","sticky":false,"template":"","format":"standard","meta":{"footnotes":""},"categories":[1415],"tags":[1011,3844,27,25011,4175,60,1467],"class_list":{"0":"post-669761","1":"post","2":"type-post","3":"status-publish","4":"format-standard","5":"has-post-thumbnail","7":"category-tennis","8":"tag-fr","9":"tag-francais","10":"tag-france","11":"tag-grand-chelem","12":"tag-open-daustralie","13":"tag-sports","14":"tag-tennis"},"share_on_mastodon":{"url":"https:\/\/pubeurope.com\/@fr\/115909869070627772","error":""},"_links":{"self":[{"href":"https:\/\/www.europesays.com\/fr\/wp-json\/wp\/v2\/posts\/669761","targetHints":{"allow":["GET"]}}],"collection":[{"href":"https:\/\/www.europesays.com\/fr\/wp-json\/wp\/v2\/posts"}],"about":[{"href":"https:\/\/www.europesays.com\/fr\/wp-json\/wp\/v2\/types\/post"}],"author":[{"embeddable":true,"href":"https:\/\/www.europesays.com\/fr\/wp-json\/wp\/v2\/users\/2"}],"replies":[{"embeddable":true,"href":"https:\/\/www.europesays.com\/fr\/wp-json\/wp\/v2\/comments?post=669761"}],"version-history":[{"count":0,"href":"https:\/\/www.europesays.com\/fr\/wp-json\/wp\/v2\/posts\/669761\/revisions"}],"wp:featuredmedia":[{"embeddable":true,"href":"https:\/\/www.europesays.com\/fr\/wp-json\/wp\/v2\/media\/669762"}],"wp:attachment":[{"href":"https:\/\/www.europesays.com\/fr\/wp-json\/wp\/v2\/media?parent=669761"}],"wp:term":[{"taxonomy":"category","embeddable":true,"href":"https:\/\/www.europesays.com\/fr\/wp-json\/wp\/v2\/categories?post=669761"},{"taxonomy":"post_tag","embeddable":true,"href":"https:\/\/www.europesays.com\/fr\/wp-json\/wp\/v2\/tags?post=669761"}],"curies":[{"name":"wp","href":"https:\/\/api.w.org\/{rel}","templated":true}]}}