{"id":669780,"date":"2026-01-17T10:16:11","date_gmt":"2026-01-17T10:16:11","guid":{"rendered":"https:\/\/www.europesays.com\/fr\/669780\/"},"modified":"2026-01-17T10:16:11","modified_gmt":"2026-01-17T10:16:11","slug":"ces-stars-qui-ont-une-maison-de-reve-a-saint-tropez","status":"publish","type":"post","link":"https:\/\/www.europesays.com\/fr\/669780\/","title":{"rendered":"Ces stars qui ont une maison de r\u00eave \u00e0 Saint-Tropez"},"content":{"rendered":"<p>Pour beaucoup, Saint-Tropez repr\u00e9sente la destination id\u00e9ale<br \/>\npour des vacances. Mais de nombreuses stars ont choisi d\u00a0\u00bby acqu\u00e9rir<br \/>\ndes maisons de r\u00eave afin de profiter de la tranquillit\u00e9 et de la<br \/>\nproximit\u00e9 avec la nature.<\/p>\n<p>Des maisons \u00e0 l&rsquo;abri des regards<\/p>\n<p><strong>C&rsquo;est \u00e0 proximit\u00e9 de Saint-Tropez<\/strong>, \u00e0 Ramatuelle<br \/>\nplus pr\u00e9cis\u00e9ment, que Bernard Montiel a choisi de poser ses<br \/>\nvalises. Il y poss\u00e8de <a href=\"https:\/\/www.lejournaldelamaison.fr\/le-journal-de-la-maison\/reportages-maisons\/bernard-montiel-luxueuse-villa-moderne-pres-de-saint-tropez-528453.html\" target=\"_blank\" rel=\"noopener\"><br \/>\nune tr\u00e8s belle villa moderne<\/a> au style minimaliste. Bien qu&rsquo;elle<br \/>\nsoit relativement discr\u00e8te, cette demeure offre tout de m\u00eame 170<br \/>\nm\u00b2. Son patio central est tr\u00e8s lumineux et donne<br \/>\n<strong>directement sur un jardin m\u00e9diterran\u00e9en<\/strong>.<\/p>\n<p><strong>Un choix parfaitement assum\u00e9<\/strong> par l&rsquo;animateur,<br \/>\nqui souhaitait se rapprocher de la nature et s&rsquo;\u00e9loigner de<br \/>\nl&rsquo;agitation. Sa piscine et sa terrasse lui permettent de se<br \/>\nd\u00e9tendre lorsqu&rsquo;il le souhaite. Bernard Montiel re\u00e7oit sa famille<br \/>\net ses amis dans un cadre intimiste. Il avait acquis la villa en<br \/>\n2021 <strong>pour 2,5 millions d&rsquo;euros<\/strong>, suite \u00e0 <a href=\"https:\/\/www.lejournaldelamaison.fr\/le-journal-de-la-maison\/reportages-maisons\/villa-bernard-montiel-pyla-location-528351.html\" target=\"_blank\" rel=\"noopener\"><br \/>\nla vente de sa maison du Pyla<\/a>.<\/p>\n<p>Les r\u00e9sidences de Brigitte Bardot \u00e0 Saint-Tropez<\/p>\n<p>\u00c0 seulement quelques kilom\u00e8tres vivait Brigitte Bardot. Tout le<br \/>\nmonde connaissait <a href=\"https:\/\/www.lejournaldelamaison.fr\/le-journal-de-la-maison\/reportages-maisons\/maisons-bord-de-mer\/brigitte-bardot-eteinte-dimanche-28-decembre-maison-saint-tropez-la-madrague-531848.html\" target=\"_blank\" rel=\"noopener\"><br \/>\nLa Madrague<\/a>, <strong>sa c\u00e9l\u00e8bre villa situ\u00e9e en bord de<br \/>\nmer<\/strong>. Mais de son vivant, l&rsquo;actrice pr\u00e9f\u00e9rait passer ses<br \/>\njourn\u00e9es \u00e0 La Garrigue, un domaine de 10 hectares. L\u00e0-bas, elle<br \/>\nprofitait pleinement de ses animaux <strong>et de la nature<br \/>\nenvironnante<\/strong>.<\/p>\n<p>Elle y vivait <a href=\"https:\/\/www.lejournaldelamaison.fr\/le-journal-de-la-maison\/reportages-maisons\/brigitte-bardot-maison-secrete-st-tropez-525097.html\" target=\"_blank\" rel=\"noopener\"><br \/>\nentour\u00e9e de ses chiens<\/a>, de chevaux et <strong>d&rsquo;autres animaux<br \/>\nsauv\u00e9s au fil des ann\u00e9es<\/strong>. Un v\u00e9ritable sanctuaire pour<br \/>\ncette militante de la cause animale. Pendant des d\u00e9cennies, BB y<br \/>\naura v\u00e9cu une vie simple et proche de ses valeurs, bien loin du<br \/>\nmilieu du cin\u00e9ma <strong>qu&rsquo;elle avait connu durant sa<br \/>\ncarri\u00e8re<\/strong>.<\/p>\n<blockquote class=\"instagram-media\" style=\"background: #ffffff;border: 0;margin: 1px;width: 100%;padding: 0;max-width: 500px;\" data-instgrm-permalink=\"https:\/\/www.instagram.com\/reels\/DL2kXOlIEvL\/\" data-instgrm-version=\"14\"\/><p>\nLes magnifiques villas de Nagui et de<br \/>\nJohnny Hallyday \u00e0 Saint-Tropez<\/p>\n<p>C&rsquo;est en 1997 que Nagui <strong>a acquis sa villa<br \/>\nproven\u00e7ale<\/strong>. Tous les \u00e9t\u00e9s, il y retrouve sa famille et ses<br \/>\namis, profitant d&rsquo;une superbe vue et de la mer \u00e0 proximit\u00e9.<br \/>\n<a href=\"https:\/\/www.lejournaldelamaison.fr\/le-journal-de-la-maison\/reportages-maisons\/maisons-reportages-maisons\/nagui-batisse-provencale-10-millions-euros-st-tropez-526028.html\" target=\"_blank\" rel=\"noopener\"><br \/>\nCette magnifique demeure<\/a> est aujourd&rsquo;hui estim\u00e9e entre 8 et 10<br \/>\nmillions d&rsquo;euros. C&rsquo;est \u00e9galement dans la r\u00e9gion <strong>que<br \/>\nl&rsquo;animateur a rencontr\u00e9 sa femme<\/strong>, M\u00e9lanie Page.<\/p>\n<p>Johnny Hallyday <strong>s&rsquo;est aussi install\u00e9 dans le<br \/>\ncoin<\/strong>. Sa villa, <a href=\"https:\/\/www.lejournaldelamaison.fr\/le-journal-de-la-maison\/reportages-maisons\/maisons-bord-de-mer\/johnny-hallyday-villa-de-reve-saint-tropez-518611.html\" target=\"_blank\" rel=\"noopener\"><br \/>\nLa Lorada<\/a>, poss\u00e9dait un style unique, m\u00ealant des influences<br \/>\nmexicaines et m\u00e9diterran\u00e9ennes. Le Taulier pouvait s&rsquo;y ressourcer,<br \/>\npuisque la maison offrait grand nombre d&rsquo;infrastructures, dont une<br \/>\npiscine et un h\u00e9liport. Le chanteur <strong>y organisait<br \/>\nr\u00e9guli\u00e8rement des f\u00eates<\/strong>, mais avait d\u00fb la vendre. \u00c0<br \/>\nSaint-Tropez, toutes ces stars b\u00e9n\u00e9ficient, ou ont pu b\u00e9n\u00e9ficier,<br \/>\nd&rsquo;un cadre de vie plus tranquille, loin de Paris et des m\u00e9dias.<\/p>\n<p><script async src=\"\/\/www.instagram.com\/embed.js\"><\/script><\/p>\n","protected":false},"excerpt":{"rendered":"Pour beaucoup, Saint-Tropez repr\u00e9sente la destination id\u00e9ale pour des vacances. Mais de nombreuses stars ont choisi d\u00a0\u00bby acqu\u00e9rir&hellip;\n","protected":false},"author":2,"featured_media":669781,"comment_status":"","ping_status":"","sticky":false,"template":"","format":"standard","meta":{"footnotes":""},"categories":[8],"tags":[13041,57061,11475,38114,9122,1805,58,59,1011,27,2142,76945,10477,2537,3583,15300,3213,3287,10624,96],"class_list":{"0":"post-669780","1":"post","2":"type-post","3":"status-publish","4":"format-standard","5":"has-post-thumbnail","7":"category-divertissement","8":"tag-a","9":"tag-bardot","10":"tag-bernard","11":"tag-brigitte","12":"tag-ces","13":"tag-de","14":"tag-divertissement","15":"tag-entertainment","16":"tag-fr","17":"tag-france","18":"tag-maison","19":"tag-montiel","20":"tag-nagui","21":"tag-ont","22":"tag-qui","23":"tag-reve","24":"tag-saint","25":"tag-stars","26":"tag-tropez","27":"tag-une"},"share_on_mastodon":{"url":"https:\/\/pubeurope.com\/@fr\/115909924288963098","error":""},"_links":{"self":[{"href":"https:\/\/www.europesays.com\/fr\/wp-json\/wp\/v2\/posts\/669780","targetHints":{"allow":["GET"]}}],"collection":[{"href":"https:\/\/www.europesays.com\/fr\/wp-json\/wp\/v2\/posts"}],"about":[{"href":"https:\/\/www.europesays.com\/fr\/wp-json\/wp\/v2\/types\/post"}],"author":[{"embeddable":true,"href":"https:\/\/www.europesays.com\/fr\/wp-json\/wp\/v2\/users\/2"}],"replies":[{"embeddable":true,"href":"https:\/\/www.europesays.com\/fr\/wp-json\/wp\/v2\/comments?post=669780"}],"version-history":[{"count":0,"href":"https:\/\/www.europesays.com\/fr\/wp-json\/wp\/v2\/posts\/669780\/revisions"}],"wp:featuredmedia":[{"embeddable":true,"href":"https:\/\/www.europesays.com\/fr\/wp-json\/wp\/v2\/media\/669781"}],"wp:attachment":[{"href":"https:\/\/www.europesays.com\/fr\/wp-json\/wp\/v2\/media?parent=669780"}],"wp:term":[{"taxonomy":"category","embeddable":true,"href":"https:\/\/www.europesays.com\/fr\/wp-json\/wp\/v2\/categories?post=669780"},{"taxonomy":"post_tag","embeddable":true,"href":"https:\/\/www.europesays.com\/fr\/wp-json\/wp\/v2\/tags?post=669780"}],"curies":[{"name":"wp","href":"https:\/\/api.w.org\/{rel}","templated":true}]}}