{"id":669784,"date":"2026-01-17T10:18:11","date_gmt":"2026-01-17T10:18:11","guid":{"rendered":"https:\/\/www.europesays.com\/fr\/669784\/"},"modified":"2026-01-17T10:18:11","modified_gmt":"2026-01-17T10:18:11","slug":"le-nouveau-plafond-du-minimum-vieillesse-a-connaitre-si-vous-touchez-une-petite-retraite","status":"publish","type":"post","link":"https:\/\/www.europesays.com\/fr\/669784\/","title":{"rendered":"le nouveau plafond du minimum vieillesse \u00e0 conna\u00eetre si vous touchez une petite retraite"},"content":{"rendered":"<p>Aspa 2026 : nouveaux montants du minimum vieillesse<\/p>\n<p>Les retrait\u00e9s aux revenus modestes scrutent chaque d\u00e9but d\u2019ann\u00e9e<br \/>\nleur compte : l\u2019Allocation de solidarit\u00e9 aux personnes \u00e2g\u00e9es,<br \/>\nappel\u00e9e minimum vieillesse, a \u00e9t\u00e9 r\u00e9\u00e9valu\u00e9e au 1er janvier 2026.<br \/>\nRevalorisation m\u00e9canique de <strong>0,9 %<\/strong> face \u00e0 une<br \/>\ninflation en reflux, mais toujours pr\u00e9sente dans le quotidien.<br \/>\nCette aide touche environ 723 000 personnes. Son but ne change pas<br \/>\n: garantir un socle de ressources \u00e0 ceux qui disposent de faibles<br \/>\npensions.<\/p>\n<p>Ce qui change pour 2026 : les plafonds de ressources et les<br \/>\nmontants cibles ont \u00e9t\u00e9 mis \u00e0 jour, et le nouveau montant<br \/>\ns\u2019applique d\u00e8s janvier. Le versement actualis\u00e9 arrive sur le compte<br \/>\nen f\u00e9vrier. L\u2019Aspa reste une <strong>allocation<br \/>\ndiff\u00e9rentielle<\/strong>, pas une pension forfaitaire qui s\u2019ajoute.<br \/>\nConcr\u00e8tement, l\u2019\u00c9tat verse uniquement ce qu\u2019il faut pour atteindre<br \/>\nle seuil garanti, apr\u00e8s d\u00e9duction de toutes vos autres retraites.<br \/>\nCombien exactement pour une personne seule et pour un couple ?<\/p>\n<p>Plafond de ressources Aspa 2026 et calcul r\u00e9el du<br \/>\nversement<\/p>\n<p>Pour une personne seule, le niveau garanti est fix\u00e9 \u00e0 <strong>1<br \/>\n043,59 \u20ac<\/strong> par mois, soit <strong>12 523,14 \u20ac<\/strong> par<br \/>\nan. Pour un couple (mari\u00e9s, pacs\u00e9s ou concubins), le plancher de<br \/>\nressources atteint <strong>1 620,18 \u20ac<\/strong> par mois, soit<br \/>\n<strong>19 442,21 \u20ac<\/strong> par an. Ces montants servent de<br \/>\n<strong>plafond de ressources<\/strong> \u00e0 ne pas d\u00e9passer pour \u00eatre<br \/>\n\u00e9ligible et de cible vers laquelle l\u2019allocation vient compl\u00e9ter vos<br \/>\nrevenus. Ils ne correspondent pas \u00e0 un virement automatique.<\/p>\n<p>Exemple simple : une personne seule qui per\u00e7oit 500 \u20ac par mois<br \/>\nrecevra <strong>543,59 \u20ac<\/strong> d\u2019Aspa pour atteindre 1 043,59 \u20ac.<br \/>\nL\u2019administration examine d\u2019abord vos revenus des trois derniers<br \/>\nmois ; si cela d\u00e9passe le plafond, elle peut regarder sur douze<br \/>\nmois. Si un seul conjoint est \u00e9ligible dans un couple, le plafond<br \/>\nde ressources du foyer reste celui du couple, mais l\u2019allocation<br \/>\nvers\u00e9e \u00e0 l\u2019individu ne d\u00e9passe jamais 1 043,59 \u20ac.<\/p>\n<p>Conditions 2026 : \u00e2ge, r\u00e9sidence, cumul emploi ou AAH<\/p>\n<p>Trois conditions s\u2019additionnent. L\u2019\u00e2ge : avoir au moins<br \/>\n<strong>65 ans<\/strong>, ou 62 ans dans des situations<br \/>\nparticuli\u00e8res (inaptitude, incapacit\u00e9 d\u2019au moins 50 %, carri\u00e8re<br \/>\nlongue). La r\u00e9sidence : vivre en France au moins neuf mois par an.<br \/>\nEnfin, il faut avoir liquid\u00e9 toutes ses retraites, en France comme<br \/>\n\u00e0 l\u2019\u00e9tranger. Les \u00e9trangers doivent, sauf exceptions, justifier<br \/>\nd\u2019un titre de s\u00e9jour autorisant le travail depuis dix ans.<\/p>\n<p>C\u00f4t\u00e9 calcul des ressources, la caisse retient pensions, revenus<br \/>\nd\u2019activit\u00e9 et revenus du patrimoine ; pour les biens mobiliers et<br \/>\nimmobiliers hors r\u00e9sidence principale, une \u00e9valuation forfaitaire<br \/>\nde <strong>3 %<\/strong> de la valeur s\u2019applique. Certaines aides ne<br \/>\nsont pas compt\u00e9es (prestations familiales, <strong>AAH<\/strong>,<br \/>\nAPL, ALS, Apa). Vous travaillez encore un peu ? Un abattement sur<br \/>\nrevenus pro all\u00e8ge l\u2019\u00e9quation, \u00e0 hauteur de <strong>1 640,73<br \/>\n\u20ac<\/strong> par trimestre pour une personne seule en 2026. Si votre<br \/>\ntaux d\u2019incapacit\u00e9 est inf\u00e9rieur \u00e0 80 %, l\u2019Aspa remplace l\u2019AAH ; \u00e0<br \/>\n80 % ou plus, un cumul diff\u00e9rentiel reste possible.<\/p>\n<p>Aspa et succession en 2026 : que<br \/>\npeuvent r\u00e9cup\u00e9rer les h\u00e9ritiers ?<\/p>\n<p>Recevoir l\u2019Aspa n\u2019efface pas l\u2019impact patrimonial. L\u2019aide peut<br \/>\nfaire l\u2019objet d\u2019une <strong>r\u00e9cup\u00e9ration sur succession<\/strong><br \/>\napr\u00e8s le d\u00e9c\u00e8s, mais seulement si l\u2019actif net d\u00e9passe un seuil. En<br \/>\nm\u00e9tropole, d\u00e9clenchement \u00e0 partir de <strong>108 586,14 \u20ac<\/strong>.<br \/>\nDans les DROM (Guadeloupe, Guyane, Martinique, La R\u00e9union), le<br \/>\nseuil est de <strong>150 000 \u20ac<\/strong>. En dessous, rien.<\/p>\n<p>La r\u00e9cup\u00e9ration ne vise que la part de l\u2019actif qui exc\u00e8de ces<br \/>\nseuils, dans la limite des sommes vers\u00e9es au titre de l\u2019Aspa. Elle<br \/>\nn\u2019est pas automatique et laisse intactes les petites successions.<br \/>\nD\u00e9marches utiles : d\u00e9p\u00f4t du dossier aupr\u00e8s de votre caisse ou via<br \/>\nla mairie\/CCAS si vous n\u2019avez pas de pension.<\/p>\n","protected":false},"excerpt":{"rendered":"Aspa 2026 : nouveaux montants du minimum vieillesse Les retrait\u00e9s aux revenus modestes scrutent chaque d\u00e9but d\u2019ann\u00e9e leur&hellip;\n","protected":false},"author":2,"featured_media":669785,"comment_status":"","ping_status":"","sticky":false,"template":"","format":"standard","meta":{"footnotes":""},"categories":[6],"tags":[930,5734,13041,76946,35,25373,3029,33,34,1011,27,39069,4565,2044,76947,137,21187,76948,96,572,4568],"class_list":{"0":"post-669784","1":"post","2":"type-post","3":"status-publish","4":"format-standard","5":"has-post-thumbnail","7":"category-economie","8":"tag-le","9":"tag-5734","10":"tag-a","11":"tag-aspa","12":"tag-business","13":"tag-connaitre","14":"tag-du","15":"tag-economie","16":"tag-economy","17":"tag-fr","18":"tag-france","19":"tag-minimum","20":"tag-nouveau","21":"tag-petite","22":"tag-plafond","23":"tag-retraite","24":"tag-si","25":"tag-touchez","26":"tag-une","27":"tag-vieillesse","28":"tag-vous"},"share_on_mastodon":{"url":"https:\/\/pubeurope.com\/@fr\/115909932059331986","error":""},"_links":{"self":[{"href":"https:\/\/www.europesays.com\/fr\/wp-json\/wp\/v2\/posts\/669784","targetHints":{"allow":["GET"]}}],"collection":[{"href":"https:\/\/www.europesays.com\/fr\/wp-json\/wp\/v2\/posts"}],"about":[{"href":"https:\/\/www.europesays.com\/fr\/wp-json\/wp\/v2\/types\/post"}],"author":[{"embeddable":true,"href":"https:\/\/www.europesays.com\/fr\/wp-json\/wp\/v2\/users\/2"}],"replies":[{"embeddable":true,"href":"https:\/\/www.europesays.com\/fr\/wp-json\/wp\/v2\/comments?post=669784"}],"version-history":[{"count":0,"href":"https:\/\/www.europesays.com\/fr\/wp-json\/wp\/v2\/posts\/669784\/revisions"}],"wp:featuredmedia":[{"embeddable":true,"href":"https:\/\/www.europesays.com\/fr\/wp-json\/wp\/v2\/media\/669785"}],"wp:attachment":[{"href":"https:\/\/www.europesays.com\/fr\/wp-json\/wp\/v2\/media?parent=669784"}],"wp:term":[{"taxonomy":"category","embeddable":true,"href":"https:\/\/www.europesays.com\/fr\/wp-json\/wp\/v2\/categories?post=669784"},{"taxonomy":"post_tag","embeddable":true,"href":"https:\/\/www.europesays.com\/fr\/wp-json\/wp\/v2\/tags?post=669784"}],"curies":[{"name":"wp","href":"https:\/\/api.w.org\/{rel}","templated":true}]}}