{"id":66981,"date":"2025-05-01T13:31:08","date_gmt":"2025-05-01T13:31:08","guid":{"rendered":"https:\/\/www.europesays.com\/fr\/66981\/"},"modified":"2025-05-01T13:31:08","modified_gmt":"2025-05-01T13:31:08","slug":"un-nationaliste-ukrainien-repute-echappe-a-une-tentative-dassassinat-il-accuse-la-russie","status":"publish","type":"post","link":"https:\/\/www.europesays.com\/fr\/66981\/","title":{"rendered":"Un nationaliste ukrainien r\u00e9put\u00e9 \u00e9chappe \u00e0 une tentative d&rsquo;assassinat, il accuse la Russie"},"content":{"rendered":"<p>Il avait \u00e9t\u00e9 condamn\u00e9 en f\u00e9vrier 2021 par un tribunal d\u2019Odessa \u00e0 sept ans de prison pour le meurtre par armes \u00e0 feu d\u2019un \u00e9lu local prorusse en 2015.<\/p>\n<p class=\"fig-paragraph\">Les services de s\u00e9curit\u00e9 ukrainiens (SBU) ont indiqu\u00e9 jeudi avoir d\u00e9jou\u00e9 l&rsquo;assassinat d&rsquo;un\u00a0<a href=\"http:\/\/www.lefigaro.fr\/international\/guerre-en-ukraine-l-activiste-nationaliste-demyan-hanul-abattu-au-centre-d-odessa-20250314\" data-fig-type=\"NewsFlash\" data-gtm-custom-categorie=\"navigation\" data-gtm-custom-action=\"crossclick\" data-gtm-custom-label=\"Contextuel\" data-gtm-event=\"customEventSPE\" data-fig-domain=\"LEFIGARO\" target=\"_blank\" rel=\"noopener\">militant nationaliste<\/a>\u00a0ukrainien r\u00e9put\u00e9 dans la ville m\u00e9ridionale d&rsquo;Odessa, pr\u00e9cisant qu&rsquo;une femme avait \u00e9t\u00e9 arr\u00eat\u00e9e. Sergu\u00ef Sternenko, blogueur tr\u00e8s suivi en Ukraine, a \u00e9t\u00e9 \u00abvictime d&rsquo;une tentative d&rsquo;assassinat \u00e0 l&rsquo;aide d&rsquo;une arme \u00e0 feu\u00bb, a indiqu\u00e9 le SBU dans un message sur Telegram, pr\u00e9cisant que sa vie n&rsquo;est plus en danger. \u00abJ&rsquo;ai \u00e9t\u00e9 agress\u00e9. J&rsquo;ai \u00e9t\u00e9 bless\u00e9\u00bb, a \u00e9crit le militant sur sa cha\u00eene Telegram, accusant la Russie d&rsquo;\u00eatre \u00e0 l&rsquo;origine de cette attaque.<\/p>\n<p class=\"fig-paragraph\">Sergu\u00ef Sternenko, ancien chef d&rsquo;une antenne r\u00e9gionale du mouvement ultranationaliste Pravy Sektor \u00e0 Odessa, avait eu un r\u00f4le actif dans\u00a0<a href=\"https:\/\/www.lefigaro.fr\/international\/ukraine-dix-ans-apres-l-esprit-de-maidan-souffle-encore-20240221\" data-fig-type=\"Article\" data-gtm-custom-categorie=\"navigation\" data-gtm-custom-action=\"crossclick\" data-gtm-custom-label=\"Contextuel\" data-gtm-event=\"customEventSPE\" data-fig-domain=\"LEFIGARO\" target=\"_blank\" rel=\"noopener\">la r\u00e9volution pro-europ\u00e9enne du Ma\u00efdan<\/a>, en 2014 \u00e0 Kiev. Il avait \u00e9t\u00e9 condamn\u00e9 en f\u00e9vrier 2021 par un tribunal d&rsquo;Odessa \u00e0 sept ans et trois mois de prison pour le meurtre par armes \u00e0 feu d&rsquo;un \u00e9lu local prorusse en 2015, avant d&rsquo;\u00eatre acquitt\u00e9 quelques mois plus tard.<\/p>\n<p>Vague de manifestations apr\u00e8s son incarc\u00e9ration<\/p>\n<p class=\"fig-paragraph\">Son incarc\u00e9ration avait provoqu\u00e9 une vague de manifestations, d\u00e9non\u00e7ant une justice s\u00e9lective et corrompue dans cette r\u00e9gion o\u00f9 r\u00e9side une forte communaut\u00e9 russophone. Depuis, Sergu\u00ef Sternenko, b\u00e9n\u00e9vole au sein de l&rsquo;arm\u00e9e, tient une cha\u00eene YouTube suivie par deux millions de personnes, dans laquelle il commente et analyse la vie politique et militaire de l&rsquo;Ukraine.<\/p>\n<p class=\"fig-paragraph\">Depuis le d\u00e9but de l&rsquo;invasion russe en 2022, les deux parties s&rsquo;accusent d&rsquo;attaques cibl\u00e9es sur des personnalit\u00e9s li\u00e9es \u00e0 l&rsquo;arm\u00e9e ou aux milieux politiques, de chaque c\u00f4t\u00e9 de la fronti\u00e8re. Dans le dernier en date, fin avril, le g\u00e9n\u00e9ral russe Iaroslav Moskalik a \u00e9t\u00e9 tu\u00e9 dans l&rsquo;explosion d&rsquo;une voiture pr\u00e8s de Moscou, un assassinat dont Moscou a accus\u00e9 Kiev d&rsquo;\u00eatre responsable.<\/p>\n","protected":false},"excerpt":{"rendered":"Il avait \u00e9t\u00e9 condamn\u00e9 en f\u00e9vrier 2021 par un tribunal d\u2019Odessa \u00e0 sept ans de prison pour le&hellip;\n","protected":false},"author":2,"featured_media":66982,"comment_status":"","ping_status":"","sticky":false,"template":"","format":"standard","meta":{"footnotes":""},"categories":[1591],"tags":[1111,47,11,6744,1109,1112,118,1887,1108,107,1106,1107,27,1110,1114,14,16767,12,1113,316,1885,1886,132,220],"class_list":{"0":"post-66981","1":"post","2":"type-post","3":"status-publish","4":"format-standard","5":"has-post-thumbnail","7":"category-russie","8":"tag-actu","9":"tag-actualite","10":"tag-actualites","11":"tag-assassinat","12":"tag-breves","13":"tag-depeches","14":"tag-faits-divers","15":"tag-federation-de-russie","16":"tag-fil","17":"tag-fil-info","18":"tag-flash","19":"tag-flash-actu","20":"tag-france","21":"tag-informations","22":"tag-infos","23":"tag-international","24":"tag-nationalistes","25":"tag-news","26":"tag-nouvelles","27":"tag-politique","28":"tag-russia","29":"tag-russian-federation","30":"tag-russie","31":"tag-ukraine"},"share_on_mastodon":{"url":"https:\/\/pubeurope.com\/@fr\/114432828040655467","error":""},"_links":{"self":[{"href":"https:\/\/www.europesays.com\/fr\/wp-json\/wp\/v2\/posts\/66981","targetHints":{"allow":["GET"]}}],"collection":[{"href":"https:\/\/www.europesays.com\/fr\/wp-json\/wp\/v2\/posts"}],"about":[{"href":"https:\/\/www.europesays.com\/fr\/wp-json\/wp\/v2\/types\/post"}],"author":[{"embeddable":true,"href":"https:\/\/www.europesays.com\/fr\/wp-json\/wp\/v2\/users\/2"}],"replies":[{"embeddable":true,"href":"https:\/\/www.europesays.com\/fr\/wp-json\/wp\/v2\/comments?post=66981"}],"version-history":[{"count":0,"href":"https:\/\/www.europesays.com\/fr\/wp-json\/wp\/v2\/posts\/66981\/revisions"}],"wp:featuredmedia":[{"embeddable":true,"href":"https:\/\/www.europesays.com\/fr\/wp-json\/wp\/v2\/media\/66982"}],"wp:attachment":[{"href":"https:\/\/www.europesays.com\/fr\/wp-json\/wp\/v2\/media?parent=66981"}],"wp:term":[{"taxonomy":"category","embeddable":true,"href":"https:\/\/www.europesays.com\/fr\/wp-json\/wp\/v2\/categories?post=66981"},{"taxonomy":"post_tag","embeddable":true,"href":"https:\/\/www.europesays.com\/fr\/wp-json\/wp\/v2\/tags?post=66981"}],"curies":[{"name":"wp","href":"https:\/\/api.w.org\/{rel}","templated":true}]}}