{"id":669825,"date":"2026-01-17T10:41:12","date_gmt":"2026-01-17T10:41:12","guid":{"rendered":"https:\/\/www.europesays.com\/fr\/669825\/"},"modified":"2026-01-17T10:41:12","modified_gmt":"2026-01-17T10:41:12","slug":"le-vibrant-hommage-du-club-de-cyclotourisme-de-loire-atlantique-a-son-adherent-decede","status":"publish","type":"post","link":"https:\/\/www.europesays.com\/fr\/669825\/","title":{"rendered":"Le vibrant hommage du club de cyclotourisme de Loire-Atlantique \u00e0 son adh\u00e9rent d\u00e9c\u00e9d\u00e9"},"content":{"rendered":"<p>                    Par<br \/>\n        <strong><br \/>\n            <a href=\"https:\/\/actu.fr\/auteur\/journaliste-sm\" title=\"Consulter tous les articles de R\u00e9daction Clisson\" target=\"_blank\" rel=\"noopener\">R\u00e9daction Clisson<\/a><br \/>\n                    <\/strong><\/p>\n<p>        Publi\u00e9 le<\/p>\n<p>            17 janv. 2026 \u00e0 1h02        <\/p>\n<p>Depuis un an, Olivier Hulin a succ\u00e9d\u00e9 \u00e0 Jean-Fran\u00e7ois D\u00e9noue, d\u00e9sormais vice-pr\u00e9sident, \u00e0 la pr\u00e9sidence de<a href=\"https:\/\/eshg-cyclovtt.fr\/\" target=\"_blank\" rel=\"noopener\"> la section cyclo VTT de l\u2019\u00e9toile sportive<\/a> de <a href=\"https:\/\/actu.fr\/pays-de-la-loire\/haute-goulaine_44071\" target=\"_blank\" rel=\"noopener\"><b>Haute-Goulaine<\/b><\/a>. En ouverture de sa premi\u00e8re assembl\u00e9e g\u00e9n\u00e9rale, il a rendu hommage \u00e0 Jean-Luc P\u00e9rennec, <b>d\u00e9c\u00e9d\u00e9 \u00e0 71<\/b>\u00a0<b>ans d\u2019un arr\u00eat cardiaqu<\/b>e, alors qui effectuait une <b>sortie\u00a0\u00e0 v\u00e9lo<\/b>. Un drame survenu \u00e0 <a href=\"https:\/\/actu.fr\/pays-de-la-loire\/vertou_44215\" target=\"_blank\" rel=\"noopener\"><b>Vertou<\/b><\/a>, le <b>16<\/b>\u00a0<b>novembre 2025<\/b>, alors qu\u2019il \u00e9tait <b>accompagn\u00e9 de trois autres membres du club.<\/b><\/p>\n<p class=\" wall-content\"><b>Un hommage appuy\u00e9<\/b> a \u00e9t\u00e9 rendu \u00e0 cet adh\u00e9rent de la premi\u00e8re heure\u2009: en effet, <b>il \u00e9tait licenci\u00e9 depuis la cr\u00e9ation de la section en 1996.<\/b><\/p>\n<blockquote class=\"ac-article-quote wall-content\">\n<p>Jean-Luc \u00e9tait membre du bureau et il s\u2019occupait des jeunes. Comme il aimait s\u2019habiller en rouge avec un bonnet de cette couleur, les jeunes ont tenu ont port\u00e9 un bonnet rouge la semaine suivant son d\u00e9c\u00e8s, pour lui rendre hommage. Un maillot du club portant des autographes lui a \u00e9t\u00e9 d\u00e9di\u00e9.<\/p>\n<p>Olivier Hulin.<\/p><\/blockquote>\n<p>    <img   decoding=\"async\" loading=\"lazy\" class=\"size-large\" src=\"https:\/\/www.europesays.com\/fr\/wp-content\/uploads\/2026\/01\/037106b2fe396077106b2fe39da710v-960x640.jpg\" alt=\"Au milieu des a\u00e9h\u00e9rents, (chemise blanche) lors de l'assembl\u00e9e g\u00e9n\u00e9rale. Au pied de l'estrade le maillot du club d\u00e9dicac\u00e9 en hommage \u00e0 Jean-Luc\" width=\"960\" height=\"640\"\/><br \/>\n    Au milieu des adh\u00e9rents, Olivier Hulin (chemise blanche) lors de l\u2019assembl\u00e9e g\u00e9n\u00e9rale. Au pied de l\u2019estrade le maillot du club d\u00e9dicac\u00e9 en hommage \u00e0 Jean-Luc P\u00e9rennec. \u00a9Etoile sportive91\u00a0adh\u00e9rents<\/p>\n<p class=\" wall-content\"><b>Pas simple dans ces conditions de tenir la r\u00e9union<\/b>. Le bureau est all\u00e9 \u00e0 l\u2019essentiel. D\u00e9sormais, <b>le club compte 91<\/b>\u00a0<b>adh\u00e9rents<\/b> (contre 81 l\u2019an pass\u00e9) r\u00e9partit en<b> 57 v\u00e9t\u00e9tistes, 15 cyclistes et 2 gravelistes<\/b> (discipline cycliste interm\u00e9diaire entre le v\u00e9lo de route et le VTT) et 17 jeunes de 9 \u00e0 17\u00a0ans de l\u2019\u00e9cole VTT.\u00a0Le 21\u00a0<b>mars prochain<\/b>, pour une quarantaine de jeunes de 9 \u00e0 12\u00a0ans du d\u00e9partement, <b>le club va organiser un mini-crit\u00e9rium sur une boucle nature<\/b>. Ils seront \u00e9valu\u00e9s sur la reconnaissance du terrain et des fleurs.<\/p>\n<p>Vid\u00e9os : en ce moment sur Actu<\/p>\n<p class=\" wall-content\">Personnalisez votre actualit\u00e9 en ajoutant vos villes et m\u00e9dias en favori avec <a href=\"https:\/\/moncompte.actu.fr\" title=\"D\u00e9couvez Mon Actu\" rel=\"nofollow noopener\" data-trk=\"{&quot;cta&quot;:{&quot;action&quot;:&quot;https:\\\/\\\/moncompte.actu.fr&quot;,&quot;category&quot;:&quot;mon compte&quot;,&quot;from&quot;:&quot;article footer&quot;,&quot;name&quot;:&quot;Mon actu&quot;,&quot;type&quot;:&quot;cta&quot;}}\" target=\"_blank\">Mon Actu<\/a>.<\/p>\n","protected":false},"excerpt":{"rendered":"Par R\u00e9daction Clisson Publi\u00e9 le 17 janv. 2026 \u00e0 1h02 Depuis un an, Olivier Hulin a succ\u00e9d\u00e9 \u00e0&hellip;\n","protected":false},"author":2,"featured_media":669826,"comment_status":"","ping_status":"","sticky":false,"template":"","format":"standard","meta":{"footnotes":""},"categories":[2818],"tags":[119,1111,11,1777,674,1011,27,766,12,2636,25,104,208,2900],"class_list":{"0":"post-669825","1":"post","2":"type-post","3":"status-publish","4":"format-standard","5":"has-post-thumbnail","7":"category-nantes","8":"tag-accident","9":"tag-actu","10":"tag-actualites","11":"tag-eu","12":"tag-europe","13":"tag-fr","14":"tag-france","15":"tag-nantes","16":"tag-news","17":"tag-pays-de-la-loire","18":"tag-republique-francaise","19":"tag-societe","20":"tag-velo","21":"tag-vignoble-nantais"},"share_on_mastodon":{"url":"https:\/\/pubeurope.com\/@fr\/115910022553010417","error":""},"_links":{"self":[{"href":"https:\/\/www.europesays.com\/fr\/wp-json\/wp\/v2\/posts\/669825","targetHints":{"allow":["GET"]}}],"collection":[{"href":"https:\/\/www.europesays.com\/fr\/wp-json\/wp\/v2\/posts"}],"about":[{"href":"https:\/\/www.europesays.com\/fr\/wp-json\/wp\/v2\/types\/post"}],"author":[{"embeddable":true,"href":"https:\/\/www.europesays.com\/fr\/wp-json\/wp\/v2\/users\/2"}],"replies":[{"embeddable":true,"href":"https:\/\/www.europesays.com\/fr\/wp-json\/wp\/v2\/comments?post=669825"}],"version-history":[{"count":0,"href":"https:\/\/www.europesays.com\/fr\/wp-json\/wp\/v2\/posts\/669825\/revisions"}],"wp:featuredmedia":[{"embeddable":true,"href":"https:\/\/www.europesays.com\/fr\/wp-json\/wp\/v2\/media\/669826"}],"wp:attachment":[{"href":"https:\/\/www.europesays.com\/fr\/wp-json\/wp\/v2\/media?parent=669825"}],"wp:term":[{"taxonomy":"category","embeddable":true,"href":"https:\/\/www.europesays.com\/fr\/wp-json\/wp\/v2\/categories?post=669825"},{"taxonomy":"post_tag","embeddable":true,"href":"https:\/\/www.europesays.com\/fr\/wp-json\/wp\/v2\/tags?post=669825"}],"curies":[{"name":"wp","href":"https:\/\/api.w.org\/{rel}","templated":true}]}}