{"id":669841,"date":"2026-01-17T10:49:08","date_gmt":"2026-01-17T10:49:08","guid":{"rendered":"https:\/\/www.europesays.com\/fr\/669841\/"},"modified":"2026-01-17T10:49:08","modified_gmt":"2026-01-17T10:49:08","slug":"un-tres-grave-accident-fait-un-mort-et-cinq-blesses","status":"publish","type":"post","link":"https:\/\/www.europesays.com\/fr\/669841\/","title":{"rendered":"un tr\u00e8s grave accident fait un mort et cinq bless\u00e9s"},"content":{"rendered":"<p>                    Par<br \/>\n        <strong><br \/>\n            <a href=\"https:\/\/actu.fr\/auteur\/fabien-binacchi\" title=\"Consulter tous les articles de Fabien Binacchi\" target=\"_blank\" rel=\"noopener\">Fabien Binacchi<\/a><br \/>\n                    <\/strong><\/p>\n<p>        Publi\u00e9 le<\/p>\n<p>            17 janv. 2026 \u00e0 11h30        <\/p>\n<p>Dramatique accident \u00e0 <a href=\"https:\/\/actu.fr\/provence-alpes-cote-d-azur\/aix-en-provence_13001\" target=\"_blank\" rel=\"noopener\">Aix-en-Provence.<\/a> Un peu avant 22h ce vendredi 16\u00a0janvier 2026, <strong>un choc frontal entre deux voitures<\/strong> a fait un mort et cinq bless\u00e9s, dont trois graves, apprend <a href=\"https:\/\/actu.fr\/marseille\/\" target=\"_blank\" rel=\"noopener\">actu Marseille<\/a> de source polici\u00e8re et aupr\u00e8s des pompiers des <a href=\"https:\/\/actu.fr\/provence-alpes-cote-d-azur\/bouches-du-rhone_13\" target=\"_blank\" rel=\"noopener\">Bouches-du-Rh\u00f4ne.<\/a><\/p>\n<p class=\" wall-content\">Une mineure de <strong>17\u00a0ans<\/strong> a \u00e9t\u00e9 tu\u00e9e dans l\u2019impact qui s\u2019est produit dans le nord de la ville.<\/p>\n<p>Dans une zone limit\u00e9e \u00e0 30km\/h<\/p>\n<p class=\" wall-content\">C\u2019est sur la route de Sisteron, dans une zone r\u00e9sidentielle limit\u00e9e \u00e0 30km\/h, que la collision, d\u2019une violence inou\u00efe, a mobilis\u00e9 un important dispositif de secours. Selon les premiers \u00e9l\u00e9ments, et pour une raison encore ind\u00e9termin\u00e9e, <strong>les deux v\u00e9hicules Peugeot se sont retrouv\u00e9s sur la m\u00eame voie<\/strong> \u00e0 la sortie d\u2019une longue courbe.<\/p>\n<p>    <a href=\"https:\/\/www.google.com\/maps\/embed?pb=!1m18!1m12!1m3!1d55517.702463934365!2d5.442382586012473!3d43.55927200327201!2m3!1f0!2f0!3f0!3m2!1i1024!2i768!4f13.1!3m3!1m2!1s0x12c98c39b792b59f%3A0x47b1f4625fd4ba47!2s2250%20Rte%20de%20Sisteron%2C%2013100%20Aix-en-Provence!5e0!3m2!1sfr!2sfr!4v1768644855662!5m2!1sfr!2sfr\" title=\"Ouvrie le lien\" target=\"_blank\" rel=\"noopener\">Cliquez ici pour visualiser le contenu<\/a><\/p>\n<p class=\" wall-content\">La 206, qui descendait dans le sens Venelles-Aix, a \u00e9t\u00e9 projet\u00e9e en dehors de la route. Les quatre occupants sont rapidement pris en charge. \u00ab\u2009Une personne \u00e9tait en arr\u00eat cardiorespiratoire, trois autres \u00e9taient bless\u00e9es gravement et <strong>incarc\u00e9r\u00e9es<\/strong>\u2009\u00bb, indique le Service d\u00e9partemental d\u2019incendie et de secours (Sdis) des Bouches-du-Rh\u00f4ne.<\/p>\n<p>Trois jeunes bless\u00e9s en \u00ab\u2009urgence absolue\u2009\u00bb<\/p>\n<p class=\" wall-content\">Les tentatives de r\u00e9animation sur la passag\u00e8re sont malheureusement vaines. Cette adolescente de 17\u00a0ans est d\u00e9clar\u00e9e d\u00e9c\u00e9d\u00e9e un peu plus d\u2019une heure plus tard par le m\u00e9decin du Smur. Le conducteur et deux autres passagers, trois jeunes hommes de <strong>18 et 17\u00a0ans,<\/strong> sont en \u00ab\u2009urgence absolue\u2009\u00bb. L\u2019un d\u2019eux est <strong>transport\u00e9 en h\u00e9licopt\u00e8re<\/strong> jusqu\u2019\u00e0 l\u2019h\u00f4pital de La Timone, \u00e0 Marseille. Les deux autres sont conduits \u00e0 l\u2019h\u00f4pital Nord.<\/p>\n<p class=\" wall-content\">Les occupants de l\u2019autre voiture, une Peugeot 3008 SUV, ne sont que l\u00e9g\u00e8rement bless\u00e9s mais tr\u00e8s choqu\u00e9s. <strong>Cet homme de 64\u00a0ans et cette femme de 70\u00a0ans<\/strong> ont \u00e9t\u00e9 m\u00e9dicalis\u00e9s au Centre hospitalier d\u2019Aix-en-Provence, pr\u00e9cisent encore les pompiers.<\/p>\n<p>Votre r\u00e9gion, votre actu !<\/p>\n<p>Recevez chaque jour les infos qui comptent pour vous.<\/p>\n<p>\t<a href=\"https:\/\/actu.fr\/newsletter\" class=\"ac-btn ac-btn--corner ac-btn--medium ac-btn--blue800\" target=\"_blank\" rel=\"noopener\">S&rsquo;incrire<\/a><\/p>\n<p class=\" wall-content\">Les secours ont \u00e9galement pris en charge <strong>le p\u00e8re de la jeune victime de 17\u00a0ans<\/strong> qui s\u2019est pr\u00e9sent\u00e9 sur les lieux de l\u2019accident apr\u00e8s avoir \u00e9t\u00e9 pr\u00e9venu.<\/p>\n<p>Le conducteur du 3008 n\u00e9gatif \u00e0 l\u2019alcool<\/p>\n<p class=\" wall-content\">Une enqu\u00eate a \u00e9t\u00e9 ouverte pour d\u00e9terminer les causes exactes de cette collision mortelle. Le conducteur de la Peugeot 3008 \u00e9tait n\u00e9gatif \u00e0 l\u2019alcool et aux stup\u00e9fiants.<\/p>\n<p class=\" wall-content\">La route a \u00e9t\u00e9 coup\u00e9e une partie de la nuit et dans les deux sens, pour permettre l\u2019intervention des secours. Les polices nationales et municipales ont \u00e9t\u00e9 mobilis\u00e9es. <strong>Une trentaine de pompiers<\/strong> des Bouches-du-Rh\u00f4ne et une quinzaine d\u2019engins ont \u00e9t\u00e9 d\u00e9ploy\u00e9es sur place. Ils ont re\u00e7u le concours de l\u2019h\u00e9licopt\u00e8re du Smur.<\/p>\n<p class=\" wall-content\">Personnalisez votre actualit\u00e9 en ajoutant vos villes et m\u00e9dias en favori avec <a href=\"https:\/\/moncompte.actu.fr\" title=\"D\u00e9couvez Mon Actu\" rel=\"nofollow noopener\" data-trk=\"{&quot;cta&quot;:{&quot;action&quot;:&quot;https:\\\/\\\/moncompte.actu.fr&quot;,&quot;category&quot;:&quot;mon compte&quot;,&quot;from&quot;:&quot;article footer&quot;,&quot;name&quot;:&quot;Mon actu&quot;,&quot;type&quot;:&quot;cta&quot;}}\" target=\"_blank\">Mon Actu<\/a>.<\/p>\n","protected":false},"excerpt":{"rendered":"Par Fabien Binacchi Publi\u00e9 le 17 janv. 2026 \u00e0 11h30 Dramatique accident \u00e0 Aix-en-Provence. Un peu avant 22h&hellip;\n","protected":false},"author":2,"featured_media":664862,"comment_status":"","ping_status":"","sticky":false,"template":"","format":"standard","meta":{"footnotes":""},"categories":[2814],"tags":[119,1111,11,1777,674,118,1011,27,884,12,1311,882,25],"class_list":{"0":"post-669841","1":"post","2":"type-post","3":"status-publish","4":"format-standard","5":"has-post-thumbnail","7":"category-marseille","8":"tag-accident","9":"tag-actu","10":"tag-actualites","11":"tag-eu","12":"tag-europe","13":"tag-faits-divers","14":"tag-fr","15":"tag-france","16":"tag-marseille","17":"tag-news","18":"tag-pompiers","19":"tag-provence-alpes-cote-dazur","20":"tag-republique-francaise"},"share_on_mastodon":{"url":"https:\/\/pubeurope.com\/@fr\/115910054005540713","error":""},"_links":{"self":[{"href":"https:\/\/www.europesays.com\/fr\/wp-json\/wp\/v2\/posts\/669841","targetHints":{"allow":["GET"]}}],"collection":[{"href":"https:\/\/www.europesays.com\/fr\/wp-json\/wp\/v2\/posts"}],"about":[{"href":"https:\/\/www.europesays.com\/fr\/wp-json\/wp\/v2\/types\/post"}],"author":[{"embeddable":true,"href":"https:\/\/www.europesays.com\/fr\/wp-json\/wp\/v2\/users\/2"}],"replies":[{"embeddable":true,"href":"https:\/\/www.europesays.com\/fr\/wp-json\/wp\/v2\/comments?post=669841"}],"version-history":[{"count":0,"href":"https:\/\/www.europesays.com\/fr\/wp-json\/wp\/v2\/posts\/669841\/revisions"}],"wp:featuredmedia":[{"embeddable":true,"href":"https:\/\/www.europesays.com\/fr\/wp-json\/wp\/v2\/media\/664862"}],"wp:attachment":[{"href":"https:\/\/www.europesays.com\/fr\/wp-json\/wp\/v2\/media?parent=669841"}],"wp:term":[{"taxonomy":"category","embeddable":true,"href":"https:\/\/www.europesays.com\/fr\/wp-json\/wp\/v2\/categories?post=669841"},{"taxonomy":"post_tag","embeddable":true,"href":"https:\/\/www.europesays.com\/fr\/wp-json\/wp\/v2\/tags?post=669841"}],"curies":[{"name":"wp","href":"https:\/\/api.w.org\/{rel}","templated":true}]}}