{"id":669842,"date":"2026-01-17T10:50:13","date_gmt":"2026-01-17T10:50:13","guid":{"rendered":"https:\/\/www.europesays.com\/fr\/669842\/"},"modified":"2026-01-17T10:50:13","modified_gmt":"2026-01-17T10:50:13","slug":"un-conducteur-alcoolise-et-sous-stupefiants-percute-trois-pietons-sur-la-corniche-et-prend-la-fuite","status":"publish","type":"post","link":"https:\/\/www.europesays.com\/fr\/669842\/","title":{"rendered":"un conducteur alcoolis\u00e9 et sous stup\u00e9fiants percute trois pi\u00e9tons sur la Corniche et prend la fuite"},"content":{"rendered":"<p>Sc\u00e8ne consternante dans la nuit de vendredi\u00a016 \u00e0 samedi 17\u00a0janvier sur <a href=\"https:\/\/www.laprovence.com\/article\/region\/43235669918069\/plongeon-depuis-la-corniche-a-marseille-les-contrevenants-convoques-en-mairie-pour-un-rappel-a-lordre\" target=\"_blank\" rel=\"noopener\">la Corniche<\/a> \u00e0 <a href=\"https:\/\/www.laprovence.com\/bouches-du-rhone\/marseille-13055\" target=\"_blank\" rel=\"noopener\">Marseille<\/a>. Vers 2\u00a0heures du matin \u00e0 proximit\u00e9 du vallon de l&rsquo;Auriol, une voiture a percut\u00e9 plusieurs pi\u00e9tons dont une jeune femme de 18 ans, qui <strong>sous le choc, s&rsquo;est empal\u00e9e au niveau du mollet sur une grille<\/strong>.<\/p>\n<p>Elle a \u00e9t\u00e9 prise en charge par les secours, en urgence absolue m\u00e9dicalis\u00e9e, mais sans pronostic vital engag\u00e9, tout comme une seconde victime, <strong>un jeune homme de 18 ans souffrant de douleurs \u00e0 l&rsquo;abdomen<\/strong>. Un troisi\u00e8me \u00e2g\u00e9 de 17 ans, en urgence relative, a \u00e9galement \u00e9t\u00e9 transport\u00e9 \u00e0 l&rsquo;h\u00f4pital. Enfin, les marins-pompiers se sont occup\u00e9s d&rsquo;une quatri\u00e8me personne, une jeune fille de 18 ans sous le choc apr\u00e8s avoir assist\u00e9 \u00e0 la sc\u00e8ne.<\/p>\n<p>Le conducteur, lui, ne s&rsquo;est pas arr\u00eat\u00e9 pour s&rsquo;enqu\u00e9rir de ses victimes et <a href=\"https:\/\/www.laprovence.com\/article\/faits-divers-justice\/1089870063244714\/apres-avoir-percute-une-voiture-a-trets-un-conducteur-sans-permis-prend-la-fuite-et-finit-au-tribunal\" target=\"_blank\" rel=\"noopener\">a pris la fuite<\/a> au volant de sa voiture. Gr\u00e2ce aux signalements de t\u00e9moins, il a toutefois \u00e9t\u00e9 retrouv\u00e9 peu de temps apr\u00e8s et interpell\u00e9 sur les coups de 2\u00a0h\u00a035 du matin. Il s&rsquo;agit d&rsquo;un jeune homme d&rsquo;une vingtaine d&rsquo;ann\u00e9es, d\u00e9j\u00e0 connu pour des d\u00e9lits routiers. Il \u00e9tait alcoolis\u00e9 et <a href=\"https:\/\/www.laprovence.com\/article\/faits-divers-justice\/3728200441839814\/ivre-et-positif-au-cannabis-il-simule-une-paralysie-et-finit-devant-la-justice-dans-les-alpes-de-haute-provence\" target=\"_blank\" rel=\"noopener\">positif aux stup\u00e9fiants<\/a>. <strong>Le conducteur a \u00e9t\u00e9 plac\u00e9 en garde \u00e0 vue<\/strong> par les effectifs de la Division centre, une enqu\u00eate est ouverte<\/p>\n","protected":false},"excerpt":{"rendered":"Sc\u00e8ne consternante dans la nuit de vendredi\u00a016 \u00e0 samedi 17\u00a0janvier sur la Corniche \u00e0 Marseille. Vers 2\u00a0heures du&hellip;\n","protected":false},"author":2,"featured_media":669843,"comment_status":"","ping_status":"","sticky":false,"template":"","format":"standard","meta":{"footnotes":""},"categories":[2814],"tags":[5734,1111,11,17036,8057,1777,674,274,1011,27,884,12,22602,882,25,3107,1098,1100],"class_list":{"0":"post-669842","1":"post","2":"type-post","3":"status-publish","4":"format-standard","5":"has-post-thumbnail","7":"category-marseille","8":"tag-5734","9":"tag-actu","10":"tag-actualites","11":"tag-alcoolise","12":"tag-conducteur","13":"tag-eu","14":"tag-europe","15":"tag-faits-divers-justice","16":"tag-fr","17":"tag-france","18":"tag-marseille","19":"tag-news","20":"tag-percute","21":"tag-provence-alpes-cote-dazur","22":"tag-republique-francaise","23":"tag-sous","24":"tag-stupefiants","25":"tag-trois"},"share_on_mastodon":{"url":"https:\/\/pubeurope.com\/@fr\/115910058061314510","error":""},"_links":{"self":[{"href":"https:\/\/www.europesays.com\/fr\/wp-json\/wp\/v2\/posts\/669842","targetHints":{"allow":["GET"]}}],"collection":[{"href":"https:\/\/www.europesays.com\/fr\/wp-json\/wp\/v2\/posts"}],"about":[{"href":"https:\/\/www.europesays.com\/fr\/wp-json\/wp\/v2\/types\/post"}],"author":[{"embeddable":true,"href":"https:\/\/www.europesays.com\/fr\/wp-json\/wp\/v2\/users\/2"}],"replies":[{"embeddable":true,"href":"https:\/\/www.europesays.com\/fr\/wp-json\/wp\/v2\/comments?post=669842"}],"version-history":[{"count":0,"href":"https:\/\/www.europesays.com\/fr\/wp-json\/wp\/v2\/posts\/669842\/revisions"}],"wp:featuredmedia":[{"embeddable":true,"href":"https:\/\/www.europesays.com\/fr\/wp-json\/wp\/v2\/media\/669843"}],"wp:attachment":[{"href":"https:\/\/www.europesays.com\/fr\/wp-json\/wp\/v2\/media?parent=669842"}],"wp:term":[{"taxonomy":"category","embeddable":true,"href":"https:\/\/www.europesays.com\/fr\/wp-json\/wp\/v2\/categories?post=669842"},{"taxonomy":"post_tag","embeddable":true,"href":"https:\/\/www.europesays.com\/fr\/wp-json\/wp\/v2\/tags?post=669842"}],"curies":[{"name":"wp","href":"https:\/\/api.w.org\/{rel}","templated":true}]}}