{"id":669860,"date":"2026-01-17T11:01:20","date_gmt":"2026-01-17T11:01:20","guid":{"rendered":"https:\/\/www.europesays.com\/fr\/669860\/"},"modified":"2026-01-17T11:01:20","modified_gmt":"2026-01-17T11:01:20","slug":"etats-unis-la-justice-interdit-a-lice-larrestation-de-manifestants-pacifiques-ou-lusage-de-gaz-lacrymogenes-dans-le-minnesota-actualites","status":"publish","type":"post","link":"https:\/\/www.europesays.com\/fr\/669860\/","title":{"rendered":"\u00c9tats-Unis : la justice interdit \u00e0 l\u2019ICE l&rsquo;arrestation de manifestants pacifiques ou l&rsquo;usage de gaz lacrymog\u00e8nes dans le Minnesota : Actualit\u00e9s"},"content":{"rendered":"<p class=\"lead \"><strong>Alors que de violentes tensions se multiplient \u00e0 Minneapolis, une juge f\u00e9d\u00e9rale a interdit le 16 janvier \u00e0 la police de l\u2019immigration d\u2019arr\u00eater ou de gazer des manifestants pacifiques. Donald Trump de son cot\u00e9 agitait la veille de cette initiative un possible recours \u00e0 l\u2019Insurrection Act.<\/strong><\/p>\n<p class=\"lead \">Vendredi 16 janvier 2025, la juge f\u00e9d\u00e9rale Kate Menendez a ordonn\u00e9 des restrictions \u00e0 la police de l\u2019immigration (ICE) dans l\u2019\u00c9tat du Minnesota. Selon ces consignes, les agents ne doivent pas arr\u00eater ou d\u00e9tenir des manifestants dans leur v\u00e9hicule qui \u00ab\u00a0ne font pas obstruction\u00a0\u00bb \u00e0 leur action et ne pas utiliser de spray au poivre contre des manifestants pacifiques. Le fait de suivre les agents \u00ab\u00a0\u00e0 une distance appropri\u00e9e ne cr\u00e9e pas en soi un soup\u00e7on raisonnable justifiant l\u2019arr\u00eat d\u2019un v\u00e9hicule\u00a0\u00bb, pr\u00e9cise la d\u00e9cision, comme le rapporte <a href=\"https:\/\/www.lemonde.fr\/international\/article\/2026\/01\/16\/minneapolis-donald-trump-ne-voit-pas-de-raison-pour-le-moment-d-invoquer-l-insurrection-act-qui-lui-permettrait-de-deployer-l-armee_6662577_3210.html\" target=\"_blank\" rel=\"noopener\">Le Monde<\/a>. Le minist\u00e8re de la S\u00e9curit\u00e9 int\u00e9rieure a soixante-douze heures pour s\u2019y conformer.<\/p>\n<p class=\"lead \">Pour rappel, Minneapolis fait face \u00e0 de vives tensions entre les habitants et les agents de la police f\u00e9d\u00e9rale de l\u2019immigration am\u00e9ricaine (ICE). Une vague de manifestations et de protestations a \u00e9clat\u00e9 apr\u00e8s la mort de Renee Good, une Am\u00e9ricaine de 37 ans. Cette m\u00e8re de famille, abattue au volant de sa voiture par un policier de l&rsquo;immigration, participait alors \u00e0 une action coup de poing contre l&rsquo;ICE, qui avait pr\u00e9vu une s\u00e9rie d&rsquo;arrestations d&rsquo;\u00e9trangers en situation irr\u00e9guli\u00e8re sur le territoire.<\/p>\n<p class=\"lead \">Quelques jours plus tard, le 14 janvier, un policier de l&rsquo;ICE a tir\u00e9 sur un homme v\u00e9n\u00e9zu\u00e9lien qui refusait de se soumettre \u00e0 un contr\u00f4le routier, comme le souligne <a href=\"https:\/\/www.lemonde.fr\/international\/article\/2026\/01\/16\/minneapolis-donald-trump-ne-voit-pas-de-raison-pour-le-moment-d-invoquer-l-insurrection-act-qui-lui-permettrait-de-deployer-l-armee_6662577_3210.html\" target=\"_blank\" rel=\"noopener\">Le Monde<\/a>. La S\u00e9curit\u00e9 int\u00e9rieure a d\u00e9clar\u00e9 par la suite qu&rsquo;il s&rsquo;agissait d&rsquo;un \u00ab\u00a0\u00e9tranger en situation irr\u00e9guli\u00e8re venant du Venezuela\u00a0\u00bb ayant r\u00e9sist\u00e9 \u00e0 son arrestation.<\/p>\n<p>                                                                                                Donald Trump et la menace de l\u2019Insurrection Act<\/p>\n<p class=\"lead \">En r\u00e9action \u00e0 la d\u00e9cision limitant l&rsquo;autorit\u00e9 de la police de l\u2019immigration dans l\u2019\u00c9tat du Minnesota, Donald Trump a estim\u00e9 qu\u2019il ne voyait \u00ab\u00a0pas de raison pour le moment\u00a0\u00bb d\u2019invoquer l\u2019Insurrection Act face \u00e0 des manifestations dans cet \u00c9tat. Le pr\u00e9sident des \u00c9tats-Unis avait brandi la menace de l\u2019Insurrection Act, jeudi 15 janvier, apr\u00e8s de nouveaux heurts entre forces de l\u2019ordre et manifestants \u00e0 Minneapolis. Ce texte permettrait au chef d&rsquo;\u00c9tat d\u2019employer l\u2019arm\u00e9e comme une force de police \u00e0 Minneapolis. \u00ab\u00a0Si j\u2019en avais besoin, je l\u2019utiliserais. Je pense qu\u2019il n\u2019y a pas de raison pour le moment de le faire\u00a0\u00bb, estimait le chef d&rsquo;\u00c9tat de 79 ans.<\/p>\n<p class=\"lead \">Dans un message sur le r\u00e9seau Truth Social, Donald Trump mena\u00e7ait de faire usage de cette mesure si \u00ab\u00a0les politiciens corrompus du Minnesota ne respectent pas la loi et ne s\u2019emploient pas \u00e0 emp\u00eacher les agitateurs professionnels et les insurg\u00e9s d\u2019attaquer\u00a0\u00bb, les agents d\u2019ICE. Les autorit\u00e9s d\u00e9mocrates du Minnesota accusent de leur c\u00f4t\u00e9 le gouvernement de semer le chaos \u00e0 Minneapolis en multipliant les op\u00e9rations de contr\u00f4le et les arrestations.<\/p>\n<p class=\"small font-weight-bold text-gray3 \"> publi\u00e9 le 17 janvier \u00e0 11h29, Axel Juin, 6Medias<\/p>\n<p>                             Partager<\/p>\n","protected":false},"excerpt":{"rendered":"Alors que de violentes tensions se multiplient \u00e0 Minneapolis, une juge f\u00e9d\u00e9rale a interdit le 16 janvier \u00e0&hellip;\n","protected":false},"author":2,"featured_media":669861,"comment_status":"","ping_status":"","sticky":false,"template":"","format":"standard","meta":{"footnotes":""},"categories":[1589],"tags":[11,73,1866,12,1864,1865,1863,308],"class_list":{"0":"post-669860","1":"post","2":"type-post","3":"status-publish","4":"format-standard","5":"has-post-thumbnail","7":"category-etats-unis","8":"tag-actualites","9":"tag-etats-unis","10":"tag-etats-unis-damerique","11":"tag-news","12":"tag-united-states","13":"tag-united-states-of-america","14":"tag-us","15":"tag-usa"},"share_on_mastodon":{"url":"https:\/\/pubeurope.com\/@fr\/115910101182712779","error":""},"_links":{"self":[{"href":"https:\/\/www.europesays.com\/fr\/wp-json\/wp\/v2\/posts\/669860","targetHints":{"allow":["GET"]}}],"collection":[{"href":"https:\/\/www.europesays.com\/fr\/wp-json\/wp\/v2\/posts"}],"about":[{"href":"https:\/\/www.europesays.com\/fr\/wp-json\/wp\/v2\/types\/post"}],"author":[{"embeddable":true,"href":"https:\/\/www.europesays.com\/fr\/wp-json\/wp\/v2\/users\/2"}],"replies":[{"embeddable":true,"href":"https:\/\/www.europesays.com\/fr\/wp-json\/wp\/v2\/comments?post=669860"}],"version-history":[{"count":0,"href":"https:\/\/www.europesays.com\/fr\/wp-json\/wp\/v2\/posts\/669860\/revisions"}],"wp:featuredmedia":[{"embeddable":true,"href":"https:\/\/www.europesays.com\/fr\/wp-json\/wp\/v2\/media\/669861"}],"wp:attachment":[{"href":"https:\/\/www.europesays.com\/fr\/wp-json\/wp\/v2\/media?parent=669860"}],"wp:term":[{"taxonomy":"category","embeddable":true,"href":"https:\/\/www.europesays.com\/fr\/wp-json\/wp\/v2\/categories?post=669860"},{"taxonomy":"post_tag","embeddable":true,"href":"https:\/\/www.europesays.com\/fr\/wp-json\/wp\/v2\/tags?post=669860"}],"curies":[{"name":"wp","href":"https:\/\/api.w.org\/{rel}","templated":true}]}}