{"id":66987,"date":"2025-05-01T13:34:09","date_gmt":"2025-05-01T13:34:09","guid":{"rendered":"https:\/\/www.europesays.com\/fr\/66987\/"},"modified":"2025-05-01T13:34:09","modified_gmt":"2025-05-01T13:34:09","slug":"au-royaume-uni-des-elections-locales-qui-pourraient-bouleverser-le-paysage-politique","status":"publish","type":"post","link":"https:\/\/www.europesays.com\/fr\/66987\/","title":{"rendered":"Au Royaume-Uni, des \u00e9lections locales qui pourraient bouleverser le paysage politique"},"content":{"rendered":"<p>Les sondages r\u00e9alis\u00e9s \u00e0 l\u2019approche du scrutin qui se tient ce jeudi donnaient le parti anti-immigration Reform UK au coude-\u00e0-coude avec les travaillistes et les conservateurs.<\/p>\n<p class=\"fig-paragraph\">Ce ne sont que des \u00e9lections locales et, pourtant, elles pourraient consacrer un bouleversement majeur de la vie politique britannique. Si les sondages disent vrai, le scrutin de jeudi va concr\u00e9tiser la fin de l\u2019\u00e9crasant duopole travailliste-conservateur, qui a domin\u00e9 la politique pendant un si\u00e8cle. Un s\u00e9isme d\u00e9clench\u00e9 notamment parle parti \u00abpopuliste de droite\u00bb de\u00a0<a href=\"http:\/\/www.lefigaro.fr\/vox\/monde\/royaume-uni-en-faisant-le-menage-dans-son-parti-nigel-farage-cherche-a-se-dediaboliser-20250312\" data-fig-type=\"Article\" data-gtm-custom-categorie=\"navigation\" data-gtm-custom-action=\"crossclick\" data-gtm-custom-label=\"Contextuel\" data-gtm-event=\"customEventSPE\" data-fig-domain=\"LEFIGARO\" target=\"_blank\" rel=\"noopener\">Nigel Farage<\/a>, Reform UK, tr\u00e8s en forme dans les sondages.<\/p>\n<p class=\"fig-paragraph\">Les affaires s\u00e9rieuses ne se jouent plus \u00e0 deux. Quatre ou cinq partis entrent d\u00e9sormais en s\u00e9rieuse concurrence. Outre le Labour et les Tories, s\u2019alignent le parti anti-immigration\u00a0<a href=\"http:\/\/www.lefigaro.fr\/vox\/monde\/reform-uk-le-parti-anti-immigration-qui-fait-trembler-travaillistes-et-conservateurs-britanniques-20241212\" data-fig-type=\"Article\" data-gtm-custom-categorie=\"navigation\" data-gtm-custom-action=\"crossclick\" data-gtm-custom-label=\"Contextuel\" data-gtm-event=\"customEventSPE\" data-fig-domain=\"LEFIGARO\" target=\"_blank\" rel=\"noopener\">Reform UK<\/a>, les Lib\u00e9raux-d\u00e9mocrates et les Verts. \u00abLes conditions sont r\u00e9unies pour la plus grande remise en cause des conventions politiques de la politique britannique depuis les ann\u00e9es 1920\u00a0\u00bb, a d\u00e9clar\u00e9 au Financial Times le grand \u00ab gourou\u00a0\u00bb de l\u2019analyse \u00e9lectorale britannique, Sir John Curtice. Pour lui, \u00ab la politique n\u2019est plus unidimensionnelle\u00a0\u00bb. L\u2019ancien clivage gauche-droite\u2026<\/p>\n<p class=\"fig-premium-paywall__infos\">\n        Cet article est r\u00e9serv\u00e9 aux abonn\u00e9s.        Il vous reste 86% \u00e0 d\u00e9couvrir.\n    <\/p>\n<p>                <img  data- alt=\"Le Figaro\" class=\"fig-img--complete fig-img\"\/><\/p>\n<p class=\"fig-premium-paywall__title\">Je m&rsquo;informe, je m&rsquo;inspire, je m&rsquo;abonne.<\/p>\n<p class=\"fig-premium-paywall__subtitle\">D\u00e9couvrez notre offre de bienvenue.<\/p>\n<p class=\"fig-premium-paywall__connect\">\n                D\u00e9j\u00e0 abonn\u00e9\u00a0?                <a class=\"fig-premium-paywall__connect-link\" href=\"https:\/\/connect.lefigaro.fr\/login?client=horizon_web&amp;type=main&amp;redirect_uri=https%3A%2F%2Fwww.lefigaro.fr%2Finternational%2Fau-royaume-uni-des-elections-locales-qui-pourraient-bouleverser-le-paysage-politique-20250501\" data-js-gtm=\"{&quot;customCategorie&quot;: &quot;conversion&quot;, &quot;customAction&quot;: &quot;before_Landing_Connexion_paywall_auto&quot;, &quot;customLabel&quot;: &quot;bGVmaWdhcm8uZnJfXzFmMDI2NWQ5LWFmMTktNjlhYS1iMmZjLTUzZjRiZjY2MjFiM19fQXJ0aWNsZQ==_Au Royaume-Uni, des \u00e9lections locales qui pourraient bouleverser le paysage politique_575&quot;, &quot;customIDSPE&quot;: &quot;bGVmaWdhcm8uZnJfXzFmMDI2NWQ5LWFmMTktNjlhYS1iMmZjLTUzZjRiZjY2MjFiM19fQXJ0aWNsZQ==&quot;, &quot;event&quot;: &quot;customEventSPE&quot;}\" target=\"_blank\" rel=\"noopener\"><br \/>\n                    Connectez-vous<br \/>\n                <\/a>\n            <\/p>\n","protected":false},"excerpt":{"rendered":"Les sondages r\u00e9alis\u00e9s \u00e0 l\u2019approche du scrutin qui se tient ce jeudi donnaient le parti anti-immigration Reform UK&hellip;\n","protected":false},"author":2,"featured_media":66988,"comment_status":"","ping_status":"","sticky":false,"template":"","format":"standard","meta":{"footnotes":""},"categories":[1588],"tags":[259,11,260,1777,674,14,2581,261,12,10669,262,473,1853,1851,1850,1852],"class_list":{"0":"post-66987","1":"post","2":"type-post","3":"status-publish","4":"format-standard","5":"has-post-thumbnail","7":"category-royaume-uni","8":"tag-actualite-internationale","9":"tag-actualites","10":"tag-affaires-etrangeres","11":"tag-eu","12":"tag-europe","13":"tag-international","14":"tag-keir-starmer","15":"tag-ministere-des-affaires-etrangeres","16":"tag-news","17":"tag-nigel-farage","18":"tag-politique-etrangere","19":"tag-royaume-uni","20":"tag-royaume-uni-de-grande-bretagne-et-dirlande-du-nord","21":"tag-uk","22":"tag-united-kingdom","23":"tag-united-kingdom-of-great-britain-and-northern-ireland"},"share_on_mastodon":{"url":"https:\/\/pubeurope.com\/@fr\/114432840447916246","error":""},"_links":{"self":[{"href":"https:\/\/www.europesays.com\/fr\/wp-json\/wp\/v2\/posts\/66987","targetHints":{"allow":["GET"]}}],"collection":[{"href":"https:\/\/www.europesays.com\/fr\/wp-json\/wp\/v2\/posts"}],"about":[{"href":"https:\/\/www.europesays.com\/fr\/wp-json\/wp\/v2\/types\/post"}],"author":[{"embeddable":true,"href":"https:\/\/www.europesays.com\/fr\/wp-json\/wp\/v2\/users\/2"}],"replies":[{"embeddable":true,"href":"https:\/\/www.europesays.com\/fr\/wp-json\/wp\/v2\/comments?post=66987"}],"version-history":[{"count":0,"href":"https:\/\/www.europesays.com\/fr\/wp-json\/wp\/v2\/posts\/66987\/revisions"}],"wp:featuredmedia":[{"embeddable":true,"href":"https:\/\/www.europesays.com\/fr\/wp-json\/wp\/v2\/media\/66988"}],"wp:attachment":[{"href":"https:\/\/www.europesays.com\/fr\/wp-json\/wp\/v2\/media?parent=66987"}],"wp:term":[{"taxonomy":"category","embeddable":true,"href":"https:\/\/www.europesays.com\/fr\/wp-json\/wp\/v2\/categories?post=66987"},{"taxonomy":"post_tag","embeddable":true,"href":"https:\/\/www.europesays.com\/fr\/wp-json\/wp\/v2\/tags?post=66987"}],"curies":[{"name":"wp","href":"https:\/\/api.w.org\/{rel}","templated":true}]}}