{"id":66989,"date":"2025-05-01T13:35:09","date_gmt":"2025-05-01T13:35:09","guid":{"rendered":"https:\/\/www.europesays.com\/fr\/66989\/"},"modified":"2025-05-01T13:35:09","modified_gmt":"2025-05-01T13:35:09","slug":"ibrahim-maza-opte-pour-un-nouveau-destin-officiel","status":"publish","type":"post","link":"https:\/\/www.europesays.com\/fr\/66989\/","title":{"rendered":"Ibrahim Maza opte pour un nouveau destin (Officiel)"},"content":{"rendered":"<p><strong><a href=\"https:\/\/news.google.com\/publications\/CAAiEBGmL1gPzGuco3CieMEuvOIqFAgKIhARpi9YD8xrnKNwonjBLrzi\/sections\/CAQqKggAIhARpi9YD8xrnKNwonjBLrziKhQICiIQEaYvWA_Ma5yjcKJ4wS684jC02s8G?hl=fr&amp;gl=FR&amp;ceid=FR%3Afr\" target=\"_blank\" rel=\"noopener\"><br \/>\nAlg\u00e9rie<\/a>\u00a0<a href=\"https:\/\/news.google.com\/publications\/CAAiEBGmL1gPzGuco3CieMEuvOIqFAgKIhARpi9YD8xrnKNwonjBLrzi\/sections\/CAQqKggAIhARpi9YD8xrnKNwonjBLrziKhQICiIQEaYvWA_Ma5yjcKJ4wS684jC02s8G?hl=fr&amp;gl=FR&amp;ceid=FR%3Afr\" target=\"_blank\" rel=\"noopener\">Foot<br \/>\n\u2013<\/a> Ibrahim Maza continue de gravir les \u00e9chelons \u00e0 une<br \/>\nvitesse fulgurante. \u00c0 seulement 19 ans, le jeune milieu offensif<br \/>\nalg\u00e9rien vient de franchir une nouvelle \u00e9tape majeure dans sa<br \/>\ncarri\u00e8re en s\u2019engageant officiellement avec le Bayer Leverkusen,<br \/>\nchampion d\u2019Allemagne en titre. Une r\u00e9compense logique pour celui<br \/>\nqui s\u2019est illustr\u00e9 cette saison sous les couleurs du Hertha Berlin,<br \/>\nen 2. Bundesliga.<\/strong><\/p>\n<p class=\"\" data-start=\"395\" data-end=\"897\">N\u00e9 en Allemagne mais<br \/>\ninternational alg\u00e9rien depuis peu, Maza a disput\u00e9 32 matchs avec le<br \/>\nHertha, inscrivant 7 buts et d\u00e9livrant 5 passes d\u00e9cisives. Son<br \/>\ntalent n\u2019a pas tard\u00e9 \u00e0 faire parler de lui outre-Rhin, au point de<br \/>\ns\u00e9duire de grandes \u00e9curies, dont le Bayer Leverkusen de Xabi<br \/>\nAlonso. Ce dernier, s\u00e9duit par le profil du joueur, n\u2019a pas attendu<br \/>\nla fin de la saison pour finaliser le transfert. Le club a<br \/>\nofficialis\u00e9 l\u2019arriv\u00e9e de Maza pour l\u2019exercice 2025\/2026, avec un<br \/>\ncontrat courant jusqu\u2019en 2030.<\/p>\n<p class=\"\" data-start=\"899\" data-end=\"1314\">Dans son communiqu\u00e9,<br \/>\nle directeur sportif Simon Rolfes n\u2019a pas tari d\u2019\u00e9loges \u00e0 l\u2019\u00e9gard<br \/>\ndu jeune Fennec : <strong>\u00ab Ibrahim Maza est actuellement l\u2019un<br \/>\ndes jeunes attaquants les plus int\u00e9ressants. Il correspond \u00e0 notre<br \/>\nstyle de jeu, poss\u00e8de des qualit\u00e9s techniques exceptionnelles, est<br \/>\nun dribbleur fort et a un excellent sens du collectif<br \/>\n\u00bb<\/strong>. Un profil parfait pour l\u2019\u00e9quipe dynamique et<br \/>\ntourn\u00e9e vers l\u2019attaque de Leverkusen.<\/p>\n<p>\n<strong data-start=\"0\" data-end=\"66\" data-is-last-node=\"\" data-is-only-node=\"\">Ibrahim Maza<br \/>\npr\u00e9sent\u00e9 \u00e0 Leverkusen sous les yeux de sa famille<\/strong>\n<\/p>\n<p class=\"\" data-start=\"0\" data-end=\"289\">Lors de sa pr\u00e9sentation<br \/>\nofficielle au Bayer Leverkusen, Ibrahim Maza \u00e9tait accompagn\u00e9 de sa<br \/>\nfamille. Un moment fort en \u00e9motion pour le jeune international<br \/>\nalg\u00e9rien, entour\u00e9 de ses proches pour c\u00e9l\u00e9brer cette nouvelle \u00e9tape<br \/>\nde sa carri\u00e8re dans l\u2019un des clubs les plus ambitieux<br \/>\nd\u2019Allemagne.<\/p>\n<p><img loading=\"lazy\" decoding=\"async\" class=\"wp-image-164017 perfmatters-lazy\" title=\"maza\" alt=\"maza\" width=\"707\" height=\"537\" src=\"https:\/\/www.europesays.com\/fr\/wp-content\/uploads\/2025\/05\/maza-300x228.jpg\"  data-\/><\/p>\n<p class=\"\" data-start=\"1316\" data-end=\"1766\">Cette signature<br \/>\nrepr\u00e9sente une opportunit\u00e9 exceptionnelle pour Maza, qui \u00e9voluera<br \/>\nd\u00e9sormais dans un environnement de tr\u00e8s haut niveau, au sein d\u2019un<br \/>\nclub habitu\u00e9 aux joutes europ\u00e9ennes et qui fait confiance aux<br \/>\njeunes talents. Pour l\u2019\u00e9quipe nationale alg\u00e9rienne, c\u2019est aussi une<br \/>\nexcellente nouvelle : un de ses nouveaux visages les plus<br \/>\nprometteurs va progresser dans un cadre id\u00e9al, ce qui pourrait<br \/>\nrapidement le rendre incontournable chez les Verts.<\/p>\n<p class=\"\" data-start=\"1768\" data-end=\"1829\">Le parcours d\u2019Ibrahim<br \/>\nMaza ne fait visiblement que commencer.<\/p>\n<p>Lire \u00e9galement :<\/p>\n<p><a href=\"https:\/\/fennecfootball.com\/six-mois-de-prison-pour-un-ancien-international-algerien\/\" target=\"_blank\" rel=\"noopener\"><br \/>\nSix mois de prison pour un ancien international alg\u00e9rien !<\/a><\/p>\n<p><\/p>\n","protected":false},"excerpt":{"rendered":"Alg\u00e9rie\u00a0Foot \u2013 Ibrahim Maza continue de gravir les \u00e9chelons \u00e0 une vitesse fulgurante. \u00c0 seulement 19 ans, le&hellip;\n","protected":false},"author":2,"featured_media":66990,"comment_status":"","ping_status":"","sticky":false,"template":"","format":"standard","meta":{"footnotes":""},"categories":[1587],"tags":[11,16770,672,1804,1805,1803,16771,1777,674,16772,1801,16773,11006,12,1802],"class_list":{"0":"post-66989","1":"post","2":"type-post","3":"status-publish","4":"format-standard","5":"has-post-thumbnail","7":"category-allemagne","8":"tag-actualites","9":"tag-algu00e9rie-foot","10":"tag-allemagne","11":"tag-bundesrepublik-deutschland","12":"tag-de","13":"tag-deutschland","14":"tag-equipe-dalgu00e9rie","15":"tag-eu","16":"tag-europe","17":"tag-football-algu00e9rien","18":"tag-germany","19":"tag-ibrahim-maza","20":"tag-maza","21":"tag-news","22":"tag-republique-federale-dallemagne"},"share_on_mastodon":{"url":"https:\/\/pubeurope.com\/@fr\/114432843696342413","error":""},"_links":{"self":[{"href":"https:\/\/www.europesays.com\/fr\/wp-json\/wp\/v2\/posts\/66989","targetHints":{"allow":["GET"]}}],"collection":[{"href":"https:\/\/www.europesays.com\/fr\/wp-json\/wp\/v2\/posts"}],"about":[{"href":"https:\/\/www.europesays.com\/fr\/wp-json\/wp\/v2\/types\/post"}],"author":[{"embeddable":true,"href":"https:\/\/www.europesays.com\/fr\/wp-json\/wp\/v2\/users\/2"}],"replies":[{"embeddable":true,"href":"https:\/\/www.europesays.com\/fr\/wp-json\/wp\/v2\/comments?post=66989"}],"version-history":[{"count":0,"href":"https:\/\/www.europesays.com\/fr\/wp-json\/wp\/v2\/posts\/66989\/revisions"}],"wp:featuredmedia":[{"embeddable":true,"href":"https:\/\/www.europesays.com\/fr\/wp-json\/wp\/v2\/media\/66990"}],"wp:attachment":[{"href":"https:\/\/www.europesays.com\/fr\/wp-json\/wp\/v2\/media?parent=66989"}],"wp:term":[{"taxonomy":"category","embeddable":true,"href":"https:\/\/www.europesays.com\/fr\/wp-json\/wp\/v2\/categories?post=66989"},{"taxonomy":"post_tag","embeddable":true,"href":"https:\/\/www.europesays.com\/fr\/wp-json\/wp\/v2\/tags?post=66989"}],"curies":[{"name":"wp","href":"https:\/\/api.w.org\/{rel}","templated":true}]}}