{"id":669897,"date":"2026-01-17T11:26:12","date_gmt":"2026-01-17T11:26:12","guid":{"rendered":"https:\/\/www.europesays.com\/fr\/669897\/"},"modified":"2026-01-17T11:26:12","modified_gmt":"2026-01-17T11:26:12","slug":"eric-laverdin-realisateur-historique-des-grosses-tetes-de-philippe-bouvard-et-fidele-lieutenant-de-laurent-gerra-sur-rtl-est-mort","status":"publish","type":"post","link":"https:\/\/www.europesays.com\/fr\/669897\/","title":{"rendered":"\u00c9ric Laverdin, r\u00e9alisateur historique des \u00ab\u00a0Grosses T\u00eates\u00a0\u00bb de Philippe Bouvard et fid\u00e8le lieutenant de Laurent Gerra sur RTL, est mort"},"content":{"rendered":"<p class=\"article-p mdl\">Il faisait partie de la famille RTL depuis plus de 50 ans et a travaill\u00e9 avec les plus grands de la station. <strong>\u00c9ric Laverdin<\/strong>, r\u00e9alisateur historique des Grosses T\u00eates de <strong>Philippe Bouvard<\/strong> et fid\u00e8le lieutenant de <strong>Laurent Gerra<\/strong>, est mort ce jeudi 15 janvier. Il avait 70 ans. Il est arriv\u00e9 \u00e0 RTL en 1976 au standard de Station de nuit. L&rsquo;\u00e9mission suivait Les routiers sont sympas et qui aidait les automobilistes en gal\u00e8re.<\/p>\n<p class=\"article-p mdl\">Devenu Monsieur routes, \u00c9ric Laverdin intervenait \u00e0 l&rsquo;antenne pour faire des points circulation avec Georges Lang, notamment dans\u00a0Station de Nuit. Rapidement, il est devenu responsable du standard, avant de devenir assistant de Bernard Desfoux, r\u00e9alisateur des Grosses T\u00eates.\u00a0<\/p>\n<p class=\"article-p mdl\">Il lui a succ\u00e9d\u00e9 dans les ann\u00e9es 80 pour ne plus jamais quitter Philippe Bouvard qui le consid\u00e9rait, selon Colette Bouvard, \u00ab\u00a0comme un fils\u00a0\u00bb.\u00a0Il restera le r\u00e9alisateur de l&rsquo;\u00e9mission pendant plus de 16 ans.\u00a0Enfin, il y a la rencontre avec l&rsquo;\u00e9quipe de Laurent Gerra, dont il r\u00e9alisait les chroniques quotidiennes. Ceux qui l&rsquo;ont c\u00f4toy\u00e9 disaient de lui qu&rsquo;il \u00e9tait \u00ab\u00a0la gentillesse incarn\u00e9e\u00a0\u00bb.\u00a0\u00a0<\/p>\n<p>    La r\u00e9daction vous recommande<\/p>\n<p class=\"s-newsletter__title\">\n                L\u2019actualit\u00e9 par la r\u00e9daction de RTL dans votre bo\u00eete mail.\n            <\/p>\n<p class=\"s-newsletter__subtitle\">\n                Gr\u00e2ce \u00e0 votre compte RTL abonnez-vous \u00e0 la newsletter RTL info pour suivre toute l&rsquo;actualit\u00e9 au quotidien\n            <\/p>\n<p>\n                                    Lire la suite\n                                <\/p>\n","protected":false},"excerpt":{"rendered":"Il faisait partie de la famille RTL depuis plus de 50 ans et a travaill\u00e9 avec les plus&hellip;\n","protected":false},"author":2,"featured_media":669898,"comment_status":"","ping_status":"","sticky":false,"template":"","format":"standard","meta":{"footnotes":""},"categories":[8],"tags":[3983,58,59,2414,107,1011,27,1825],"class_list":{"0":"post-669897","1":"post","2":"type-post","3":"status-publish","4":"format-standard","5":"has-post-thumbnail","7":"category-divertissement","8":"tag-deces","9":"tag-divertissement","10":"tag-entertainment","11":"tag-fil-culture","12":"tag-fil-info","13":"tag-fr","14":"tag-france","15":"tag-radio"},"share_on_mastodon":{"url":"https:\/\/pubeurope.com\/@fr\/115910199606805555","error":""},"_links":{"self":[{"href":"https:\/\/www.europesays.com\/fr\/wp-json\/wp\/v2\/posts\/669897","targetHints":{"allow":["GET"]}}],"collection":[{"href":"https:\/\/www.europesays.com\/fr\/wp-json\/wp\/v2\/posts"}],"about":[{"href":"https:\/\/www.europesays.com\/fr\/wp-json\/wp\/v2\/types\/post"}],"author":[{"embeddable":true,"href":"https:\/\/www.europesays.com\/fr\/wp-json\/wp\/v2\/users\/2"}],"replies":[{"embeddable":true,"href":"https:\/\/www.europesays.com\/fr\/wp-json\/wp\/v2\/comments?post=669897"}],"version-history":[{"count":0,"href":"https:\/\/www.europesays.com\/fr\/wp-json\/wp\/v2\/posts\/669897\/revisions"}],"wp:featuredmedia":[{"embeddable":true,"href":"https:\/\/www.europesays.com\/fr\/wp-json\/wp\/v2\/media\/669898"}],"wp:attachment":[{"href":"https:\/\/www.europesays.com\/fr\/wp-json\/wp\/v2\/media?parent=669897"}],"wp:term":[{"taxonomy":"category","embeddable":true,"href":"https:\/\/www.europesays.com\/fr\/wp-json\/wp\/v2\/categories?post=669897"},{"taxonomy":"post_tag","embeddable":true,"href":"https:\/\/www.europesays.com\/fr\/wp-json\/wp\/v2\/tags?post=669897"}],"curies":[{"name":"wp","href":"https:\/\/api.w.org\/{rel}","templated":true}]}}