{"id":669901,"date":"2026-01-17T11:28:12","date_gmt":"2026-01-17T11:28:12","guid":{"rendered":"https:\/\/www.europesays.com\/fr\/669901\/"},"modified":"2026-01-17T11:28:12","modified_gmt":"2026-01-17T11:28:12","slug":"regain-deuphorie-dans-le-monde-des-biotechs","status":"publish","type":"post","link":"https:\/\/www.europesays.com\/fr\/669901\/","title":{"rendered":"Regain d\u2019euphorie dans le monde des biotechs"},"content":{"rendered":"<p>                     <img loading=\"lazy\" decoding=\"async\" src=\"https:\/\/www.europesays.com\/fr\/wp-content\/uploads\/2026\/01\/640938c_ftp-1-ozhntwrquqwj-2026-01-12t200016z-2001260119-rc2uziaz1v53-rtrmadp-3-health-usa-conferenc.jpeg\" alt=\"Lors de la J. P.\u00a0Morgan Healthcare Conference, \u00e0 San Francisco (Californie), le 12\u00a0janvier 2026.\"   width=\"664\" height=\"443\"\/>    Lors de la J. P.\u00a0Morgan Healthcare Conference, \u00e0 San Francisco (Californie), le 12\u00a0janvier 2026.  SABRINA VALLE\/REUTERS                 <\/p>\n<p class=\"article__paragraph  \">Le soleil a brill\u00e9 toute la semaine \u00e0 San Francisco. Et comme souvent lors de la J. P.\u00a0Morgan Healthcare Conference, la grand-messe annuelle mondiale de la biotech o\u00f9 convergent jeunes pousses, petits et grands laboratoires pharmaceutiques, banquiers et investisseurs de tout poil, les caprices m\u00e9t\u00e9orologiques locaux sont lus comme un pr\u00e9sage des humeurs \u00e0 venir du march\u00e9. Cette 44e \u00e9dition, organis\u00e9e du 12 au 15\u00a0janvier, n\u2019a pas \u00e9chapp\u00e9 \u00e0 cette r\u00e9putation. \u00ab\u00a0L\u2019ambiance g\u00e9n\u00e9rale \u00e9tait \u00e0 l\u2019optimisme et, co\u00efncidence ou pas, il a fait particuli\u00e8rement beau\u00a0\u00bb, plaisante Pascal Prigent, PDG de Genfit, de retour du grand raout am\u00e9ricain.<\/p>\n<p>                                   Lire aussi |  Article r\u00e9serv\u00e9 \u00e0 nos abonn\u00e9s  <a href=\"https:\/\/www.lemonde.fr\/economie\/article\/2025\/01\/21\/apres-une-nouvelle-annee-morose-la-biotech-guette-les-signes-d-une-reprise_6508440_3234.html\" class=\"js-article-read-also catcher--favoris__link\" data-premium=\"1\" id=\"article-title-3406511\" target=\"_blank\" rel=\"noopener\">Apr\u00e8s une nouvelle ann\u00e9e morose, la biotech guette les signes d\u2019une reprise<\/a>    <\/p>\n<p>   Lire plus tard  <\/p>\n<p class=\"article__paragraph  \">M\u00eame l\u2019absence, cette ann\u00e9e, d\u2019annonces embl\u00e9matiques d\u2019acquisitions, comme c\u2019est souvent le cas lors de l\u2019\u00e9v\u00e9nement, n\u2019a pas entam\u00e9 la bonne humeur collective. Les rumeurs allaient pourtant bon train. Chez les participants fran\u00e7ais, les bruits de couloir sur un possible rachat de la biotech tricolore Abivax par le g\u00e9ant du diab\u00e8te et de l\u2019ob\u00e9sit\u00e9 Eli Lilly \u00e9tait sur toutes les l\u00e8vres. Il faut dire que l\u2019envol\u00e9e vertigineuse de cette jeune pousse fond\u00e9e en\u00a02013, et dont chacun scrute avec gourmandise les performances, fait r\u00eaver. Valoris\u00e9e moins de 400\u00a0millions de dollars (345\u00a0millions d\u2019euros) il y a sept mois, sa capitalisation boursi\u00e8re d\u00e9passe aujourd\u2019hui les 9\u00a0milliards. Du jamais vu pour une biotech hexagonale. \u00ab\u00a0C\u2019est incroyable, ils ont explos\u00e9 le plafond de verre auquel se heurtaient depuis toujours les biotechs fran\u00e7aises\u00a0\u00bb, s\u2019enthousiasme Nawal Ouzren, directrice g\u00e9n\u00e9rale de Sensorion.<\/p>\n<p class=\"reading-mode-only \"><strong>Il vous reste 77.47% de cet article \u00e0 lire. La suite est r\u00e9serv\u00e9e aux abonn\u00e9s.<\/strong><\/p>\n","protected":false},"excerpt":{"rendered":"Lors de la J. P.\u00a0Morgan Healthcare Conference, \u00e0 San Francisco (Californie), le 12\u00a0janvier 2026. SABRINA VALLE\/REUTERS Le soleil&hellip;\n","protected":false},"author":2,"featured_media":669902,"comment_status":"","ping_status":"","sticky":false,"template":"","format":"standard","meta":{"footnotes":""},"categories":[6],"tags":[35,33,34,1011,27],"class_list":{"0":"post-669901","1":"post","2":"type-post","3":"status-publish","4":"format-standard","5":"has-post-thumbnail","7":"category-economie","8":"tag-business","9":"tag-economie","10":"tag-economy","11":"tag-fr","12":"tag-france"},"share_on_mastodon":{"url":"https:\/\/pubeurope.com\/@fr\/115910207413050679","error":""},"_links":{"self":[{"href":"https:\/\/www.europesays.com\/fr\/wp-json\/wp\/v2\/posts\/669901","targetHints":{"allow":["GET"]}}],"collection":[{"href":"https:\/\/www.europesays.com\/fr\/wp-json\/wp\/v2\/posts"}],"about":[{"href":"https:\/\/www.europesays.com\/fr\/wp-json\/wp\/v2\/types\/post"}],"author":[{"embeddable":true,"href":"https:\/\/www.europesays.com\/fr\/wp-json\/wp\/v2\/users\/2"}],"replies":[{"embeddable":true,"href":"https:\/\/www.europesays.com\/fr\/wp-json\/wp\/v2\/comments?post=669901"}],"version-history":[{"count":0,"href":"https:\/\/www.europesays.com\/fr\/wp-json\/wp\/v2\/posts\/669901\/revisions"}],"wp:featuredmedia":[{"embeddable":true,"href":"https:\/\/www.europesays.com\/fr\/wp-json\/wp\/v2\/media\/669902"}],"wp:attachment":[{"href":"https:\/\/www.europesays.com\/fr\/wp-json\/wp\/v2\/media?parent=669901"}],"wp:term":[{"taxonomy":"category","embeddable":true,"href":"https:\/\/www.europesays.com\/fr\/wp-json\/wp\/v2\/categories?post=669901"},{"taxonomy":"post_tag","embeddable":true,"href":"https:\/\/www.europesays.com\/fr\/wp-json\/wp\/v2\/tags?post=669901"}],"curies":[{"name":"wp","href":"https:\/\/api.w.org\/{rel}","templated":true}]}}