{"id":669903,"date":"2026-01-17T11:29:12","date_gmt":"2026-01-17T11:29:12","guid":{"rendered":"https:\/\/www.europesays.com\/fr\/669903\/"},"modified":"2026-01-17T11:29:12","modified_gmt":"2026-01-17T11:29:12","slug":"larmee-syrienne-annonce-controler-la-ville-de-deir-hafer-a-lest-dalep-apres-le-retrait-des-kurdes","status":"publish","type":"post","link":"https:\/\/www.europesays.com\/fr\/669903\/","title":{"rendered":"L\u2019arm\u00e9e syrienne annonce contr\u00f4ler la ville de Deir Hafer, \u00e0 l\u2019est d\u2019Alep, apr\u00e8s le retrait des Kurdes"},"content":{"rendered":"<p>                      <img loading=\"lazy\" decoding=\"async\" src=\"https:\/\/www.europesays.com\/fr\/wp-content\/uploads\/2026\/01\/6a688b3_upload-1-d5jm9ltu3bfi-09-armee-syrienne-route-deir-hafer-lemonde-syrie.jpg\" alt=\"Des soldats de l'arm\u00e9e syrienne sur la route reliant Alep \u00e0 Deir Hafer (Syrie), le 17 janvier 2026.\"   width=\"664\" height=\"443\"\/>    Des soldats de l&rsquo;arm\u00e9e syrienne sur la route reliant Alep \u00e0 Deir Hafer (Syrie), le 17 janvier 2026.  PHIL\u00c9MON BARBIER\/HORS FORMAT POUR \u00ab LE MONDE \u00bb                          <\/p>\n<p class=\"article__paragraph  \">L\u2019arm\u00e9e syrienne a annonc\u00e9 samedi 17\u00a0janvier qu\u2019elle contr\u00f4lait la ville de Deir Hafer, un secteur du nord de la Syrie situ\u00e9 \u00e0 l\u2019est d\u2019Alep, apr\u00e8s que les forces kurdes ont accept\u00e9 la veille de s\u2019en retirer \u00e0 la suite de r\u00e9cents combats.<\/p>\n<p class=\"article__paragraph  \">L\u2019arm\u00e9e a annonc\u00e9 avoir pris \u00ab\u00a0le contr\u00f4le militaire total\u00a0\u00bb de Deir Hafer, dans un communiqu\u00e9 transmis par la t\u00e9l\u00e9vision officielle, tandis qu\u2019un correspondant de l\u2019Agence France-Presse (AFP) a vu des troupes se d\u00e9ployer dans la ville. Un peu plus t\u00f4t, l\u2019arm\u00e9e avait d\u00e9clar\u00e9 que ses forces avaient \u00ab\u00a0commenc\u00e9 \u00e0 entrer dans le secteur \u00e0 l\u2019ouest de l\u2019Euphrate, \u00e0 commencer par la ville de Deir Hafer\u00a0\u00bb.<\/p>\n<p class=\"article__paragraph  \">Les Forces d\u00e9mocratiques syriennes (FDS), domin\u00e9es par les Kurdes, qui devaient quitter la zone samedi matin, \u00ab\u00a0ont viol\u00e9 l\u2019accord\u00a0\u00bb et vis\u00e9 une patrouille pr\u00e8s de la ville de Maskana, \u00ab\u00a0tuant deux soldats\u00a0\u00bb, selon un communiqu\u00e9 de l\u2019arm\u00e9e diffus\u00e9 samedi en fin de matin\u00e9e.<\/p>\n<p class=\"article__paragraph  \">Les FDS ont accus\u00e9 l\u2019arm\u00e9e de violer l\u2019accord en entrant dans les villes de Deir Hafer et Maskana \u00ab\u00a0avant le retrait total\u00a0\u00bb des combattants kurdes, \u00ab\u00a0cr\u00e9ant une situation tr\u00e8s dangereuse\u00a0\u00bb, et imput\u00e9 les incidents survenus \u00e0 Maskana \u00e0 des \u00ab\u00a0violations commises par le gouvernement\u00a0\u00bb syrien.<\/p>\n<p>                    \u00ab\u00a0Violent pilonnage\u00a0\u00bb                    <\/p>\n<p class=\"article__paragraph  \">Au moment o\u00f9 il est engag\u00e9 dans un conflit avec les forces kurdes qui contr\u00f4lent le nord du pays, le pr\u00e9sident syrien, Ahmad Al-Charaa, <a href=\"https:\/\/www.lemonde.fr\/international\/article\/2026\/01\/16\/le-president-syrien-proclame-le-kurde-langue-nationale_6662589_3210.html\" target=\"_blank\" rel=\"noopener\">a annonc\u00e9 vendredi soir reconna\u00eetre par d\u00e9cret les droits nationaux des Kurdes dont la langue sera d\u00e9sormais officielle<\/a>. Le chef de l\u2019Etat islamiste a affirm\u00e9 que les Kurdes constituaient \u00ab\u00a0une partie int\u00e9grante\u00a0\u00bb du pays o\u00f9 ils ont souffert de d\u00e9cennies de marginalisation et d\u2019oppression des r\u00e9gimes pr\u00e9c\u00e9dents.<\/p>\n<p>                                       Lire aussi |  Article r\u00e9serv\u00e9 \u00e0 nos abonn\u00e9s  <a href=\"https:\/\/www.lemonde.fr\/international\/article\/2026\/01\/14\/syrie-a-alep-apres-la-chute-de-cheikh-maqsoud-la-peur-du-lendemain-des-kurdes_6662217_3210.html\" class=\"js-article-read-also catcher--favoris__link\" data-premium=\"1\" id=\"article-title-3454475\" target=\"_blank\" rel=\"noopener\">Syrie\u00a0: \u00e0 Alep, apr\u00e8s la chute de Cheikh-Maqsoud, la peur du lendemain des Kurdes<\/a>    <\/p>\n<p>   Lire plus tard  <\/p>\n<p class=\"article__paragraph  \">M.\u00a0Charaa a renvers\u00e9 en d\u00e9cembre\u00a02024 Bachar Al-Assad \u00e0 la t\u00eate d\u2019une coalition islamiste et veut \u00e9tendre son autorit\u00e9 sur l\u2019ensemble du territoire syrien. La minorit\u00e9 kurde avait profit\u00e9 du chaos de la guerre civile (2011-2024) pour s\u2019emparer de vastes territoires du nord et du nord-est de la Syrie, o\u00f9 se trouvent des champs p\u00e9troliers et gaziers, apr\u00e8s avoir d\u00e9fait le groupe djihadiste Etat islamique avec l\u2019appui d\u2019une coalition multinationale.<\/p>\n<p class=\"article__paragraph  \">Des combats avaient oppos\u00e9 la semaine derni\u00e8re l\u2019arm\u00e9e syrienne aux forces kurdes \u00e0 Alep\u00a0; ces derni\u00e8res avaient \u00e9t\u00e9 d\u00e9log\u00e9es des deux quartiers qu\u2019elles y contr\u00f4laient. Les forces syriennes ont ensuite mass\u00e9 d\u2019importants renforts dans la r\u00e9gion de Deir Hafer, \u00e0 une cinquantaine de kilom\u00e8tres \u00e0 l\u2019est d\u2019Alep, et somm\u00e9 les FDS d\u2019\u00e9vacuer une zone entre cette r\u00e9gion et l\u2019Euphrate, plus \u00e0 l\u2019est.<\/p>\n<p class=\"article__paragraph  \">Le chef des FDS, Mazloum Abdi, a annonc\u00e9 un retrait devant s\u2019effectuer samedi matin. Peu auparavant, l\u2019arm\u00e9e avait annonc\u00e9 bombarder les positions kurdes dans la r\u00e9gion apr\u00e8s avoir \u00e9mis des avertissements aux civils, les FDS faisant pour leur part \u00e9tat d\u2019\u00ab\u00a0un violent pilonnage\u00a0\u00bb. L\u2019arm\u00e9e avait accord\u00e9 un d\u00e9lai aux civils pour \u00e9vacuer la zone sous contr\u00f4le des FDS\u00a0; plus de 4\u00a0000 civils avaient fui, selon les autorit\u00e9s syriennes.<\/p>\n<p>                                       Lire aussi |  Article r\u00e9serv\u00e9 \u00e0 nos abonn\u00e9s  <a href=\"https:\/\/www.lemonde.fr\/international\/article\/2026\/01\/12\/a-alep-en-syrie-le-pouvoir-reprend-les-quartiers-kurdes_6661447_3210.html\" class=\"js-article-read-also catcher--favoris__link\" data-premium=\"1\" id=\"article-title-3454140\" target=\"_blank\" rel=\"noopener\">A Alep, en Syrie, le pouvoir reprend le contr\u00f4le des quartiers kurdes<\/a>    <\/p>\n<p>   Lire plus tard  <\/p>\n<p class=\"author__detail\">  Le Monde avec AFP  <\/p>\n","protected":false},"excerpt":{"rendered":"Des soldats de l&rsquo;arm\u00e9e syrienne sur la route reliant Alep \u00e0 Deir Hafer (Syrie), le 17 janvier 2026.&hellip;\n","protected":false},"author":2,"featured_media":669904,"comment_status":"","ping_status":"","sticky":false,"template":"","format":"standard","meta":{"footnotes":""},"categories":[5],"tags":[11,1011,27,14,12,28],"class_list":{"0":"post-669903","1":"post","2":"type-post","3":"status-publish","4":"format-standard","5":"has-post-thumbnail","7":"category-international","8":"tag-actualites","9":"tag-fr","10":"tag-france","11":"tag-international","12":"tag-news","13":"tag-world"},"share_on_mastodon":{"url":"https:\/\/pubeurope.com\/@fr\/115910211333400594","error":""},"_links":{"self":[{"href":"https:\/\/www.europesays.com\/fr\/wp-json\/wp\/v2\/posts\/669903","targetHints":{"allow":["GET"]}}],"collection":[{"href":"https:\/\/www.europesays.com\/fr\/wp-json\/wp\/v2\/posts"}],"about":[{"href":"https:\/\/www.europesays.com\/fr\/wp-json\/wp\/v2\/types\/post"}],"author":[{"embeddable":true,"href":"https:\/\/www.europesays.com\/fr\/wp-json\/wp\/v2\/users\/2"}],"replies":[{"embeddable":true,"href":"https:\/\/www.europesays.com\/fr\/wp-json\/wp\/v2\/comments?post=669903"}],"version-history":[{"count":0,"href":"https:\/\/www.europesays.com\/fr\/wp-json\/wp\/v2\/posts\/669903\/revisions"}],"wp:featuredmedia":[{"embeddable":true,"href":"https:\/\/www.europesays.com\/fr\/wp-json\/wp\/v2\/media\/669904"}],"wp:attachment":[{"href":"https:\/\/www.europesays.com\/fr\/wp-json\/wp\/v2\/media?parent=669903"}],"wp:term":[{"taxonomy":"category","embeddable":true,"href":"https:\/\/www.europesays.com\/fr\/wp-json\/wp\/v2\/categories?post=669903"},{"taxonomy":"post_tag","embeddable":true,"href":"https:\/\/www.europesays.com\/fr\/wp-json\/wp\/v2\/tags?post=669903"}],"curies":[{"name":"wp","href":"https:\/\/api.w.org\/{rel}","templated":true}]}}