{"id":669905,"date":"2026-01-17T11:30:10","date_gmt":"2026-01-17T11:30:10","guid":{"rendered":"https:\/\/www.europesays.com\/fr\/669905\/"},"modified":"2026-01-17T11:30:10","modified_gmt":"2026-01-17T11:30:10","slug":"les-obseques-dalain-orsoni-se-sont-deroulees-a-ajaccio-ce-samedi","status":"publish","type":"post","link":"https:\/\/www.europesays.com\/fr\/669905\/","title":{"rendered":"Les obs\u00e8ques d&rsquo;Alain Orsoni se sont d\u00e9roul\u00e9es \u00e0 Ajaccio ce samedi"},"content":{"rendered":"<p>R\u00e9unies \u00e0 l&rsquo;espace fun\u00e9raire Picchetti \u00e0 Ajaccio ce samedi 17 janvier, plus d&rsquo;une centaine de personnes ont assist\u00e9 aux obs\u00e8ques d&rsquo;Alain Orsoni, ancien dirigeant nationaliste et ex-pr\u00e9sident de l&rsquo;AC Ajaccio, <a href=\"https:\/\/www.corsematin.com\/article\/faits-diversjustice\/45724290369333\/alain-orsoni-tue-aux-obseques-de-sa-mere-dans-son-village-de-vero\" target=\"_blank\" rel=\"noopener\">assassin\u00e9 lundi 12 janvier<\/a> au cimeti\u00e8re de Vero, alors qu&rsquo;il assistait aux fun\u00e9railles de sa m\u00e8re.<\/p>\n<p>Parmi l&rsquo;assistance entourant la famille dans un moment digne de recueillement, des proches, des amis de toujours, de rares figures politiques et quelques repr\u00e9sentants de la soci\u00e9t\u00e9 civile et du tissu associatif comme la Ligue des droits de l&rsquo;homme.\u00a0<\/p>\n<p>Apr\u00e8s la lev\u00e9e de corps effectu\u00e9e \u00e0 10 heures, Alain Orsoni a \u00e9t\u00e9 incin\u00e9r\u00e9.\u00a0<\/p>\n<p>Un rassemblement dans l&rsquo;intimit\u00e9 familiale est pr\u00e9vu \u00e0 Vero dans l&rsquo;apr\u00e8s-midi.<\/p>\n<p>\u00ab\u00a0Guy Orsoni a souhait\u00e9 pouvoir participer aux obs\u00e8ques de son p\u00e8re\u00a0\u00bb<\/p>\n<p>Camille Romani, avocat de Guy Orsoni, fils d&rsquo;Alain, actuellement incarc\u00e9r\u00e9, affirme que \u00ab\u00a0contrairement \u00e0 une information qui a \u00e9t\u00e9 r\u00e9cemment relay\u00e9e, Guy Orsoni a souhait\u00e9 pouvoir participer aux obs\u00e8ques de son p\u00e8re. Il est \u00e9videmment boulevers\u00e9 par cet \u00e9v\u00e8nement tragique et les circonstances au cours desquelles il s&rsquo;est d\u00e9roul\u00e9\u00a0\u00bb. Le conseil souligne que \u00ab\u00a0les autorit\u00e9s comp\u00e9tentes lui ont fermement indiqu\u00e9 que cette mesure \u00e9tait impossible pour des raisons de s\u00e9curit\u00e9. Ce sont d&rsquo;ailleurs les m\u00eames raisons qui ont pr\u00e9sid\u00e9 \u00e0 son transfert dans un autre \u00e9tablissement p\u00e9nitentiaire sous le r\u00e9gime du placement \u00e0 l&rsquo;isolement\u00a0\u00bb. Me Romani ajoute que \u00ab\u00a0Guy Orsoni a contest\u00e9 ce placement, estimant pour sa part n&rsquo;\u00eatre pas en danger\u00a0\u00bb.<\/p>\n","protected":false},"excerpt":{"rendered":"R\u00e9unies \u00e0 l&rsquo;espace fun\u00e9raire Picchetti \u00e0 Ajaccio ce samedi 17 janvier, plus d&rsquo;une centaine de personnes ont assist\u00e9&hellip;\n","protected":false},"author":2,"featured_media":669906,"comment_status":"","ping_status":"","sticky":false,"template":"","format":"standard","meta":{"footnotes":""},"categories":[4],"tags":[5734,11,5622,1102,76969,76970,1011,27,151,12,15086,21838,25,104,3333],"class_list":{"0":"post-669905","1":"post","2":"type-post","3":"status-publish","4":"format-standard","5":"has-post-thumbnail","7":"category-france","8":"tag-5734","9":"tag-actualites","10":"tag-ajaccio","11":"tag-breakingnews","12":"tag-dalain","13":"tag-deroulees","14":"tag-fr","15":"tag-france","16":"tag-les","17":"tag-news","18":"tag-obseques","19":"tag-orsoni","20":"tag-republique-francaise","21":"tag-societe","22":"tag-sont"},"share_on_mastodon":{"url":"https:\/\/pubeurope.com\/@fr\/115910215176027829","error":""},"_links":{"self":[{"href":"https:\/\/www.europesays.com\/fr\/wp-json\/wp\/v2\/posts\/669905","targetHints":{"allow":["GET"]}}],"collection":[{"href":"https:\/\/www.europesays.com\/fr\/wp-json\/wp\/v2\/posts"}],"about":[{"href":"https:\/\/www.europesays.com\/fr\/wp-json\/wp\/v2\/types\/post"}],"author":[{"embeddable":true,"href":"https:\/\/www.europesays.com\/fr\/wp-json\/wp\/v2\/users\/2"}],"replies":[{"embeddable":true,"href":"https:\/\/www.europesays.com\/fr\/wp-json\/wp\/v2\/comments?post=669905"}],"version-history":[{"count":0,"href":"https:\/\/www.europesays.com\/fr\/wp-json\/wp\/v2\/posts\/669905\/revisions"}],"wp:featuredmedia":[{"embeddable":true,"href":"https:\/\/www.europesays.com\/fr\/wp-json\/wp\/v2\/media\/669906"}],"wp:attachment":[{"href":"https:\/\/www.europesays.com\/fr\/wp-json\/wp\/v2\/media?parent=669905"}],"wp:term":[{"taxonomy":"category","embeddable":true,"href":"https:\/\/www.europesays.com\/fr\/wp-json\/wp\/v2\/categories?post=669905"},{"taxonomy":"post_tag","embeddable":true,"href":"https:\/\/www.europesays.com\/fr\/wp-json\/wp\/v2\/tags?post=669905"}],"curies":[{"name":"wp","href":"https:\/\/api.w.org\/{rel}","templated":true}]}}