{"id":669909,"date":"2026-01-17T11:32:20","date_gmt":"2026-01-17T11:32:20","guid":{"rendered":"https:\/\/www.europesays.com\/fr\/669909\/"},"modified":"2026-01-17T11:32:20","modified_gmt":"2026-01-17T11:32:20","slug":"1cabaspour1etudiant-appelle-a-une-mobilisation-citoyenne","status":"publish","type":"post","link":"https:\/\/www.europesays.com\/fr\/669909\/","title":{"rendered":"1CabasPour1Etudiant appelle \u00e0 une mobilisation citoyenne"},"content":{"rendered":"<p>L\u2019association 1CabasPour1\u00c9tudiant alerte sur la pr\u00e9carit\u00e9 \u00e9tudiante grandissante en France et \u00e0 Saint-\u00c9tienne. Dans la capitale lig\u00e9rienne, 6\u00a0000 \u00e9tudiants vivent sous le seuil de pauvret\u00e9 et deux \u00e9tudiants sur trois d\u00e9clarent avoir d\u00e9j\u00e0 saut\u00e9 un repas par manque d\u2019argent, selon le barom\u00e8tre annuel de l\u2019Ifop sur la pr\u00e9carit\u00e9 \u00e9tudiante en 2025.<\/p>\n<p>1CabasPour1\u00c9tudiant, qui f\u00eate ses 5 ans, appelle \u00e0 un sursaut solidaire en ce d\u00e9but d\u2019ann\u00e9e pour leur venir en soutien dans un contexte de crise du pouvoir d\u2019achat.<\/p>\n<p>Cette association, active \u00e0 Saint-\u00c9tienne et dans toute la France, propose \u00e0 des citoyens volontaires de parrainer un \u00e9tudiant afin de lui apporter une aide alimentaire ainsi qu\u2019un lien social parfois essentiel face \u00e0 l\u2019isolement qui p\u00e8se parfois lourd sur leur moral.<\/p>\n","protected":false},"excerpt":{"rendered":"L\u2019association 1CabasPour1\u00c9tudiant alerte sur la pr\u00e9carit\u00e9 \u00e9tudiante grandissante en France et \u00e0 Saint-\u00c9tienne. Dans la capitale lig\u00e9rienne, 6\u00a0000&hellip;\n","protected":false},"author":2,"featured_media":669910,"comment_status":"","ping_status":"","sticky":false,"template":"","format":"standard","meta":{"footnotes":""},"categories":[9653],"tags":[1111,11,2430,7539,1057,4854,1777,674,1011,27,3367,12,25,4001,7538,801],"class_list":{"0":"post-669909","1":"post","2":"type-post","3":"status-publish","4":"format-standard","5":"has-post-thumbnail","7":"category-saint-etienne","8":"tag-actu","9":"tag-actualites","10":"tag-auvergne-rhone-alpes","11":"tag-edition-loire-sud","12":"tag-education","13":"tag-enseignement-superieur","14":"tag-eu","15":"tag-europe","16":"tag-fr","17":"tag-france","18":"tag-loire","19":"tag-news","20":"tag-republique-francaise","21":"tag-saint-etienne","22":"tag-saint-etienne-ville","23":"tag-social"},"share_on_mastodon":{"url":"https:\/\/pubeurope.com\/@fr\/115910223089494365","error":""},"_links":{"self":[{"href":"https:\/\/www.europesays.com\/fr\/wp-json\/wp\/v2\/posts\/669909","targetHints":{"allow":["GET"]}}],"collection":[{"href":"https:\/\/www.europesays.com\/fr\/wp-json\/wp\/v2\/posts"}],"about":[{"href":"https:\/\/www.europesays.com\/fr\/wp-json\/wp\/v2\/types\/post"}],"author":[{"embeddable":true,"href":"https:\/\/www.europesays.com\/fr\/wp-json\/wp\/v2\/users\/2"}],"replies":[{"embeddable":true,"href":"https:\/\/www.europesays.com\/fr\/wp-json\/wp\/v2\/comments?post=669909"}],"version-history":[{"count":0,"href":"https:\/\/www.europesays.com\/fr\/wp-json\/wp\/v2\/posts\/669909\/revisions"}],"wp:featuredmedia":[{"embeddable":true,"href":"https:\/\/www.europesays.com\/fr\/wp-json\/wp\/v2\/media\/669910"}],"wp:attachment":[{"href":"https:\/\/www.europesays.com\/fr\/wp-json\/wp\/v2\/media?parent=669909"}],"wp:term":[{"taxonomy":"category","embeddable":true,"href":"https:\/\/www.europesays.com\/fr\/wp-json\/wp\/v2\/categories?post=669909"},{"taxonomy":"post_tag","embeddable":true,"href":"https:\/\/www.europesays.com\/fr\/wp-json\/wp\/v2\/tags?post=669909"}],"curies":[{"name":"wp","href":"https:\/\/api.w.org\/{rel}","templated":true}]}}