{"id":669935,"date":"2026-01-17T11:49:21","date_gmt":"2026-01-17T11:49:21","guid":{"rendered":"https:\/\/www.europesays.com\/fr\/669935\/"},"modified":"2026-01-17T11:49:21","modified_gmt":"2026-01-17T11:49:21","slug":"un-homme-de-29-ans-interpelle-et-condamne","status":"publish","type":"post","link":"https:\/\/www.europesays.com\/fr\/669935\/","title":{"rendered":"un homme de 29 ans interpell\u00e9 et condamn\u00e9"},"content":{"rendered":"<p>En tout d\u00e9but de semaine, \u00e0 Cagnes-sur-Mer, dans les Alpes-Maritimes, <a href=\"https:\/\/www.laprovence.com\/article\/faits-divers-justice\/33114140858203\/la-plaque-rendant-hommage-a-ilan-halimi-victime-du-gang-des-barbares-vandalisee-a-cagnes-sur-mer\" target=\"_blank\" rel=\"noopener\">une plaque en hommage \u00e0 Ilan Halimi<\/a> &#8211; celui qui a \u00e9t\u00e9 <strong>enlev\u00e9, s\u00e9questr\u00e9, tortur\u00e9 et tu\u00e9 dans la r\u00e9gion parisienne en janvier 2006 <\/strong>&#8211; a \u00e9t\u00e9 vandalis\u00e9e. Dans la foul\u00e9e, un homme avait \u00e9t\u00e9 interpell\u00e9. Et ce gr\u00e2ce aux images de la vid\u00e9osurveaillance.<\/p>\n<p>Cette personne \u00e9tait jug\u00e9e en comparution imm\u00e9diate, comme le rapporte <a href=\"https:\/\/www.nicematin.com\/societe\/justice\/plaque-hommage-a-ilan-halimi-vandalisee-a-cagnes-sur-mer-un-homme-de-29-ans-condamne-10664769\" target=\"_blank\" rel=\"noopener\">le site de Nice-Matin<\/a><strong>,<\/strong> ce mercredi 14 janvier. Et ce pour \u00a0\u00bb violation de s\u00e9pulture, tombeau, urne cin\u00e9raire ou monument \u00e9difi\u00e9 \u00e0 la m\u00e9moire des morts <strong>commise en raison de la race<\/strong>, l&rsquo;ethnie, la nation ou la religion \u00ab\u00a0, indique le parquet de Grasse \u00e0 la m\u00eame source.<\/p>\n<p>Le pr\u00e9venu a \u00e9t\u00e9 condamn\u00e9 \u00e0<strong> 1 000 euros d&rsquo;amende et six mois de prison avec sursis.<\/strong><\/p>\n","protected":false},"excerpt":{"rendered":"En tout d\u00e9but de semaine, \u00e0 Cagnes-sur-Mer, dans les Alpes-Maritimes, une plaque en hommage \u00e0 Ilan Halimi &#8211;&hellip;\n","protected":false},"author":2,"featured_media":669936,"comment_status":"","ping_status":"","sticky":false,"template":"","format":"standard","meta":{"footnotes":""},"categories":[2819],"tags":[5734,1111,11,10583,1777,674,274,1011,27,45802,4879,4933,45801,12,2401,17196,882,25,76974],"class_list":{"0":"post-669935","1":"post","2":"type-post","3":"status-publish","4":"format-standard","5":"has-post-thumbnail","7":"category-nice","8":"tag-5734","9":"tag-actu","10":"tag-actualites","11":"tag-cagnes-sur-mer","12":"tag-eu","13":"tag-europe","14":"tag-faits-divers-justice","15":"tag-fr","16":"tag-france","17":"tag-halimi","18":"tag-hommage","19":"tag-homme","20":"tag-ilan","21":"tag-news","22":"tag-nice","23":"tag-plaque","24":"tag-provence-alpes-cote-dazur","25":"tag-republique-francaise","26":"tag-vandalisee"},"share_on_mastodon":{"url":"https:\/\/pubeurope.com\/@fr\/115910289984360885","error":""},"_links":{"self":[{"href":"https:\/\/www.europesays.com\/fr\/wp-json\/wp\/v2\/posts\/669935","targetHints":{"allow":["GET"]}}],"collection":[{"href":"https:\/\/www.europesays.com\/fr\/wp-json\/wp\/v2\/posts"}],"about":[{"href":"https:\/\/www.europesays.com\/fr\/wp-json\/wp\/v2\/types\/post"}],"author":[{"embeddable":true,"href":"https:\/\/www.europesays.com\/fr\/wp-json\/wp\/v2\/users\/2"}],"replies":[{"embeddable":true,"href":"https:\/\/www.europesays.com\/fr\/wp-json\/wp\/v2\/comments?post=669935"}],"version-history":[{"count":0,"href":"https:\/\/www.europesays.com\/fr\/wp-json\/wp\/v2\/posts\/669935\/revisions"}],"wp:featuredmedia":[{"embeddable":true,"href":"https:\/\/www.europesays.com\/fr\/wp-json\/wp\/v2\/media\/669936"}],"wp:attachment":[{"href":"https:\/\/www.europesays.com\/fr\/wp-json\/wp\/v2\/media?parent=669935"}],"wp:term":[{"taxonomy":"category","embeddable":true,"href":"https:\/\/www.europesays.com\/fr\/wp-json\/wp\/v2\/categories?post=669935"},{"taxonomy":"post_tag","embeddable":true,"href":"https:\/\/www.europesays.com\/fr\/wp-json\/wp\/v2\/tags?post=669935"}],"curies":[{"name":"wp","href":"https:\/\/api.w.org\/{rel}","templated":true}]}}