{"id":669954,"date":"2026-01-17T11:59:10","date_gmt":"2026-01-17T11:59:10","guid":{"rendered":"https:\/\/www.europesays.com\/fr\/669954\/"},"modified":"2026-01-17T11:59:10","modified_gmt":"2026-01-17T11:59:10","slug":"quand-le-maire-daix-sophie-joissains-souhaite-la-bonne-annee-aux-aixois-a-marseille","status":"publish","type":"post","link":"https:\/\/www.europesays.com\/fr\/669954\/","title":{"rendered":"quand le maire d&rsquo;Aix Sophie Joissains souhaite la bonne ann\u00e9e aux Aixois&#8230; \u00e0 Marseille"},"content":{"rendered":"<p>Les nombreux tags visibles sur la base du panneau publicitaire donnent un indice sur sa localisation. Bienvenue \u00e0 <a href=\"https:\/\/www.laprovence.com\/region\/Edition-marseille\" target=\"_blank\" rel=\"noopener\">Marseille<\/a>, sous la passerelle de Plombi\u00e8res, sur le boulevard \u00e9ponyme, en plein 3e arrondissement de la deuxi\u00e8me ville de France. O\u00f9 le maire souhaite donc \u00ab\u00a0une bonne et heureuse ann\u00e9e 2026&Prime;&#8230; aux Aixois.<\/p>\n<p>Excuses de l&rsquo;afficheur<\/p>\n<p>Car ici, ce n&rsquo;est pas <a href=\"https:\/\/www.laprovence.com\/article\/politique\/69721025467741\/municipales-2026-avant-la-visite-de-marine-le-pen-benoit-payan-accuse-le-rn-detre-anti-marseille\" target=\"_blank\" rel=\"noopener\">Beno\u00eet Payan<\/a>, le premier magistrat de la cit\u00e9 phoc\u00e9enne, qui s&rsquo;adresse aux administr\u00e9s, mais son homologue aixoise, Sophie Joissains (!). Incroyable mais vrai, l&rsquo;un des immenses posters de 8m\u00b2 qui tapissent en ce mois de janvier 2026 l&rsquo;espace urbain de la cit\u00e9 du roi Ren\u00e9 s&rsquo;est retrouv\u00e9, le temps de plusieurs jours, chez sa voisine marseillaise. Une situation qui surprend autant qu&rsquo;elle fait sourire dans les couloirs de l&rsquo;h\u00f4tel de ville, o\u00f9 l&rsquo;on a bien entendu demand\u00e9 des explications \u00e0 l&rsquo;afficheur.<\/p>\n<p>Ce qu&rsquo;a \u00e9galement fait La Provence. \u00ab\u00a0Ce n&rsquo;est \u00e9videmment pas intentionnel. Notre plateforme pr\u00e9pare chaque semaine des milliers d&rsquo;affiches et il est fort probable que celle-ci s&rsquo;est gliss\u00e9e par erreur. D\u00e8s que nous avons eu l&rsquo;information, nous sommes all\u00e9 la retirer\u00a0\u00bb, nous explique Cityz, qui a pr\u00e9sent\u00e9 ses excuses \u00e0 la municipalit\u00e9 aixoise.\u00a0<\/p>\n","protected":false},"excerpt":{"rendered":"Les nombreux tags visibles sur la base du panneau publicitaire donnent un indice sur sa localisation. Bienvenue \u00e0&hellip;\n","protected":false},"author":2,"featured_media":669955,"comment_status":"","ping_status":"","sticky":false,"template":"","format":"standard","meta":{"footnotes":""},"categories":[2814],"tags":[5734,1111,11,39385,11690,1777,674,1011,27,76975,884,12,316,882,3532,396,25,38427,37624],"class_list":{"0":"post-669954","1":"post","2":"type-post","3":"status-publish","4":"format-standard","5":"has-post-thumbnail","7":"category-marseille","8":"tag-5734","9":"tag-actu","10":"tag-actualites","11":"tag-affichage","12":"tag-bonne","13":"tag-eu","14":"tag-europe","15":"tag-fr","16":"tag-france","17":"tag-joissains","18":"tag-marseille","19":"tag-news","20":"tag-politique","21":"tag-provence-alpes-cote-dazur","22":"tag-public","23":"tag-quand","24":"tag-republique-francaise","25":"tag-sophie","26":"tag-souhaite"},"share_on_mastodon":{"url":"https:\/\/pubeurope.com\/@fr\/115910329246604221","error":""},"_links":{"self":[{"href":"https:\/\/www.europesays.com\/fr\/wp-json\/wp\/v2\/posts\/669954","targetHints":{"allow":["GET"]}}],"collection":[{"href":"https:\/\/www.europesays.com\/fr\/wp-json\/wp\/v2\/posts"}],"about":[{"href":"https:\/\/www.europesays.com\/fr\/wp-json\/wp\/v2\/types\/post"}],"author":[{"embeddable":true,"href":"https:\/\/www.europesays.com\/fr\/wp-json\/wp\/v2\/users\/2"}],"replies":[{"embeddable":true,"href":"https:\/\/www.europesays.com\/fr\/wp-json\/wp\/v2\/comments?post=669954"}],"version-history":[{"count":0,"href":"https:\/\/www.europesays.com\/fr\/wp-json\/wp\/v2\/posts\/669954\/revisions"}],"wp:featuredmedia":[{"embeddable":true,"href":"https:\/\/www.europesays.com\/fr\/wp-json\/wp\/v2\/media\/669955"}],"wp:attachment":[{"href":"https:\/\/www.europesays.com\/fr\/wp-json\/wp\/v2\/media?parent=669954"}],"wp:term":[{"taxonomy":"category","embeddable":true,"href":"https:\/\/www.europesays.com\/fr\/wp-json\/wp\/v2\/categories?post=669954"},{"taxonomy":"post_tag","embeddable":true,"href":"https:\/\/www.europesays.com\/fr\/wp-json\/wp\/v2\/tags?post=669954"}],"curies":[{"name":"wp","href":"https:\/\/api.w.org\/{rel}","templated":true}]}}