{"id":669992,"date":"2026-01-17T12:26:15","date_gmt":"2026-01-17T12:26:15","guid":{"rendered":"https:\/\/www.europesays.com\/fr\/669992\/"},"modified":"2026-01-17T12:26:15","modified_gmt":"2026-01-17T12:26:15","slug":"van-der-poel-sera-finalement-au-depart-a-benidorm","status":"publish","type":"post","link":"https:\/\/www.europesays.com\/fr\/669992\/","title":{"rendered":"Van der Poel sera finalement au d\u00e9part \u00e0 Benidorm !"},"content":{"rendered":"<p class=\"ap-StoryElement ap-StoryElement--mb ap-StoryText\"><a href=\"https:\/\/www.dhnet.be\/sports\/cyclisme\/cyclo-cross\/2026\/01\/15\/mathieu-van-der-poel-fait-limpasse-sur-le-cross-de-benidorm-JJVT5Q6ZIVB3XEXCFNCNQXC4NI\/\" target=\"_self\" rel=\"noopener\">Il a chang\u00e9 d&rsquo;avis. <\/a>Et les organisateurs de la manche de la Coupe du monde de Benidorm, comme les nombreux spectateurs attendus, s&rsquo;en r\u00e9jouissent ! Apr\u00e8s avoir annonc\u00e9 qu&rsquo;il ne prendrait pas le d\u00e9part, ce dimanche, malgr\u00e9 sa pr\u00e9sence avec son \u00e9quipe Alpecin-Premier Tech, en stage sur la Costa Blanca, Mathieu van der Poel a finalement fait marche arri\u00e8re. \u00ab\u00a0Apr\u00e8s une grosse semaine d&rsquo;entra\u00eenement, l&rsquo;envie de faire une comp\u00e9tition \u00e9tait tout simplement trop forte !\u00a0\u00bb, a communiqu\u00e9 son \u00e9quipe. \u00ab\u00a0Notre champion du monde (NdlR : de cyclo-cross) va d\u00e9fendre son maillot de leader de la Coupe du monde.\u00a0\u00bb<\/p>\n<p>Pour acc\u00e9der \u00e0 cet article, veuillez vous connecter au r\u00e9seau internet.<\/p>\n","protected":false},"excerpt":{"rendered":"Il a chang\u00e9 d&rsquo;avis. Et les organisateurs de la manche de la Coupe du monde de Benidorm, comme&hellip;\n","protected":false},"author":2,"featured_media":669993,"comment_status":"","ping_status":"","sticky":false,"template":"","format":"standard","meta":{"footnotes":""},"categories":[1411],"tags":[451,1154,207,59294,1011,27,1101,8797,60,71015,76978,1172],"class_list":{"0":"post-669992","1":"post","2":"type-post","3":"status-publish","4":"format-standard","5":"has-post-thumbnail","7":"category-cyclisme","8":"tag-coupe-du-monde","9":"tag-cycling","10":"tag-cyclisme","11":"tag-cyclo-cross","12":"tag-fr","13":"tag-france","14":"tag-hommes","15":"tag-mannen","16":"tag-sports","17":"tag-veldrijden","18":"tag-wereldbeker","19":"tag-wielrennen"},"share_on_mastodon":{"url":"https:\/\/pubeurope.com\/@fr\/115910435390277943","error":""},"_links":{"self":[{"href":"https:\/\/www.europesays.com\/fr\/wp-json\/wp\/v2\/posts\/669992","targetHints":{"allow":["GET"]}}],"collection":[{"href":"https:\/\/www.europesays.com\/fr\/wp-json\/wp\/v2\/posts"}],"about":[{"href":"https:\/\/www.europesays.com\/fr\/wp-json\/wp\/v2\/types\/post"}],"author":[{"embeddable":true,"href":"https:\/\/www.europesays.com\/fr\/wp-json\/wp\/v2\/users\/2"}],"replies":[{"embeddable":true,"href":"https:\/\/www.europesays.com\/fr\/wp-json\/wp\/v2\/comments?post=669992"}],"version-history":[{"count":0,"href":"https:\/\/www.europesays.com\/fr\/wp-json\/wp\/v2\/posts\/669992\/revisions"}],"wp:featuredmedia":[{"embeddable":true,"href":"https:\/\/www.europesays.com\/fr\/wp-json\/wp\/v2\/media\/669993"}],"wp:attachment":[{"href":"https:\/\/www.europesays.com\/fr\/wp-json\/wp\/v2\/media?parent=669992"}],"wp:term":[{"taxonomy":"category","embeddable":true,"href":"https:\/\/www.europesays.com\/fr\/wp-json\/wp\/v2\/categories?post=669992"},{"taxonomy":"post_tag","embeddable":true,"href":"https:\/\/www.europesays.com\/fr\/wp-json\/wp\/v2\/tags?post=669992"}],"curies":[{"name":"wp","href":"https:\/\/api.w.org\/{rel}","templated":true}]}}