{"id":670012,"date":"2026-01-17T12:38:11","date_gmt":"2026-01-17T12:38:11","guid":{"rendered":"https:\/\/www.europesays.com\/fr\/670012\/"},"modified":"2026-01-17T12:38:11","modified_gmt":"2026-01-17T12:38:11","slug":"ces-produits-du-quotidien-devraient-voir-leurs-prix-reculer-en-2026","status":"publish","type":"post","link":"https:\/\/www.europesays.com\/fr\/670012\/","title":{"rendered":"ces produits du quotidien devraient voir leurs prix reculer en 2026"},"content":{"rendered":"<p>Par <a class=\"author_recette\" id=\"author_name\" href=\"https:\/\/www.nextplz.fr\/auteur\/yvan-styve\" target=\"_blank\" rel=\"noopener\">Yvan Styve<\/a><br \/>\n&#8211; Publi\u00e9 le<br \/>\n17 Jan 2026 \u00e0<br \/>\n12:30<\/p>\n<p class=\"article-intro excerpt\">L\u2019ann\u00e9e 2026 s\u2019ouvre sur des<br \/>\nperspectives contrast\u00e9es pour les m\u00e9nages fran\u00e7ais. Certains<br \/>\nproduits essentiels promettent un r\u00e9pit bienvenu tandis que<br \/>\nd\u2019autres alimentent les inqui\u00e9tudes budg\u00e9taires.<\/p>\n<p><img width=\"750\" height=\"410\" src=\"data:image\/svg+xml,%3Csvg%20xmlns=\" http:=\"\" class=\"img-responsive alignnone size-full pinit-here zoom-it\" alt=\"bonne-nouvelle-pour-le-pouvoir-dachat-ces-produits-du-quotidien-devraient-voir-leurs-prix-reculer-en-2026\" fetchpriority=\"high\" data-lazyloading=\"false\" decoding=\"async\" data-lazy-src=\"https:\/\/www.europesays.com\/fr\/wp-content\/uploads\/2026\/01\/bonne-nouvelle-pour-le-pouvoir-dachat-ces-produits-du-quotidien-devraient-voir-leurs-prix-reculer-en.jpeg\"\/><\/p>\n<p>\u00a9 Shutterstock<\/p>\n<p>Les courses du quotidien cristallisent d\u00e9sormais toutes les<br \/>\ntensions \u00e9conomiques qui traversent la soci\u00e9t\u00e9 fran\u00e7aise. Chaque<br \/>\npassage en caisse devient un barom\u00e8tre anxiog\u00e8ne des fluctuations<br \/>\nmondiales et des strat\u00e9gies commerciales. N\u00e9anmoins, 2026 pourrait<br \/>\noffrir quelques \u00e9claircis inattendus sur le front des prix<br \/>\nalimentaires. Entre accalmie sur certains produits et envol\u00e9e sur<br \/>\nd\u00a0\u00bbautres, le pouvoir d&rsquo;achat des Fran\u00e7ais navigue en eaux troubles.<br \/>\nPar cons\u00e9quent, d\u00e9crypter les mouvements \u00e0 venir s&rsquo;av\u00e8re<br \/>\nindispensable pour anticiper l&rsquo;\u00e9volution du budget familial.<\/p>\n<p>Une accalmie bienvenue apr\u00e8s des ann\u00e9es de tensions<br \/>\ninflationnistes<\/p>\n<p>Maud Descamps, chroniqueuse pour la matinale de TF1, a r\u00e9cemment<br \/>\nanalys\u00e9 les tendances qui marqueront cette nouvelle ann\u00e9e. \u00ab<br \/>\nTous les signaux sont au vert, on assiste \u00e0 une accalmie des<br \/>\nprix \u00bb, a-t-elle affirm\u00e9 ce mercredi 14 janvier 2026.<br \/>\nEffectivement, cette observation r\u00e9conforte de nombreux foyers<br \/>\n\u00e9prouv\u00e9s par l&rsquo;inflation persistante des derni\u00e8res ann\u00e9es.<br \/>\nD&rsquo;ailleurs, cette dynamique s&rsquo;inscrit dans un mouvement plus large<br \/>\nde stabilisation \u00e9conomique touchant plusieurs secteurs. R\u00e9cemment,<br \/>\ncertaines r\u00e9gions fran\u00e7aises ont \u00e9galement instaur\u00e9 des <a href=\"https:\/\/www.nextplz.fr\/societe\/500445-bonne-nouvelle-pour-des-millions-de-proprietaires-une-baisse-dimpots-prevue-des-2026\" target=\"_blank\" rel=\"noopener\"><br \/>\nbaisses cibl\u00e9es de taxe fonci\u00e8re pour soulager les contribuables<br \/>\nlocaux<\/a>. Ainsi, le pouvoir d&rsquo;achat pourrait b\u00e9n\u00e9ficier d&rsquo;un<br \/>\ndouble effet positif combinant mod\u00e9ration tarifaire et all\u00e8gements<br \/>\nfiscaux ponctuels. Cependant, reste \u00e0 d\u00e9terminer quels produits<br \/>\nconna\u00eetront r\u00e9ellement cette d\u00e9crue tant esp\u00e9r\u00e9e par les<br \/>\nconsommateurs vigilants.<\/p>\n<p>Le chocolat, le jambon et les produits de base enfin<br \/>\naccessibles<\/p>\n<p>Apr\u00e8s des ann\u00e9es d&rsquo;augmentations continues, le cours du cacao a<br \/>\nfinalement chut\u00e9 de mani\u00e8re significative sur les march\u00e9s<br \/>\ninternationaux. Toutefois, \u00ab il va falloir attendre a priori<br \/>\njusqu&rsquo;\u00e0 l&rsquo;\u00e9t\u00e9 prochain pour voir la r\u00e9percussion en rayon \u00bb,<br \/>\npr\u00e9cise Maud Descamps. Le jambon devrait \u00e9galement devenir plus<br \/>\nabordable gr\u00e2ce \u00e0 une baisse de 10 % du cours du porc en 2025. Par<br \/>\nailleurs, les produits essentiels comme les p\u00e2tes, le sucre et la<br \/>\nfarine promettent des tarifs plus doux. N\u00e9anmoins, la grande<br \/>\ndistribution d\u00e9cidera finalement de r\u00e9percuter ou non ces baisses<br \/>\nsur les consommateurs. En effet, \u00ab entre les produits qui<br \/>\nbaissent et les produits qui montent, [le] ticket de caisse restera<br \/>\nsensiblement le m\u00eame qu&rsquo;en 2025 \u00bb, temp\u00e8re la chroniqueuse.<br \/>\nCette r\u00e9alit\u00e9 nuanc\u00e9e invite donc \u00e0 mod\u00e9rer l&rsquo;optimisme concernant<br \/>\nl&rsquo;am\u00e9lioration concr\u00e8te du pouvoir d&rsquo;achat quotidien.<\/p>\n<p>Caf\u00e9 et viande rouge s&rsquo;envolent tandis que le Smic progresse<\/p>\n<p>L&rsquo;\u00e9quation budg\u00e9taire se complexifie davantage lorsqu&rsquo;on examine<br \/>\nles hausses annonc\u00e9es pour certains produits phares du quotidien<br \/>\nfran\u00e7ais. Le caf\u00e9 conna\u00eetra notamment une augmentation<br \/>\nsubstantielle en raison d&rsquo;une demande mondiale croissante qui<br \/>\nexc\u00e8de l&rsquo;offre disponible. La viande hach\u00e9e et le b\u0153uf, dont le<br \/>\ncours a bondi de 20 % en un an, p\u00e8seront lourdement. Les maquereaux<br \/>\nen conserve ainsi que le cabillaud rejoindront \u00e9galement cette<br \/>\nliste des produits en hausse continue. Michel-\u00c9douard Leclerc,<br \/>\npr\u00e9sident du groupe E.Leclerc, avait pourtant d\u00e9clar\u00e9 en d\u00e9cembre<br \/>\ndernier au Journal du dimanche qu&rsquo;il pensait que \u00ab nous entrions en<br \/>\n2026 dans une p\u00e9riode de l\u00e9g\u00e8re d\u00e9flation \u00bb. Parall\u00e8lement, le Smic<br \/>\nb\u00e9n\u00e9ficie <a href=\"https:\/\/www.nextplz.fr\/societe\/523225-le-smic-passe-a-1823-des-janvier-2026-cest-insuffisant-la-hausse-fait-grincer-des-dents\" target=\"_blank\" rel=\"noopener\"><br \/>\nd\u00e9sormais d&rsquo;une revalorisation de 1,8 % depuis le 1\u1d49\u02b3 janvier<\/a>.<br \/>\nCette augmentation pourrait compenser partiellement l&rsquo;inflation<br \/>\nr\u00e9siduelle qui affecte le pouvoir d&rsquo;achat des salari\u00e9s au revenu<br \/>\nminimum.<\/p>\n","protected":false},"excerpt":{"rendered":"Par Yvan Styve &#8211; Publi\u00e9 le 17 Jan 2026 \u00e0 12:30 L\u2019ann\u00e9e 2026 s\u2019ouvre sur des perspectives contrast\u00e9es&hellip;\n","protected":false},"author":2,"featured_media":670013,"comment_status":"","ping_status":"","sticky":false,"template":"","format":"standard","meta":{"footnotes":""},"categories":[6],"tags":[35,33,34,1011,27,65861],"class_list":{"0":"post-670012","1":"post","2":"type-post","3":"status-publish","4":"format-standard","5":"has-post-thumbnail","7":"category-economie","8":"tag-business","9":"tag-economie","10":"tag-economy","11":"tag-fr","12":"tag-france","13":"tag-trend"},"share_on_mastodon":{"url":"https:\/\/pubeurope.com\/@fr\/115910482534484322","error":""},"_links":{"self":[{"href":"https:\/\/www.europesays.com\/fr\/wp-json\/wp\/v2\/posts\/670012","targetHints":{"allow":["GET"]}}],"collection":[{"href":"https:\/\/www.europesays.com\/fr\/wp-json\/wp\/v2\/posts"}],"about":[{"href":"https:\/\/www.europesays.com\/fr\/wp-json\/wp\/v2\/types\/post"}],"author":[{"embeddable":true,"href":"https:\/\/www.europesays.com\/fr\/wp-json\/wp\/v2\/users\/2"}],"replies":[{"embeddable":true,"href":"https:\/\/www.europesays.com\/fr\/wp-json\/wp\/v2\/comments?post=670012"}],"version-history":[{"count":0,"href":"https:\/\/www.europesays.com\/fr\/wp-json\/wp\/v2\/posts\/670012\/revisions"}],"wp:featuredmedia":[{"embeddable":true,"href":"https:\/\/www.europesays.com\/fr\/wp-json\/wp\/v2\/media\/670013"}],"wp:attachment":[{"href":"https:\/\/www.europesays.com\/fr\/wp-json\/wp\/v2\/media?parent=670012"}],"wp:term":[{"taxonomy":"category","embeddable":true,"href":"https:\/\/www.europesays.com\/fr\/wp-json\/wp\/v2\/categories?post=670012"},{"taxonomy":"post_tag","embeddable":true,"href":"https:\/\/www.europesays.com\/fr\/wp-json\/wp\/v2\/tags?post=670012"}],"curies":[{"name":"wp","href":"https:\/\/api.w.org\/{rel}","templated":true}]}}