{"id":670014,"date":"2026-01-17T12:39:10","date_gmt":"2026-01-17T12:39:10","guid":{"rendered":"https:\/\/www.europesays.com\/fr\/670014\/"},"modified":"2026-01-17T12:39:10","modified_gmt":"2026-01-17T12:39:10","slug":"les-kurdes-de-syrie-affirment-quune-attaque-des-forces-gouvernementales-a-tue-plusieurs-de-leurs-combattants","status":"publish","type":"post","link":"https:\/\/www.europesays.com\/fr\/670014\/","title":{"rendered":"Les Kurdes de Syrie affirment qu\u2019une attaque des forces gouvernementales a tu\u00e9 plusieurs de leurs combattants"},"content":{"rendered":"<p>\n    <strong>LE POINT SUR LA SITUATION &#8211;<\/strong> L\u2019\u00e9missaire am\u00e9ricain pour la Syrie Tom Barrack et le chef des forces kurdes syriennes Mazloum Abdi se r\u00e9unissent ce samedi \u00e0 Erbil, dans un contexte de tensions persistantes entre Damas et les forces kurdes.<\/p>\n<p class=\"fig-paragraph\">Ce samedi, plusieurs \u00e9volutions sont intervenues dans le nord de la Syrie, avec des affrontements signal\u00e9s \u00e0 l\u2019est d\u2019Alep, des accusations crois\u00e9es entre l\u2019arm\u00e9e syrienne et les Forces d\u00e9mocratiques syriennes (FDS), une reprise des \u00e9changes diplomatiques sous m\u00e9diation am\u00e9ricaine en Irak, ainsi que des r\u00e9actions des responsables kurdes apr\u00e8s un d\u00e9cret pr\u00e9sidentiel sur leurs droits nationaux. Le Figaro fait le point sur la situation au samedi 17 janvier.<\/p>\n<p>                                            <strong>Les Kurdes de Syrie affirment qu\u2019une attaque des forces gouvernementales a tu\u00e9 plusieurs de leurs combattants<\/strong><\/p>\n<p class=\"fig-paragraph\">Les forces kurdes de Syrie ont affirm\u00e9 samedi qu\u2019une attaque des forces gouvernementales avait tu\u00e9 plusieurs de leurs combattants dans le nord du pays, accusant Damas de ne pas respecter un accord sur le retrait kurde de secteurs situ\u00e9s \u00e0 l\u2019est d\u2019Alep.<\/p>\n<p>                                            <a class=\"fig-a11y-skip\" href=\"#fig-a11y-skip-main-inarticle\" data-module=\"a11y-skip\" data-context=\"was @visible\"><br \/>\n    Passer la publicit\u00e9<br \/>\n<\/a>            <\/p>\n<p class=\"fig-paragraph\">Les Forces d\u00e9mocratiques syriennes (FDS), domin\u00e9es par les Kurdes, ont affirm\u00e9 dans un communiqu\u00e9 que cet accord pr\u00e9voyait \u00abun cessez-le-feu et un d\u00e9lai de 48 heures\u00bb pour le retrait de leurs combattants des villes de Deir Hafer et Maskana. Or le gouvernement a envoy\u00e9 des convois militaires dans la r\u00e9gion \u00abavant que le retrait\u00bb ne soit achev\u00e9 et \u00abattaqu\u00e9 nos combattants, dont plusieurs ont \u00e9t\u00e9 tu\u00e9s\u00bb, ont ajout\u00e9 les FDS.<\/p>\n<p>                                            L\u2019\u00e9missaire am\u00e9ricain Tom Barrack et le chef des forces kurdes de Syrie se r\u00e9unissent \u00e0 Erbil<\/p>\n<p class=\"fig-paragraph\">L\u2019\u00e9missaire am\u00e9ricain pour la Syrie Tom Barrack et le chef des forces kurdes en Syrie, Mazloum Abdi, sont arriv\u00e9s samedi \u00e0 Erbil pour une r\u00e9union, a annonc\u00e9 \u00e0 l\u2019AFP une source \u00e0 la pr\u00e9sidence du Kurdistan d\u2019Irak. Tom Barrack devait rencontrer le leader kurde Massoud Barzani, puis Mazloum Abdi, le chef des Forces d\u00e9mocratiques syriennes (FDS), contr\u00f4l\u00e9es par les Kurdes, et Nechirvan Barzani, le pr\u00e9sident du Kurdistan d\u2019Irak, selon cette source.<\/p>\n<p class=\"fig-paragraph\">Cette r\u00e9union intervient apr\u00e8s des affrontements entre arm\u00e9e syrienne et forces kurdes dans le nord de la Syrie, alors que les n\u00e9gociations entre Damas et les Kurdes pour mettre en oeuvre un accord sign\u00e9 en mars 2025, visant \u00e0 int\u00e9grer leurs institutions civiles et militaires au sein de l\u2019\u00c9tat syrien, sont dans l\u2019impasse.<\/p>\n<p>                                            Les Kurdes de Syrie jugent insuffisant un d\u00e9cret publi\u00e9 vendredi sur leurs droits nationaux<\/p>\n<p class=\"fig-paragraph\">Les Kurdes de Syrie ont affirm\u00e9 samedi qu\u2019un d\u00e9cret pr\u00e9sidentiel, publi\u00e9 la veille, qui fait du kurde une langue officielle et garantit \u00e0 cette minorit\u00e9 des droits nationaux, \u00e9tait un premier pas mais restait insuffisant. Le d\u00e9cret du pr\u00e9sident Ahmad al-Chareh constitue \u00abun premier pas mais ne satisfait pas les aspirations et les espoirs du peuple kurde\u00bb, a d\u00e9clar\u00e9 dans un communiqu\u00e9 l\u2019administration kurde du nord et du nord-est de la Syrie.<\/p>\n<p class=\"fig-paragraph\">Les droits doivent \u00eatre prot\u00e9g\u00e9s \u00abpar des constitutions \u00e0 caract\u00e8re permanent qui expriment la volont\u00e9 du peuple et de toutes ses composantes\u00bb, et non par des \u00abd\u00e9crets temporaires\u00bb, ajoute le communiqu\u00e9.<\/p>\n<p>                                            <a class=\"fig-a11y-skip\" href=\"#fig-a11y-skip-main-inarticle_mtf\" data-module=\"a11y-skip\" data-context=\"was @visible\"><br \/>\n    Passer la publicit\u00e9<br \/>\n<\/a>            <\/p>\n<p>                                            L\u2019arm\u00e9e syrienne annonce contr\u00f4ler la ville de Deir Hafer, \u00e0 l\u2019est d\u2019Alep<\/p>\n<p class=\"fig-paragraph\"><a href=\"http:\/\/www.lefigaro.fr\/international\/dossier\/turquie-offensive-kurdistan-syrien-kurdes-syrie-trump\" data-fig-type=\"Topic\" data-gtm-custom-categorie=\"navigation\" data-gtm-custom-action=\"crossclick\" data-gtm-custom-label=\"Contextuel\" data-gtm-event=\"customEventSPE\" data-fig-domain=\"LEFIGARO\" target=\"_blank\" rel=\"noopener\">L\u2019arm\u00e9e syrienne<\/a>\u00a0a annonc\u00e9 samedi matin avoir pris le contr\u00f4le de la ville de Deir Hafer, \u00e0 l\u2019est d\u2019Alep, apr\u00e8s de r\u00e9cents combats dans cette r\u00e9gion du nord de la Syrie. Dans un communiqu\u00e9 diffus\u00e9 par la t\u00e9l\u00e9vision officielle, elle affirme exercer un \u00abcontr\u00f4le militaire total\u00bb sur la ville, tandis qu\u2019un correspondant de l\u2019AFP a constat\u00e9 le d\u00e9ploiement de troupes syriennes sur place. L\u2019arm\u00e9e pr\u00e9cise que ses forces ont commenc\u00e9 \u00e0 entrer plus largement dans un secteur situ\u00e9 \u00e0 l\u2019ouest de l\u2019Euphrate, marquant une nouvelle \u00e9tape de son avanc\u00e9e dans l\u2019est de la r\u00e9gion d\u2019Alep.<\/p>\n<p class=\"fig-paragraph\">Au moment o\u00f9 il est engag\u00e9 dans un conflit avec les forces kurdes qui contr\u00f4lent le nord du pays, le pr\u00e9sident syrien Ahmad al-Chareh a annonc\u00e9 vendredi soir reconna\u00eetre par d\u00e9cret les droits nationaux des Kurdes dont la langue sera d\u00e9sormais officielle. Le chef de l&rsquo;\u00c9tat islamiste a affirm\u00e9 que les Kurdes constituaient \u00abune partie int\u00e9grante\u00bb du pays o\u00f9 ils ont souffert de d\u00e9cennies de marginalisation et d&rsquo;oppression des r\u00e9gimes pr\u00e9c\u00e9dents.<\/p>\n<p>                                            Des combats depuis la semaine derni\u00e8re<\/p>\n<p class=\"fig-paragraph\">Ahmad al-Chareh a renvers\u00e9 en d\u00e9cembre 2024 Bachar al-Assad \u00e0 la t\u00eate d&rsquo;une coalition islamiste et veut \u00e9tendre son autorit\u00e9 sur l&rsquo;ensemble du territoire syrien. La minorit\u00e9 kurde avait profit\u00e9 du chaos de la guerre civile (2011-2024) pour s&#8217;emparer de vastes territoires du nord et du nord-est de la Syrie &#8211; incluant champs p\u00e9troliers et gaziers &#8211; apr\u00e8s avoir d\u00e9fait le groupe djihadiste \u00c9tat islamique (EI) avec l&rsquo;appui d&rsquo;une coalition multinationale.<\/p>\n<p class=\"fig-paragraph\">Des combats avaient oppos\u00e9 la semaine derni\u00e8re l&rsquo;arm\u00e9e syrienne aux forces kurdes \u00e0 Alep, o\u00f9 elles ont \u00e9t\u00e9 d\u00e9log\u00e9es des deux quartiers qu&rsquo;elles contr\u00f4laient. Les forces syriennes ont ensuite mass\u00e9 d&rsquo;importants renforts dans la r\u00e9gion de Deir Hafer, \u00e0 une cinquantaine de kilom\u00e8tres \u00e0 l&rsquo;est d&rsquo;Alep, et somm\u00e9 les Forces D\u00e9mocratiques Syriennes (FDS), domin\u00e9es par les Kurdes, d&rsquo;\u00e9vacuer une zone entre cette r\u00e9gion et l&rsquo;Euphrate, plus \u00e0 l&rsquo;est.<\/p>\n<p class=\"fig-paragraph\">Le chef des FDS, Mazloum Abdi, a annonc\u00e9 un retrait programm\u00e9, devant intervenir samedi matin. Peu auparavant, l&rsquo;arm\u00e9e avait annonc\u00e9 bombarder les positions kurdes dans la r\u00e9gion apr\u00e8s avoir \u00e9mis des avertissements aux civils, les FDS faisant pour leur part \u00e9tat \u00abd&rsquo;un violent pilonnage\u00bb. L&rsquo;arm\u00e9e avait accord\u00e9 un d\u00e9lai aux civils pour \u00e9vacuer la zone sous contr\u00f4le des FDS, et plus de 4000 d&rsquo;entre eux ont fui selon les autorit\u00e9s syriennes.<\/p>\n","protected":false},"excerpt":{"rendered":"LE POINT SUR LA SITUATION &#8211; L\u2019\u00e9missaire am\u00e9ricain pour la Syrie Tom Barrack et le chef des forces&hellip;\n","protected":false},"author":2,"featured_media":670015,"comment_status":"","ping_status":"","sticky":false,"template":"","format":"standard","meta":{"footnotes":""},"categories":[5],"tags":[11,1011,27,14,12,32,28],"class_list":{"0":"post-670014","1":"post","2":"type-post","3":"status-publish","4":"format-standard","5":"has-post-thumbnail","7":"category-international","8":"tag-actualites","9":"tag-fr","10":"tag-france","11":"tag-international","12":"tag-news","13":"tag-syrie","14":"tag-world"},"share_on_mastodon":{"url":"https:\/\/pubeurope.com\/@fr\/115910486540445735","error":""},"_links":{"self":[{"href":"https:\/\/www.europesays.com\/fr\/wp-json\/wp\/v2\/posts\/670014","targetHints":{"allow":["GET"]}}],"collection":[{"href":"https:\/\/www.europesays.com\/fr\/wp-json\/wp\/v2\/posts"}],"about":[{"href":"https:\/\/www.europesays.com\/fr\/wp-json\/wp\/v2\/types\/post"}],"author":[{"embeddable":true,"href":"https:\/\/www.europesays.com\/fr\/wp-json\/wp\/v2\/users\/2"}],"replies":[{"embeddable":true,"href":"https:\/\/www.europesays.com\/fr\/wp-json\/wp\/v2\/comments?post=670014"}],"version-history":[{"count":0,"href":"https:\/\/www.europesays.com\/fr\/wp-json\/wp\/v2\/posts\/670014\/revisions"}],"wp:featuredmedia":[{"embeddable":true,"href":"https:\/\/www.europesays.com\/fr\/wp-json\/wp\/v2\/media\/670015"}],"wp:attachment":[{"href":"https:\/\/www.europesays.com\/fr\/wp-json\/wp\/v2\/media?parent=670014"}],"wp:term":[{"taxonomy":"category","embeddable":true,"href":"https:\/\/www.europesays.com\/fr\/wp-json\/wp\/v2\/categories?post=670014"},{"taxonomy":"post_tag","embeddable":true,"href":"https:\/\/www.europesays.com\/fr\/wp-json\/wp\/v2\/tags?post=670014"}],"curies":[{"name":"wp","href":"https:\/\/api.w.org\/{rel}","templated":true}]}}