{"id":670017,"date":"2026-01-17T12:41:10","date_gmt":"2026-01-17T12:41:10","guid":{"rendered":"https:\/\/www.europesays.com\/fr\/670017\/"},"modified":"2026-01-17T12:41:10","modified_gmt":"2026-01-17T12:41:10","slug":"premiere-victoire-en-coupe-du-monde-pour-litalienne-nicol-delago-les-suissesses-hors-du-top-10","status":"publish","type":"post","link":"https:\/\/www.europesays.com\/fr\/670017\/","title":{"rendered":"Premi\u00e8re victoire en Coupe du monde pour l&rsquo;Italienne Nicol Delago, les Suissesses hors du top-10"},"content":{"rendered":"<p>La descente de Tarvisio a souri \u00e0 Nicol Delago. L&rsquo;Italienne de 30 ans, dont c&rsquo;est la premi\u00e8re victoire en Coupe du monde, a devanc\u00e9 l&rsquo;Allemande Kira Weidle-Winkelmann et l&rsquo;Am\u00e9ricaine Lindsey Vonn. C\u00f4t\u00e9 suisse, la course est \u00e0 oublier. Meilleure d&rsquo;entre elles, Corinne Suter, 15e.<\/p>\n<p>L&rsquo;a\u00een\u00e9e des soeurs Delago a d\u00e9bloqu\u00e9 son compteur sur le Cirque blanc, elle qui comptait cinq podiums dont quatre en descente. Elle a devanc\u00e9 Weidle-Winkelmann de 0\u00a0\u00bb20 et l&rsquo;Am\u00e9ricaine Lindsey Vonn de 0\u00a0\u00bb26 au terme d&rsquo;une course disput\u00e9e partiellement dans le brouillard.<\/p>\n<p>Partie avec le dossard no3, la Transalpine a \u00e9t\u00e9 la plus r\u00e9guli\u00e8re sur la pista Di Prampero, qui retrouve la Coupe du monde ce week-end apr\u00e8s 15 ans d&rsquo;absence. La station italienne situ\u00e9e non loin de la fronti\u00e8re slov\u00e8ne remplace Cortina d&rsquo;Ampezzo, o\u00f9 auront lieu les \u00e9preuves f\u00e9minines des Jeux olympiques (6-22 f\u00e9vrier).<\/p>\n<p>Vonn prend le large<\/p>\n<p>Vonn, qui s&rsquo;\u00e9tait impos\u00e9e deux fois sur cette piste en super-G lors de la premi\u00e8re partie de sa longue carri\u00e8re (2009 et 2011), a d\u00fb s&rsquo;avouer vaincue, mais la \u00ab\u00a0Speed Queen\u00a0\u00bb r\u00e9alise une excellente op\u00e9ration dans la course au globe de la sp\u00e9cialit\u00e9.<\/p>\n<p>Elle compte pr\u00e8s de 150 points d&rsquo;avance sur sa premi\u00e8re poursuivante, l&rsquo;Allemande Emma Aicher (5e samedi), alors qu&rsquo;il ne reste que 4 descentes de Coupe du monde (Crans-Montana, Soldeu, Val di Fassa et Lillehammer).<\/p>\n<p>Les Suissesses en d\u00e9licatesse<\/p>\n<p>En difficult\u00e9 depuis le d\u00e9but de la saison en l&rsquo;absence de Lara Gut-Behrami et Michelle Gisin, l&rsquo;\u00e9quipe de Suisse f\u00e9minine de vitesse a une nouvelle fois d\u00e9\u00e7u. Championne olympique de descente en 2022, Corinne Suter a limit\u00e9 la casse en terminant 15e \u00e0 1\u00a0\u00bb50 de Nicol Delago.<\/p>\n<p>Cela a \u00e9t\u00e9 bien plus compliqu\u00e9 pour Janine Schmitt (21e \u00e0 +2\u00a0\u00bb57), et surtout pour Priska Ming-Nufer (26e), Delia Durrer (28e), Jasmine Flury (30e) et Malorie Blanc (30e), qui ont toutes fini \u00e0 plus de trois secondes de la premi\u00e8re place.<\/p>\n<p class=\"sources\">ats\/pza<\/p>\n","protected":false},"excerpt":{"rendered":"La descente de Tarvisio a souri \u00e0 Nicol Delago. L&rsquo;Italienne de 30 ans, dont c&rsquo;est la premi\u00e8re victoire&hellip;\n","protected":false},"author":2,"featured_media":670018,"comment_status":"","ping_status":"","sticky":false,"template":"","format":"standard","meta":{"footnotes":""},"categories":[2],"tags":[11,672,76979,76980,76981,6466,73,1011,27,452,76982,76983,76984,12,76985,4129,14276,517,27390,1264],"class_list":{"0":"post-670017","1":"post","2":"type-post","3":"status-publish","4":"format-standard","5":"has-post-thumbnail","7":"category-actualites","8":"tag-actualites","9":"tag-allemagne","10":"tag-corinne-suter","11":"tag-coupe-du-monde-dames-descente-course","12":"tag-coupe-mondiale","13":"tag-course","14":"tag-etats-unis","15":"tag-fr","16":"tag-france","17":"tag-italie","18":"tag-kira-weidle","19":"tag-kira-weidle-winkelmann","20":"tag-lindsey-vonn","21":"tag-news","22":"tag-nicol-delago","23":"tag-ski","24":"tag-ski-alpin","25":"tag-sport","26":"tag-suisses","27":"tag-victoire"},"share_on_mastodon":{"url":"https:\/\/pubeurope.com\/@fr\/115910494364266556","error":""},"_links":{"self":[{"href":"https:\/\/www.europesays.com\/fr\/wp-json\/wp\/v2\/posts\/670017","targetHints":{"allow":["GET"]}}],"collection":[{"href":"https:\/\/www.europesays.com\/fr\/wp-json\/wp\/v2\/posts"}],"about":[{"href":"https:\/\/www.europesays.com\/fr\/wp-json\/wp\/v2\/types\/post"}],"author":[{"embeddable":true,"href":"https:\/\/www.europesays.com\/fr\/wp-json\/wp\/v2\/users\/2"}],"replies":[{"embeddable":true,"href":"https:\/\/www.europesays.com\/fr\/wp-json\/wp\/v2\/comments?post=670017"}],"version-history":[{"count":0,"href":"https:\/\/www.europesays.com\/fr\/wp-json\/wp\/v2\/posts\/670017\/revisions"}],"wp:featuredmedia":[{"embeddable":true,"href":"https:\/\/www.europesays.com\/fr\/wp-json\/wp\/v2\/media\/670018"}],"wp:attachment":[{"href":"https:\/\/www.europesays.com\/fr\/wp-json\/wp\/v2\/media?parent=670017"}],"wp:term":[{"taxonomy":"category","embeddable":true,"href":"https:\/\/www.europesays.com\/fr\/wp-json\/wp\/v2\/categories?post=670017"},{"taxonomy":"post_tag","embeddable":true,"href":"https:\/\/www.europesays.com\/fr\/wp-json\/wp\/v2\/tags?post=670017"}],"curies":[{"name":"wp","href":"https:\/\/api.w.org\/{rel}","templated":true}]}}