{"id":670044,"date":"2026-01-17T12:57:34","date_gmt":"2026-01-17T12:57:34","guid":{"rendered":"https:\/\/www.europesays.com\/fr\/670044\/"},"modified":"2026-01-17T12:57:34","modified_gmt":"2026-01-17T12:57:34","slug":"en-conseil-municipal-deux-adjoints-frondeurs-prives-de-leurs-fonctions","status":"publish","type":"post","link":"https:\/\/www.europesays.com\/fr\/670044\/","title":{"rendered":"en conseil municipal, deux adjoints frondeurs priv\u00e9s de leurs fonctions"},"content":{"rendered":"<p>Devant les marches de l\u2019h\u00f4tel de ville, en ce jeudi soir 15 janvier, un tissu pos\u00e9 au sol indique\u00a0: \u201cBienvenue aux fun\u00e9railles de la d\u00e9mocratie\u201d. Une plaque fun\u00e9raire \u201cen m\u00e9moire de la d\u00e9mocratie\u201d c\u00f4toie trois plaques portant les noms des adjoints Patrick Maciejewski et Bernard Jenaste, et de la conseill\u00e8re municipale d\u00e9missionnaire Corine Dulaurent Simper. Le tout \u00e9clair\u00e9 par des bougies.<\/p>\n<p>Personne n&rsquo;assume<\/p>\n<p>Impossible de savoir qui est \u00e0 l\u2019origine de cette mise en sc\u00e8ne macabre. Patrick Maciejewski se d\u00e9solidarise, estimant qu\u2019on aurait pu lui demander l\u2019autorisation de le citer. Idem du c\u00f4t\u00e9 de Corine Dulaurent, qui n\u2019utilise plus le nom inscrit sur la plaque\u00a0: \u00ab\u00a0Ce n\u2019est ni Bernard, ni moi\u00a0\u00bb.<\/p>\n<p>Dans la salle du conseil, la s\u00e9ance se&#8230;<\/p>\n","protected":false},"excerpt":{"rendered":"Devant les marches de l\u2019h\u00f4tel de ville, en ce jeudi soir 15 janvier, un tissu pos\u00e9 au sol&hellip;\n","protected":false},"author":2,"featured_media":670045,"comment_status":"","ping_status":"","sticky":false,"template":"","format":"standard","meta":{"footnotes":""},"categories":[2820],"tags":[1111,11,1984,2880,5949,4188,1777,674,107,1011,27,775,12,316,25,5512,640,3265],"class_list":{"0":"post-670044","1":"post","2":"type-post","3":"status-publish","4":"format-standard","5":"has-post-thumbnail","7":"category-strasbourg","8":"tag-actu","9":"tag-actualites","10":"tag-conseil-municipal","11":"tag-edition-strasbourg","12":"tag-elections","13":"tag-elections-municipales","14":"tag-eu","15":"tag-europe","16":"tag-fil-info","17":"tag-fr","18":"tag-france","19":"tag-grand-est","20":"tag-news","21":"tag-politique","22":"tag-republique-francaise","23":"tag-schiltigheim","24":"tag-strasbourg","25":"tag-strasbourg-nord"},"share_on_mastodon":{"url":"https:\/\/pubeurope.com\/@fr\/115910557280209363","error":""},"_links":{"self":[{"href":"https:\/\/www.europesays.com\/fr\/wp-json\/wp\/v2\/posts\/670044","targetHints":{"allow":["GET"]}}],"collection":[{"href":"https:\/\/www.europesays.com\/fr\/wp-json\/wp\/v2\/posts"}],"about":[{"href":"https:\/\/www.europesays.com\/fr\/wp-json\/wp\/v2\/types\/post"}],"author":[{"embeddable":true,"href":"https:\/\/www.europesays.com\/fr\/wp-json\/wp\/v2\/users\/2"}],"replies":[{"embeddable":true,"href":"https:\/\/www.europesays.com\/fr\/wp-json\/wp\/v2\/comments?post=670044"}],"version-history":[{"count":0,"href":"https:\/\/www.europesays.com\/fr\/wp-json\/wp\/v2\/posts\/670044\/revisions"}],"wp:featuredmedia":[{"embeddable":true,"href":"https:\/\/www.europesays.com\/fr\/wp-json\/wp\/v2\/media\/670045"}],"wp:attachment":[{"href":"https:\/\/www.europesays.com\/fr\/wp-json\/wp\/v2\/media?parent=670044"}],"wp:term":[{"taxonomy":"category","embeddable":true,"href":"https:\/\/www.europesays.com\/fr\/wp-json\/wp\/v2\/categories?post=670044"},{"taxonomy":"post_tag","embeddable":true,"href":"https:\/\/www.europesays.com\/fr\/wp-json\/wp\/v2\/tags?post=670044"}],"curies":[{"name":"wp","href":"https:\/\/api.w.org\/{rel}","templated":true}]}}