{"id":670055,"date":"2026-01-17T13:04:10","date_gmt":"2026-01-17T13:04:10","guid":{"rendered":"https:\/\/www.europesays.com\/fr\/670055\/"},"modified":"2026-01-17T13:04:10","modified_gmt":"2026-01-17T13:04:10","slug":"pour-eviter-le-bordeaux-bashing-ce-couple-lance-a-fronsac-un-nouveau-vin-qui-casse-les-codes","status":"publish","type":"post","link":"https:\/\/www.europesays.com\/fr\/670055\/","title":{"rendered":"Pour \u00e9viter le Bordeaux bashing, ce couple lance \u00e0 Fronsac un nouveau vin \u00ab\u00a0qui casse les codes\u00a0\u00bb"},"content":{"rendered":"<p>                    Par<br \/>\n        <strong><br \/>\n            <a href=\"https:\/\/actu.fr\/auteur\/sports33\" title=\"Consulter tous les articles de Nicolas Gosselin\" target=\"_blank\" rel=\"noopener\">Nicolas Gosselin<\/a><br \/>\n                    <\/strong><\/p>\n<p>        Publi\u00e9 le<\/p>\n<p>            17 janv. 2026 \u00e0 12h32        <\/p>\n<p>Install\u00e9s dans une <strong>propri\u00e9t\u00e9 viticole \u00e0 Fronsac<\/strong> (Gironde) depuis 2016, Nicolas et \u00c9milie Marette n\u2019avaient pas vocation \u00e0 faire du <a href=\"https:\/\/actu.fr\/tag\/vin\" target=\"_blank\" rel=\"noopener\">vin<\/a>. Ce couple de Parisiens avait jet\u00e9 son d\u00e9volu sur le <strong>ch\u00e2teau La Fontaine<\/strong> pour y faire des <a href=\"https:\/\/actu.fr\/tag\/tourisme\" target=\"_blank\" rel=\"noopener\">locations de tourisme<\/a> dans des b\u00e2timents de la propri\u00e9t\u00e9. Pourtant, plus de dix ans apr\u00e8s le dernier mill\u00e9sime du ch\u00e2teau, ils ont relanc\u00e9 une nouvelle cuv\u00e9e baptis\u00e9e <a href=\"https:\/\/chateaulafontaine.com\/notre-vin\/\" target=\"_blank\" rel=\"noopener\">La Source de la Fontaine<\/a>. Un vin totalement nouveau, qui n\u2019a rien \u00e0 voir avec son pr\u00e9d\u00e9cesseur.<\/p>\n<p class=\" wall-content\">\u00c9milie Marette a abandonn\u00e9 son travail dans l\u2019\u00e9v\u00e9nementiel \u00e0 Paris pour s\u2019occuper \u00e0 plein temps des deux g\u00eetes et des quatre chambres d\u2019h\u00f4tes. Et r\u00e9guli\u00e8rement, des touristes demandaient s\u2019il \u00e9tait possible d\u2019acheter du vin du ch\u00e2teau La Fontaine, sans savoir que la propri\u00e9t\u00e9 n\u2019avait plus de vignes.<\/p>\n<p>Un vin rouge rafraichissant\u00a0<\/p>\n<p class=\" wall-content\">Du coup, l\u2019id\u00e9e a fini par germer dans la t\u00eate du couple. \u00ab\u00a0On a voulu faire <strong>un vin rouge rafraichissant<\/strong> qu\u2019on peut boire comme un beaujolais ou un sancerre\u00a0\u00bb, explique Nicolas Marette.\u00a0<\/p>\n<p class=\" wall-content\">Pour cela, les Marette se sont rapproch\u00e9s de Christine et Jean-Yves Millaire, vignerons \u00e0 Fronsac, pour \u00ab\u00a0refaire le vin du ch\u00e2teau La Fontaine mais avec<strong> les codes d\u2019aujourd\u2019hui\u00a0\u00bb<\/strong>. \u00ab\u00a0Ils nous ont fait d\u00e9guster diff\u00e9rents c\u00e9pages de leurs vignes, puis refait d\u00e9guster diff\u00e9rents assemblages avant de s\u00e9lectionner celui qui nous convenait\u00a0\u00bb, raconte le propri\u00e9taire du ch\u00e2teau La Fontaine.<\/p>\n<p>\u00ab\u00a0On voulait \u00e9viter le Bordeaux bashing\u00a0\u00bb<\/p>\n<p class=\" wall-content\">Pour le premier mill\u00e9sime de La Source de la Fontaine,<strong> 3 000 bouteilles ont \u00e9t\u00e9 produites<\/strong> avec 80% de cabernet franc et 20% de petit verdot. Elles sont en vente depuis l\u2019\u00e9t\u00e9 2025 \u00e0 la propri\u00e9t\u00e9 ou \u00e0 la boutique La Fabrique made in Fronsac, \u00e0 10 euros pi\u00e8ce.<\/p>\n<p class=\" wall-content\">\u00ab\u00a0C\u2019est un vin rouge qui se met au frigo. Je sature des vins lourds, on avait envie de <strong>quelque chose de l\u00e9ger<\/strong> et qui change du ros\u00e9\u00a0\u00bb, commente \u00c9milie Marette. \u00ab\u00a0On a fait un vin d\u2019ap\u00e9ro, de copains. On a pris une <strong>bouteille au format bourguignon<\/strong>, avec une \u00e9tiquette qui sort des ch\u00e2teaux bordelais traditionnels pour \u00e9viter le <strong>Bordeaux bashing\u00a0\u00bb<\/strong>, compl\u00e8te son mari, pour parler de La Source de la Fontaine, class\u00e9e dans l\u2019appellation <strong>Vins de France<\/strong>.<\/p>\n<p class=\" wall-content\">Personnalisez votre actualit\u00e9 en ajoutant vos villes et m\u00e9dias en favori avec <a href=\"https:\/\/moncompte.actu.fr\" title=\"D\u00e9couvez Mon Actu\" rel=\"nofollow noopener\" data-trk=\"{&quot;cta&quot;:{&quot;action&quot;:&quot;https:\\\/\\\/moncompte.actu.fr&quot;,&quot;category&quot;:&quot;mon compte&quot;,&quot;from&quot;:&quot;article footer&quot;,&quot;name&quot;:&quot;Mon actu&quot;,&quot;type&quot;:&quot;cta&quot;}}\" target=\"_blank\">Mon Actu<\/a>.<\/p>\n","protected":false},"excerpt":{"rendered":"Par Nicolas Gosselin Publi\u00e9 le 17 janv. 2026 \u00e0 12h32 Install\u00e9s dans une propri\u00e9t\u00e9 viticole \u00e0 Fronsac (Gironde)&hellip;\n","protected":false},"author":2,"featured_media":670056,"comment_status":"","ping_status":"","sticky":false,"template":"","format":"standard","meta":{"footnotes":""},"categories":[2817],"tags":[1111,11,1997,44126,1777,674,1011,27,12,2219,25,104,4802,1662],"class_list":{"0":"post-670055","1":"post","2":"type-post","3":"status-publish","4":"format-standard","5":"has-post-thumbnail","7":"category-bordeaux","8":"tag-actu","9":"tag-actualites","10":"tag-bordeaux","11":"tag-crise-viticole-en-gironde","12":"tag-eu","13":"tag-europe","14":"tag-fr","15":"tag-france","16":"tag-news","17":"tag-nouvelle-aquitaine","18":"tag-republique-francaise","19":"tag-societe","20":"tag-vignes","21":"tag-vin"},"share_on_mastodon":{"url":"https:\/\/pubeurope.com\/@fr\/115910584862456098","error":""},"_links":{"self":[{"href":"https:\/\/www.europesays.com\/fr\/wp-json\/wp\/v2\/posts\/670055","targetHints":{"allow":["GET"]}}],"collection":[{"href":"https:\/\/www.europesays.com\/fr\/wp-json\/wp\/v2\/posts"}],"about":[{"href":"https:\/\/www.europesays.com\/fr\/wp-json\/wp\/v2\/types\/post"}],"author":[{"embeddable":true,"href":"https:\/\/www.europesays.com\/fr\/wp-json\/wp\/v2\/users\/2"}],"replies":[{"embeddable":true,"href":"https:\/\/www.europesays.com\/fr\/wp-json\/wp\/v2\/comments?post=670055"}],"version-history":[{"count":0,"href":"https:\/\/www.europesays.com\/fr\/wp-json\/wp\/v2\/posts\/670055\/revisions"}],"wp:featuredmedia":[{"embeddable":true,"href":"https:\/\/www.europesays.com\/fr\/wp-json\/wp\/v2\/media\/670056"}],"wp:attachment":[{"href":"https:\/\/www.europesays.com\/fr\/wp-json\/wp\/v2\/media?parent=670055"}],"wp:term":[{"taxonomy":"category","embeddable":true,"href":"https:\/\/www.europesays.com\/fr\/wp-json\/wp\/v2\/categories?post=670055"},{"taxonomy":"post_tag","embeddable":true,"href":"https:\/\/www.europesays.com\/fr\/wp-json\/wp\/v2\/tags?post=670055"}],"curies":[{"name":"wp","href":"https:\/\/api.w.org\/{rel}","templated":true}]}}