{"id":670057,"date":"2026-01-17T13:05:18","date_gmt":"2026-01-17T13:05:18","guid":{"rendered":"https:\/\/www.europesays.com\/fr\/670057\/"},"modified":"2026-01-17T13:05:18","modified_gmt":"2026-01-17T13:05:18","slug":"deux-nouveaux-commerces-vont-ouvrir-sur-lemblematique-place-saint-pierre-de-toulouse","status":"publish","type":"post","link":"https:\/\/www.europesays.com\/fr\/670057\/","title":{"rendered":"Deux nouveaux commerces vont ouvrir sur l&#8217;embl\u00e9matique place Saint-Pierre de Toulouse"},"content":{"rendered":"<p>                    Par<br \/>\n        <strong><br \/>\n            <a href=\"https:\/\/actu.fr\/auteur\/mareva-laville-actu-fr\" title=\"Consulter tous les articles de Mar\u00e9va Laville\" target=\"_blank\" rel=\"noopener\">Mar\u00e9va Laville<\/a><br \/>\n                    <\/strong><\/p>\n<p>        Publi\u00e9 le<\/p>\n<p>            17 janv. 2026 \u00e0 6h04        <\/p>\n<p>La <a href=\"https:\/\/actu.fr\/occitanie\/toulouse_31555\/toulouse-un-incendie-se-declare-au-bar-basque-de-la-place-saint-pierre-les-pompiers-sur-place_63533288.html\" target=\"_blank\" rel=\"noopener\">place Saint-Pierre du centre-ville de Toulouse<\/a> fait le plein de nouveaut\u00e9s pour ce d\u00e9but d\u2019ann\u00e9e 2026. Au premier trimestre, deux nouveaux commerces sont attendus. L\u2019un remplace la boulangerie qui fait l\u2019angle avec<a href=\"https:\/\/actu.fr\/occitanie\/toulouse_31555\/toulouse-cet-immeuble-de-l-hypercentre-est-a-vendre-les-acheteurs-devront-vite-se-positionner_63321542.html\" target=\"_blank\" rel=\"noopener\"> la rue Valade<\/a>. L\u2019autre jouxte l\u2019embl\u00e9matique bar Chez Tonton. Ce qui vous attend.<\/p>\n<p>Tacos Avenue remplace la boulangerie<br \/>\n    <img   decoding=\"async\" loading=\"lazy\" src=\"https:\/\/www.europesays.com\/fr\/wp-content\/uploads\/2026\/01\/img-9526-960x640.jpeg\" alt=\"La boulangerie qui faisait l'angle, juste en face du Bar Basque, a baiss\u00e9 son rideau en fin d'ann\u00e9e derni\u00e8re.\" width=\"960\" height=\"640\"\/><br \/>\n    La boulangerie qui faisait l\u2019angle, juste en face du Bar Basque, a baiss\u00e9 son rideau en fin d\u2019ann\u00e9e derni\u00e8re. Elle a \u00e9t\u00e9 rachet\u00e9e, avec l\u2019aide de Taldeas Courtage. (\u00a9Mar\u00e9va Laville \/ Actu Toulouse)<\/p>\n<p class=\" wall-content\">Les \u00e9tudiants la connaissent bien. Les touristes, de passage, aussi. La<strong> boulangerie Baker Lounge,<\/strong> qui fait l\u2019angle de la place Saint-Pierre avec <a href=\"https:\/\/actu.fr\/occitanie\/toulouse_31555\/cette-rue-de-toulouse-est-terminee-voici-comment-on-y-circule_60733653.html\" target=\"_blank\" rel=\"noopener\">la rue Valade<\/a> <strong>depuis 17\u00a0ans<\/strong> aujourd\u2019hui, a ferm\u00e9 ses portes en fin d\u2019ann\u00e9e derni\u00e8re. Exit les snacks, sandwichs et salades\u2026 Place aux tacos, hamburgers, wraps et poutines\u2009! C\u2019est <strong>l\u2019enseigne Tacos Avenue<\/strong> qui prend le relais.<\/p>\n<p class=\" wall-content\">Une arriv\u00e9e en grande pompe dans le centre-ville toulousain. \u00c0 Toulouse, seul un autre Tacos Avenue existe, dans le quartier de <a href=\"https:\/\/actu.fr\/occitanie\/toulouse_31555\/municipales-malgre-les-projets-en-cours-ce-quartier-de-toulouse-maintient-la-pression-pour-son-avenir_63690206.html\" target=\"_blank\" rel=\"noopener\">Borderouge<\/a>.<\/p>\n<p class=\" wall-content\">Aux commandes de cette <strong>nouvelle franchise<\/strong>\u2009? K\u00e9vin et Alix Gilavert. Les deux entrepreneurs qui travaillent dans le b\u00e2timent ont totalement repens\u00e9 l\u2019ancienne boulangerie. \u00ab\u2009On a tout d\u00e9truit et tout refait\u2009\u00bb pour<strong> ouvrir le fast food le 16\u00a0f\u00e9vrier 2026,<\/strong> annoncent-ils.<\/p>\n<p>Terrasse \u00e0 l\u2019ext\u00e9rieur<\/p>\n<p class=\" wall-content\">Toute l\u2019\u00e9quipe est d\u00e9j\u00e0 au complet\u2009: cinq CDI et quatre apprentis* travailleront dans ce nouveau restaurant de la place Saint-Pierre, o\u00f9 il sera d\u00e9sormais possible de manger sur place. Une premi\u00e8re \u00e0 cet emplacement. \u00ab\u2009On aura<strong> une quinzaine de places assises<\/strong> \u00e0 l\u2019int\u00e9rieur et <strong>35 places en terrasse \u00e0 l\u2019ext\u00e9rieur<\/strong>\u2009\u00bb, se r\u00e9jouit K\u00e9vin Gilavert qui voit en l\u2019arriv\u00e9e de Tacos Avenue, une opportunit\u00e9 de compl\u00e9ter l\u2019offre d\u00e9j\u00e0 bien fournie de la place Saint-Pierre.<\/p>\n<p class=\" wall-content\">*les propri\u00e9taires de Tacos Avenue place Saint-Pierre invitent n\u00e9anmoins les int\u00e9ress\u00e9s \u00e0 postuler.<\/p>\n<p>Un concept store pour Chez Tonton<br \/>\n    <img   decoding=\"async\" loading=\"lazy\" src=\"https:\/\/www.europesays.com\/fr\/wp-content\/uploads\/2026\/01\/img-9528-960x640.jpeg\" alt=\"Chez Tonton a d\u00e9j\u00e0 investit sa nouvelle propri\u00e9t\u00e9e avec une terrasse. Mais \u00e0 l'int\u00e9rieur, c'est bien un concept store qui s'appr\u00eate \u00e0 ouvrir.\" width=\"960\" height=\"640\"\/><br \/>\n    Chez Tonton a d\u00e9j\u00e0 investit sa nouvelle propri\u00e9t\u00e9e avec une terrasse. Mais \u00e0 l\u2019int\u00e9rieur, c\u2019est bien un concept store qui s\u2019appr\u00eate \u00e0 ouvrir. (\u00a9Mar\u00e9va Laville \/ Actu Toulouse)<\/p>\n<p class=\" wall-content\">Juste \u00e0 c\u00f4t\u00e9, c\u2019est Chez Tonton qui se fait attendre. <a href=\"https:\/\/actu.fr\/occitanie\/toulouse_31555\/chez-tonton-va-ouvrir-son-concept-store-et-met-deja-en-vente-son-kit-du-supporter-du-stade-toulousain_63530751.html\" target=\"_blank\" rel=\"noopener\">Comme annonc\u00e9 en fin d\u2019ann\u00e9e derni\u00e8re sur Actu Toulouse<\/a>, le c\u00e9l\u00e8bre <a href=\"https:\/\/actu.fr\/occitanie\/toulouse_31555\/le-grand-barathon-de-toulouse-revient-avec-un-theme-enivrant-ce-qui-attend-les-fetards_63364346.html\" target=\"_blank\" rel=\"noopener\">bar toulousain<\/a> tenu par \u00ab\u2009Mamie\u2009\u00bb ouvre au cours du premier trimestre 2026, son concept store.<\/p>\n<p>Votre r\u00e9gion, votre actu !<\/p>\n<p>Recevez chaque jour les infos qui comptent pour vous.<\/p>\n<p>\t<a href=\"https:\/\/actu.fr\/newsletter\" class=\"ac-btn ac-btn--corner ac-btn--medium ac-btn--blue800\" target=\"_blank\" rel=\"noopener\">S&rsquo;incrire<\/a><\/p>\n<p class=\" wall-content\">La boutique se situe juste \u00e0 c\u00f4t\u00e9 du bar et lui permet de doubler la taille de sa terrasse. Si rien n\u2019est encore totalement officiel, le local qui sera d\u00e9di\u00e9 \u00e0 l\u2019\u00e9v\u00e8nementiel et \u00e0 la vente de produits d\u00e9riv\u00e9s est d\u00e9j\u00e0 actif.<\/p>\n<p class=\" wall-content\">Des premi\u00e8res ventes de t-shirt, pulls et \u00e9charpes floqu\u00e9s Chez Tonton, aux couleurs du Stade Toulousain, ont eu lieu. Et elles se poursuivent durant ce mois de janvier \u00e0 l\u2019occasion de chaque match \u00e0 domicile des Rouge et Noir, o\u00f9 Chez Tonton poss\u00e8de sa tribune de supporters. La prochaine vente aura lieu le 24 janvier. \u00ab\u00a0Une vente surprise aura lieu aussi dans ce concept store durant l\u2019anniveraire de Chez Tonton\u00a0\u00bb, tease l\u2019\u00e9quipe du bar.<\/p>\n<p class=\" wall-content\">L\u2019int\u00e9rieur de la boutique se peaufine peu \u00e0 peu en parall\u00e8le. C\u2019est (vraiment) pour bient\u00f4t\u2026<\/p>\n<p>    <a href=\"https:\/\/www.google.com\/maps\/embed?pb=!1m18!1m12!1m3!1d11556.544192257435!2d1.425600064776316!3d43.603708837668535!2m3!1f0!2f0!3f0!3m2!1i1024!2i768!4f13.1!3m3!1m2!1s0x12aebb65c7d66a45%3A0xcc9b4e2f2246551f!2sPl.%20Saint-Pierre%2C%2031000%20Toulouse!5e0!3m2!1sfr!2sfr!4v1768490889974!5m2!1sfr!2sfr\" title=\"Ouvrie le lien\" target=\"_blank\" rel=\"noopener\">Cliquez ici pour visualiser le contenu<\/a><\/p>\n<p class=\" wall-content\">Personnalisez votre actualit\u00e9 en ajoutant vos villes et m\u00e9dias en favori avec <a href=\"https:\/\/moncompte.actu.fr\" title=\"D\u00e9couvez Mon Actu\" rel=\"nofollow noopener\" data-trk=\"{&quot;cta&quot;:{&quot;action&quot;:&quot;https:\\\/\\\/moncompte.actu.fr&quot;,&quot;category&quot;:&quot;mon compte&quot;,&quot;from&quot;:&quot;article footer&quot;,&quot;name&quot;:&quot;Mon actu&quot;,&quot;type&quot;:&quot;cta&quot;}}\" target=\"_blank\">Mon Actu<\/a>.<\/p>\n","protected":false},"excerpt":{"rendered":"Par Mar\u00e9va Laville Publi\u00e9 le 17 janv. 2026 \u00e0 6h04 La place Saint-Pierre du centre-ville de Toulouse fait&hellip;\n","protected":false},"author":2,"featured_media":670058,"comment_status":"","ping_status":"","sticky":false,"template":"","format":"standard","meta":{"footnotes":""},"categories":[2816],"tags":[1111,11,1777,674,1011,27,12,2680,25,104,2312],"class_list":{"0":"post-670057","1":"post","2":"type-post","3":"status-publish","4":"format-standard","5":"has-post-thumbnail","7":"category-toulouse","8":"tag-actu","9":"tag-actualites","10":"tag-eu","11":"tag-europe","12":"tag-fr","13":"tag-france","14":"tag-news","15":"tag-occitanie","16":"tag-republique-francaise","17":"tag-societe","18":"tag-toulouse"},"share_on_mastodon":{"url":"https:\/\/pubeurope.com\/@fr\/115910588822263281","error":""},"_links":{"self":[{"href":"https:\/\/www.europesays.com\/fr\/wp-json\/wp\/v2\/posts\/670057","targetHints":{"allow":["GET"]}}],"collection":[{"href":"https:\/\/www.europesays.com\/fr\/wp-json\/wp\/v2\/posts"}],"about":[{"href":"https:\/\/www.europesays.com\/fr\/wp-json\/wp\/v2\/types\/post"}],"author":[{"embeddable":true,"href":"https:\/\/www.europesays.com\/fr\/wp-json\/wp\/v2\/users\/2"}],"replies":[{"embeddable":true,"href":"https:\/\/www.europesays.com\/fr\/wp-json\/wp\/v2\/comments?post=670057"}],"version-history":[{"count":0,"href":"https:\/\/www.europesays.com\/fr\/wp-json\/wp\/v2\/posts\/670057\/revisions"}],"wp:featuredmedia":[{"embeddable":true,"href":"https:\/\/www.europesays.com\/fr\/wp-json\/wp\/v2\/media\/670058"}],"wp:attachment":[{"href":"https:\/\/www.europesays.com\/fr\/wp-json\/wp\/v2\/media?parent=670057"}],"wp:term":[{"taxonomy":"category","embeddable":true,"href":"https:\/\/www.europesays.com\/fr\/wp-json\/wp\/v2\/categories?post=670057"},{"taxonomy":"post_tag","embeddable":true,"href":"https:\/\/www.europesays.com\/fr\/wp-json\/wp\/v2\/tags?post=670057"}],"curies":[{"name":"wp","href":"https:\/\/api.w.org\/{rel}","templated":true}]}}