{"id":670059,"date":"2026-01-17T13:06:15","date_gmt":"2026-01-17T13:06:15","guid":{"rendered":"https:\/\/www.europesays.com\/fr\/670059\/"},"modified":"2026-01-17T13:06:15","modified_gmt":"2026-01-17T13:06:15","slug":"albi-2026-une-annee-de-renouveau-pour-le-musee-toulouse-lautrec","status":"publish","type":"post","link":"https:\/\/www.europesays.com\/fr\/670059\/","title":{"rendered":"ALBI. 2026, une ann\u00e9e de renouveau pour le mus\u00e9e Toulouse-Lautrec\u00a0"},"content":{"rendered":"<p>Entre fr\u00e9quentation en hausse, acquisitions remarquables, restaurations et projets d&rsquo;exposition ambitieux, l&rsquo;\u00e9tablissement r\u00e9affirme son r\u00f4le de mus\u00e9e de r\u00e9f\u00e9rence, tout en ouvrant de nouvelles perspectives pour le public et la recherche.<\/p>\n<p>L&rsquo;ann\u00e9e \u00e9coul\u00e9e a \u00e9t\u00e9 marqu\u00e9e par un record de fr\u00e9quentation\u202f: 139\u202f092 visiteurs, soit 5\u202f% de hausse par rapport \u00e0 l&rsquo;ann\u00e9e pr\u00e9c\u00e9dente. Les temps forts ont confirm\u00e9 l&rsquo;attractivit\u00e9 de l&rsquo;institution\u202f: les Journ\u00e9es europ\u00e9ennes du patrimoine ont attir\u00e9 4\u202f230 visiteurs, la Nuit Pastel pr\u00e8s de 4\u202f000, et la Nuit des mus\u00e9es 1\u202f420 personnes. Ces moments exceptionnels, conjugu\u00e9s \u00e0 un accueil gratuit et \u00e0 des animations vari\u00e9es (ateliers, coloriages, visites cont\u00e9es) traduisent la volont\u00e9 du mus\u00e9e de rendre l&rsquo;art vivant et accessible \u00e0 tous, quel que soit l&rsquo;\u00e2ge ou le bagage culturel.<\/p>\n<p>L&rsquo;enrichissement des collections reste au c\u0153ur de la politique du mus\u00e9e. Trois acquisitions et donations ont marqu\u00e9 2025\u202f: l&rsquo;affiche Jeanne Avril au Jardin de Paris, offerte par un collectionneur pour compl\u00e9ter le fonds d&rsquo;affiches lithographiques\u202f; un tambourin peint par Ferdinand Lunel, qui plonge dans l&rsquo;atmosph\u00e8re des caf\u00e9s montmartrois et fait \u00e9cho au caf\u00e9 Le Tambourin fr\u00e9quent\u00e9 par Van Gogh et Toulouse-Lautrec\u202f; et le dessin intime Le Bidet de Toulouse-Lautrec, acquis aux ench\u00e8res avec le soutien de la Soci\u00e9t\u00e9 des Amis du mus\u00e9e, qui offre un regard direct sur la vie dans une maison close en 1888. Ces \u0153uvres enrichissent la collection, permettent des rotations dans le parcours et offrent des comparaisons pr\u00e9cieuses avec d&rsquo;autres artistes de la Belle \u00c9poque.<\/p>\n<p>L&rsquo;ann\u00e9e 2025 a \u00e9galement \u00e9t\u00e9 une ann\u00e9e de restaurations. Les affiches et esquisses pr\u00e9paratoires de l&rsquo;exposition Toulouse-Lautrec et&#8230;<\/p>\n","protected":false},"excerpt":{"rendered":"Entre fr\u00e9quentation en hausse, acquisitions remarquables, restaurations et projets d&rsquo;exposition ambitieux, l&rsquo;\u00e9tablissement r\u00e9affirme son r\u00f4le de mus\u00e9e de&hellip;\n","protected":false},"author":2,"featured_media":670060,"comment_status":"","ping_status":"","sticky":false,"template":"","format":"standard","meta":{"footnotes":""},"categories":[2816],"tags":[1111,11,1777,674,1011,27,12,2680,25,2312],"class_list":{"0":"post-670059","1":"post","2":"type-post","3":"status-publish","4":"format-standard","5":"has-post-thumbnail","7":"category-toulouse","8":"tag-actu","9":"tag-actualites","10":"tag-eu","11":"tag-europe","12":"tag-fr","13":"tag-france","14":"tag-news","15":"tag-occitanie","16":"tag-republique-francaise","17":"tag-toulouse"},"share_on_mastodon":{"url":"https:\/\/pubeurope.com\/@fr\/115910592616142476","error":""},"_links":{"self":[{"href":"https:\/\/www.europesays.com\/fr\/wp-json\/wp\/v2\/posts\/670059","targetHints":{"allow":["GET"]}}],"collection":[{"href":"https:\/\/www.europesays.com\/fr\/wp-json\/wp\/v2\/posts"}],"about":[{"href":"https:\/\/www.europesays.com\/fr\/wp-json\/wp\/v2\/types\/post"}],"author":[{"embeddable":true,"href":"https:\/\/www.europesays.com\/fr\/wp-json\/wp\/v2\/users\/2"}],"replies":[{"embeddable":true,"href":"https:\/\/www.europesays.com\/fr\/wp-json\/wp\/v2\/comments?post=670059"}],"version-history":[{"count":0,"href":"https:\/\/www.europesays.com\/fr\/wp-json\/wp\/v2\/posts\/670059\/revisions"}],"wp:featuredmedia":[{"embeddable":true,"href":"https:\/\/www.europesays.com\/fr\/wp-json\/wp\/v2\/media\/670060"}],"wp:attachment":[{"href":"https:\/\/www.europesays.com\/fr\/wp-json\/wp\/v2\/media?parent=670059"}],"wp:term":[{"taxonomy":"category","embeddable":true,"href":"https:\/\/www.europesays.com\/fr\/wp-json\/wp\/v2\/categories?post=670059"},{"taxonomy":"post_tag","embeddable":true,"href":"https:\/\/www.europesays.com\/fr\/wp-json\/wp\/v2\/tags?post=670059"}],"curies":[{"name":"wp","href":"https:\/\/api.w.org\/{rel}","templated":true}]}}