{"id":670061,"date":"2026-01-17T13:08:25","date_gmt":"2026-01-17T13:08:25","guid":{"rendered":"https:\/\/www.europesays.com\/fr\/670061\/"},"modified":"2026-01-17T13:08:25","modified_gmt":"2026-01-17T13:08:25","slug":"l1-j18-pousse-a-etre-meilleur-par-le-rc-lens-le-psg-bat-lille-et-reprend-provisoirement-la-tete","status":"publish","type":"post","link":"https:\/\/www.europesays.com\/fr\/670061\/","title":{"rendered":"[L1-J18] Pouss\u00e9 \u00ab \u00e0 \u00eatre meilleur \u00bb par le RC Lens, le PSG bat Lille et reprend provisoirement la t\u00eate"},"content":{"rendered":"<p data-start=\"171\" data-end=\"418\">La 18e journ\u00e9e de Ligue 1 d\u00e9butait ce vendredi soir avec deux affiches, en attendant <strong>RC Lens-Auxerre<\/strong> ce samedi (17h, \u00e0 suivre en direct sur Lensois.com). Le PSG en a profit\u00e9 pour reprendre, au moins provisoirement, la t\u00eate de la Ligue 1 au Racing.<\/p>\n<p data-start=\"420\" data-end=\"962\">Les Parisiens l\u2019ont emport\u00e9 3-0 \u00e0 domicile contre Lille gr\u00e2ce \u00e0 un joli doubl\u00e9 d\u2019<strong>Ousmane Demb\u00e9l\u00e9,<\/strong> notamment auteur d\u2019un subtil lob depuis l\u2019int\u00e9rieur de la surface (13\u2019, 64\u2019). <strong>Bradley Barcola<\/strong> s\u2019est charg\u00e9 du 3e but (93\u2019). \u00ab La concurrence de Lens peut nous pousser encore plus \u00e0 gagner tous les matches, \u00e0 \u00eatre meilleurs. C\u2019est bon pour la Ligue 1. Lens est comp\u00e9titif. Il reste encore beaucoup de matchs et tout peut aller tr\u00e8s vite \u00bb, commentait apr\u00e8s la rencontre le gardien parisien <strong>Lucas Chevalier<\/strong>, dans des propos relay\u00e9s par <a href=\"https:\/\/www.lequipe.fr\/Football\/Actualites\/Lucas-chevalier-apres-le-bijou-d-ousmane-dembele-face-au-losc-il-n-est-pas-ballon-d-or-pour-rien\/1634178\" target=\"_blank\" rel=\"noopener\">L\u2019\u00c9quipe<\/a>.<\/p>\n<p>Le RC Lens peut creuser un foss\u00e9 avec Lille, Monaco d\u00e9j\u00e0 loin<\/p>\n<p data-start=\"1031\" data-end=\"1328\">Plus t\u00f4t, Lorient s\u2019\u00e9tait impos\u00e9 3-1 \u00e0 Monaco (Fati 76\u2019 pour Monaco ; Dieng 68\u2019, Makengo 85\u2019, Karim 87\u2019 pour Lorient). C\u2019est la 4e d\u00e9faite cons\u00e9cutive en Ligue 1 de l\u2019ASM, 9e (23 points), et qui pourrait se retrouver \u00e0 20 points du <strong>RC Lens<\/strong> ce soir en cas de victoire de ce dernier contre Auxerre.<\/p>\n<p data-start=\"1330\" data-end=\"1746\">Au classement provisoire, le PSG est en t\u00eate avec un match d\u2019avance (42, +25), devant Lens (40, +18) et Marseille (32, +19). Lille est 4e avec un match d\u2019avance \u00e9galement (32, +8) et pourrait donc finir la journ\u00e9e \u00e0 11 points du Racing en cas de succ\u00e8s ce samedi. Lyon est 5e (30, +8), Rennes 6e (30, +5) et Strasbourg 7e, soit premier non-europ\u00e9en (24, +5). Lorient appara\u00eet provisoirement en 12e position (22, -7).<\/p>\n<p><strong>Le programme de la 18e journ\u00e9e de Ligue 1 :<\/strong><\/p>\n<p><strong>D\u00e9j\u00e0 jou\u00e9s\u00a0:<\/strong><br \/>Monaco \u2013 Lorient\u00a0: 1-3<br \/>Paris SG \u2013 Lille\u00a0: 3-0<\/p>\n<p><strong>Samedi 17 janvier 2026 \u00e0 17h00 sur Ligue 1+<\/strong><br \/>RC Lens \u2013 Auxerre<\/p>\n<p><strong>Samedi 17 janvier 2026 \u00e0 19h00 sur Ligue 1+<\/strong><br \/>Toulouse \u2013 Nice<\/p>\n<p><strong>Samedi 17 janvier 2026 \u00e0 21h05 sur Ligue 1+<\/strong><br \/>Angers \u2013 Marseille<\/p>\n<p><strong>Dimanche 18 janvier 2026 \u00e0 15h00 sur Ligue 1+<\/strong><br \/>Strasbourg \u2013 Metz<\/p>\n<p><strong>Dimanche 18 janvier 2026 \u00e0 17h15 sur Ligue 1+<\/strong><br \/>Nantes \u2013 Paris FC<br \/>Rennes \u2013 Le Havre<\/p>\n<p><strong>Dimanche 18 janvier 2026 \u00e0 20h45 sur Ligue 1+<\/strong><br \/>Lyon \u2013 Brest<\/p>\n","protected":false},"excerpt":{"rendered":"La 18e journ\u00e9e de Ligue 1 d\u00e9butait ce vendredi soir avec deux affiches, en attendant RC Lens-Auxerre ce&hellip;\n","protected":false},"author":2,"featured_media":670062,"comment_status":"","ping_status":"","sticky":false,"template":"","format":"standard","meta":{"footnotes":""},"categories":[2815],"tags":[1111,11,1777,674,1011,27,811,1307,12,25],"class_list":{"0":"post-670061","1":"post","2":"type-post","3":"status-publish","4":"format-standard","5":"has-post-thumbnail","7":"category-lille","8":"tag-actu","9":"tag-actualites","10":"tag-eu","11":"tag-europe","12":"tag-fr","13":"tag-france","14":"tag-hauts-de-france","15":"tag-lille","16":"tag-news","17":"tag-republique-francaise"},"share_on_mastodon":{"url":"https:\/\/pubeurope.com\/@fr\/115910600585205450","error":""},"_links":{"self":[{"href":"https:\/\/www.europesays.com\/fr\/wp-json\/wp\/v2\/posts\/670061","targetHints":{"allow":["GET"]}}],"collection":[{"href":"https:\/\/www.europesays.com\/fr\/wp-json\/wp\/v2\/posts"}],"about":[{"href":"https:\/\/www.europesays.com\/fr\/wp-json\/wp\/v2\/types\/post"}],"author":[{"embeddable":true,"href":"https:\/\/www.europesays.com\/fr\/wp-json\/wp\/v2\/users\/2"}],"replies":[{"embeddable":true,"href":"https:\/\/www.europesays.com\/fr\/wp-json\/wp\/v2\/comments?post=670061"}],"version-history":[{"count":0,"href":"https:\/\/www.europesays.com\/fr\/wp-json\/wp\/v2\/posts\/670061\/revisions"}],"wp:featuredmedia":[{"embeddable":true,"href":"https:\/\/www.europesays.com\/fr\/wp-json\/wp\/v2\/media\/670062"}],"wp:attachment":[{"href":"https:\/\/www.europesays.com\/fr\/wp-json\/wp\/v2\/media?parent=670061"}],"wp:term":[{"taxonomy":"category","embeddable":true,"href":"https:\/\/www.europesays.com\/fr\/wp-json\/wp\/v2\/categories?post=670061"},{"taxonomy":"post_tag","embeddable":true,"href":"https:\/\/www.europesays.com\/fr\/wp-json\/wp\/v2\/tags?post=670061"}],"curies":[{"name":"wp","href":"https:\/\/api.w.org\/{rel}","templated":true}]}}