{"id":670063,"date":"2026-01-17T13:09:13","date_gmt":"2026-01-17T13:09:13","guid":{"rendered":"https:\/\/www.europesays.com\/fr\/670063\/"},"modified":"2026-01-17T13:09:13","modified_gmt":"2026-01-17T13:09:13","slug":"ovo-le-show-moderne-du-cirque-du-soleil-sera-a-marseille-du-26-au-29-mars","status":"publish","type":"post","link":"https:\/\/www.europesays.com\/fr\/670063\/","title":{"rendered":"\u00ab\u00a0OVO\u00a0\u00bb le show \u00ab\u00a0moderne\u00a0\u00bb du Cirque du Soleil sera \u00e0 Marseille du 26 au 29\u00a0mars"},"content":{"rendered":"<p>L\u2019impressionnante troupe du Cirque du Soleil posera ses bagages \u00e0 Marseille du 26 au 29\u00a0mars, avec ses 54 artistes de 25 nationalit\u00e9s diff\u00e9rentes, dont quatre Fran\u00e7ais. Le <a href=\"https:\/\/www.laprovence.com\/article\/sports\/4420171910686114\/fin-de-lopen-13-et-maintenant-quel-avenir-pour-le-palais-des-sports-de-marseille\" target=\"_blank\" rel=\"noopener\">Palais des Sports<\/a> de Marseille recevra OVO, un spectacle retra\u00e7ant l\u2019histoire d\u2019un clown qui essaye d\u2019int\u00e9grer une petite colonie d\u2019insectes. Au d\u00e9but rejet\u00e9, il va peu \u00e0 peu r\u00e9ussir \u00e0 s\u2019int\u00e9grer.<\/p>\n<p>Cr\u00e9\u00e9 en\u00a02009 par la br\u00e9silienne D\u00e9bora Colker, le spectacle a depuis connu de nombreux changements. Pens\u00e9 dans un premier temps pour les chapiteaux (2\u00a0000 spectateurs), depuis\u00a02016, OVO se joue dans des ar\u00e8nes (entre 4\u00a0000 et 60\u00a0000 spectateurs).<\/p>\n<p>Il y a un an, la sc\u00e8ne a \u00e9t\u00e9 reconfigur\u00e9e. D\u2019impressionnantes fleurs de cinq m\u00e8tres de hauteur ont \u00e9t\u00e9 ajout\u00e9es sur un nouveau plateau de 20 m\u00e8tres de longueur. De nouveaux num\u00e9ros ont \u00e9galement enrichi le spectacle. Parmi eux, des num\u00e9ros de sangles a\u00e9riennes, de diabolo luminescent ou le num\u00e9ro jonglage avec les pieds qui ouvre le show.<\/p>\n<p>La musique comme les costumes ont \u00e9galement \u00e9t\u00e9 mis au go\u00fbt du jour. Pour \u00ab\u00a0moderniser\u00a0\u00bb le spectacle, justifie Kilian Mongey l\u2019un des quatre Fran\u00e7ais de la troupe, qui, \u00e0 11\u00a0ans, a voulu int\u00e9grer le Cirque du Soleil apr\u00e8s \u00eatre all\u00e9 voir un de leur spectacle\u00a0: \u00ab\u00a0Il y a des blagues qui pouvaient passer \u00e0 l\u2019\u00e9poque et qui, aujourd\u2019hui, sont un peu moins \u00e0 la mode.\u00a0\u00bb<\/p>\n<p>Si, \u00e0 sa cr\u00e9ation, le message du spectacle \u00e9tait compl\u00e8tement tourn\u00e9 vers la biodiversit\u00e9, dix-sept ans plus tard, le but du show, \u00ab\u00a0est de faire entrer le public dans la colonie d\u2019insectes\u00a0\u00bb.<\/p>\n<p><img alt=\"Le show dure presque deux heures.\" loading=\"lazy\" decoding=\"async\" data-nimg=\"fill\" class=\" TwicCore_img__i9TC1 undefined  undefined\" style=\"position:absolute;height:100%;width:100%;left:0;top:0;right:0;bottom:0;color:transparent;background-size:cover;background-position:50% 50%;background-repeat:no-repeat;background-image:url(&quot;data:image\/svg+xml;charset=utf-8,%3Csvg xmlns='http:\/\/www.w3.org\/2000\/svg' %3E%3Cfilter id='b' color-interpolation-filters='sRGB'%3E%3CfeGaussianBlur stdDeviation='20'\/%3E%3CfeColorMatrix values='1 0 0 0 0 0 1 0 0 0 0 0 1 0 0 0 0 0 100 -1' result='s'\/%3E%3CfeFlood x='0' y='0' width='100%25' height='100%25'\/%3E%3CfeComposite operator='out' in='s'\/%3E%3CfeComposite in2='SourceGraphic'\/%3E%3CfeGaussianBlur stdDeviation='20'\/%3E%3C\/filter%3E%3Cimage width='100%25' height='100%25' x='0' y='0' preserveAspectRatio='none' style='filter: url(%23b);' href='data:image\/webp;base64,UklGRjYDAABXRUJQVlA4ICoDAABwOwCdASpYAjMBPkkkkEYipC2hIHHIYbAJCWlu4XY+BNqD18Y8NfsAGklspy5cuXLly5cuXLly5cuXLly5cuXLly5cuXLly5cuXLly5cuXLly5cuXLly5cuXLly5cuXLly5cuXLly5cuXLly5cuXLly5cOmSMpCYAqxrZTly5cuXLlb+kGzWSu8K3E1y5cuXLly5cuXLly586rC9hJ59veBEwBVjWynLly5cuXLug2VFzeerXpFBoE1DzVqRnK9boVWdU5uGOkJgCrGtlOXLl3LvfxUZpxwRcmsj79wb4EbKlE\/r22O42hBnpQFwx0hMAVY1spy4YzRxqGxu6c2HW2qsf0YBKFRSEwBVjWynLly5cuaOzYEbNk92seqt0qoLUhMAVY1spy5crUBhXE756j\/F5H4PuLhYztBdg85f1XvYrGtlOXLly5cuXLly8BqjFLIyVJAdajjWODMD9LlVAXDHSEwBVjWynLly9tbE8pMCyjcR7xcMdITAFWNbKcuXLly+D+fa3VF4N6KxrZTly5cuXLly5cuXLly5cuXLly5cuXLly5cuXLly5cuXLly5cuXLly5cuXLly5cuXLly5cuXLly5cuXLly5cuXLly5cuXLly5cuXLly5cuXLly5cuXLhAAAP7\/oF7\/uk\/U\/0X960XRsIAEB2AAAAAAN70kr1HHyAOX3hkoohV27A67FGK7ZDJxBrJxh4Ojbr\/WDeEfz\/7o3pHj59TQ8XGsQUhr3sN7hFK2Jryx8ktgST6T5ReQQ3\/8iFy18d24oI\/ehYDZRlXUy0Kupe8Eo1oGLy7EtnzszCA7wOSYi2TuBOTEajrI03t4X5RtPEfwApDODep6IxUiWEqwc10ClsN9PiXJYP\/ftxQ4kB\/fvVojv0hPD+UslrCvnBMHKjiIKuNWc2UVssi9Sc7OFkej4bXkVzuyn3wK6aai9cjlMoDj0aFvX1cABgc2Kb52QF9UStQKG7NBnYzqQyNQam2c8hYLfhjPkZw8Wtbagqpsowi5hfki1bc1bmdFsUiBCz012jpiep8diCSRABf4vizRKv35xIIAoAAAAAAAAAAAAAA='\/%3E%3C\/svg%3E&quot;)\"   src=\"https:\/\/www.europesays.com\/fr\/wp-content\/uploads\/2026\/01\/spectacle-ovo-du-cirque-du-soleil-1768631108_00aa95c42a696f3aa95c42a69b7aa9v_.jpg\"\/>Le show dure presque deux heures. \/ Photo DR-MARIE-ANDR\u00e9E LEMIREUn num\u00e9ro de criquet pour conclure le spectacle<\/p>\n<p>Le dernier show du spectacle est un num\u00e9ro de criquet auquel participe Kilian Mongey entr\u00e9 dans la troupe en\u00a02016 apr\u00e8s dix ans d\u2019entra\u00eenement. Depuis, il vit \u00ab\u00a0un r\u00eave tous les soirs\u00a0\u00bb o\u00f9 il joue. Avant chaque performance, comme ses autres camarades, il travaille son maquillage, pr\u00e9cis et \u00e9pais, pour qu\u2019il tienne durant les deux heures de spectacle (dont un entracte de 20 minutes).<\/p>\n<p>Avant d\u2019entrer dans cette troupe de renom, Kilian Mongey a \u00e9t\u00e9 une pointure du tumbling (discipline o\u00f9 il faut encha\u00eener huit acrobaties au sol) pendant une dizaine d\u2019ann\u00e9es. Le Cirque du Soleil lui a appris \u00e0 sortir de son logiciel de comp\u00e9tition pour apprendre \u00e0 \u00ab\u00a0explorer\u00a0\u00bb son personnage et \u00e0 interagir avec le public.<\/p>\n<p>Pas question pour autant d\u2019improviser une chor\u00e9graphie sortie du chapeau. Sur sc\u00e8ne, il est accompagn\u00e9 de douze autres criquets. Lesquels encha\u00eenent des saltos les uns au-dessus des autres, la marge de man\u0153uvre est donc tr\u00e8s fine. \u00ab\u00a0Si je me dis que je vais tenter un double salto alors que je dois juste faire un simple, \u00e7a peut \u00eatre super dangereux\u00a0\u00bb, l\u00e2che-t-il dans un sourire.<\/p>\n<p>L\u2019improvisation est r\u00e9serv\u00e9e aux clowns qui n\u2019h\u00e9sitent pas \u00e0 aller interagir avec le public directement dans les gradins.<\/p>\n<p><img alt=\"Sur sc\u00e8ne depuis 2009, le show a su se r\u00e9inventer au fil du temps.\" loading=\"lazy\" decoding=\"async\" data-nimg=\"fill\" class=\" TwicCore_img__i9TC1 undefined  undefined\" style=\"position:absolute;height:100%;width:100%;left:0;top:0;right:0;bottom:0;color:transparent;background-size:cover;background-position:50% 50%;background-repeat:no-repeat;background-image:url(&quot;data:image\/svg+xml;charset=utf-8,%3Csvg xmlns='http:\/\/www.w3.org\/2000\/svg' %3E%3Cfilter id='b' color-interpolation-filters='sRGB'%3E%3CfeGaussianBlur stdDeviation='20'\/%3E%3CfeColorMatrix values='1 0 0 0 0 0 1 0 0 0 0 0 1 0 0 0 0 0 100 -1' result='s'\/%3E%3CfeFlood x='0' y='0' width='100%25' height='100%25'\/%3E%3CfeComposite operator='out' in='s'\/%3E%3CfeComposite in2='SourceGraphic'\/%3E%3CfeGaussianBlur stdDeviation='20'\/%3E%3C\/filter%3E%3Cimage width='100%25' height='100%25' x='0' y='0' preserveAspectRatio='none' style='filter: url(%23b);' href='data:image\/webp;base64,UklGRjYDAABXRUJQVlA4ICoDAABwOwCdASpYAjMBPkkkkEYipC2hIHHIYbAJCWlu4XY+BNqD18Y8NfsAGklspy5cuXLly5cuXLly5cuXLly5cuXLly5cuXLly5cuXLly5cuXLly5cuXLly5cuXLly5cuXLly5cuXLly5cuXLly5cuXLly5cOmSMpCYAqxrZTly5cuXLlb+kGzWSu8K3E1y5cuXLly5cuXLly586rC9hJ59veBEwBVjWynLly5cuXLug2VFzeerXpFBoE1DzVqRnK9boVWdU5uGOkJgCrGtlOXLl3LvfxUZpxwRcmsj79wb4EbKlE\/r22O42hBnpQFwx0hMAVY1spy4YzRxqGxu6c2HW2qsf0YBKFRSEwBVjWynLly5cuaOzYEbNk92seqt0qoLUhMAVY1spy5crUBhXE756j\/F5H4PuLhYztBdg85f1XvYrGtlOXLly5cuXLly8BqjFLIyVJAdajjWODMD9LlVAXDHSEwBVjWynLly9tbE8pMCyjcR7xcMdITAFWNbKcuXLly+D+fa3VF4N6KxrZTly5cuXLly5cuXLly5cuXLly5cuXLly5cuXLly5cuXLly5cuXLly5cuXLly5cuXLly5cuXLly5cuXLly5cuXLly5cuXLly5cuXLly5cuXLly5cuXLhAAAP7\/oF7\/uk\/U\/0X960XRsIAEB2AAAAAAN70kr1HHyAOX3hkoohV27A67FGK7ZDJxBrJxh4Ojbr\/WDeEfz\/7o3pHj59TQ8XGsQUhr3sN7hFK2Jryx8ktgST6T5ReQQ3\/8iFy18d24oI\/ehYDZRlXUy0Kupe8Eo1oGLy7EtnzszCA7wOSYi2TuBOTEajrI03t4X5RtPEfwApDODep6IxUiWEqwc10ClsN9PiXJYP\/ftxQ4kB\/fvVojv0hPD+UslrCvnBMHKjiIKuNWc2UVssi9Sc7OFkej4bXkVzuyn3wK6aai9cjlMoDj0aFvX1cABgc2Kb52QF9UStQKG7NBnYzqQyNQam2c8hYLfhjPkZw8Wtbagqpsowi5hfki1bc1bmdFsUiBCz012jpiep8diCSRABf4vizRKv35xIIAoAAAAAAAAAAAAAA='\/%3E%3C\/svg%3E&quot;)\"   src=\"https:\/\/www.europesays.com\/fr\/wp-content\/uploads\/2026\/01\/spectacle-ovo-du-cirque-du-soleil-1768631110_1bb568052a696feb568052a69b2c56v_.jpg\"\/>Sur sc\u00e8ne depuis 2009, le show a su se r\u00e9inventer au fil du temps. \/ Photo DR-MARIE-ANDR\u00e9E LEMIRE\u00a0\u00bbOn est une famille\u00a0\u00bb<\/p>\n<p>T-shirt de la compagnie sur les \u00e9paules, Kilian Mongey est impatient de rencontrer le public marseillais qu\u2019il \u00ab\u00a0conna\u00eet bien\u00a0\u00bb, lui qui a une s\u0153ur qui a v\u00e9cu \u00e0 <a href=\"https:\/\/www.laprovence.com\/article\/edition-martigues-istres\/6852514\/dans-les-coulisses-des-repetitions-du-cirque-du-soleil.html\" target=\"_blank\" rel=\"noopener\">Aix-en-Provence<\/a> et qui habite maintenant dans un village voisin de la cit\u00e9 phoc\u00e9enne. Il a surtout h\u00e2te de faire d\u00e9couvrir sa ville \u00e0 ses coll\u00e8gues de troupe dont la coh\u00e9sion est selon lui, \u00ab\u00a0l\u2019une des plus grandes forces\u00a0\u00bb. Il en veut pour preuve la cohabitation d\u2019artistes russes et ukrainiens au sein de la troupe\u00a0: \u00ab\u00a0\u00c7a d\u00e9passe les clivages. On tourne ensemble non-stop, on est une famille\u00a0!\u00a0\u00bb<\/p>\n<p>OVO sera pr\u00e9sent\u00e9 au Palais des Sports de Marseille jeudi 26 mars \u00e0 20h, vendredi 27 mars \u00e0 15h et 19h, samedi 28 mars \u00e0 11h, 15h et 19h et dimanche 29 mars \u00e0 13h et 17h. \u00e0 partir de 45\u20ac, 50.&#13;<br \/>\nhttps:\/\/losproduction.trium.fr\/fr\/t\/-\/event\/63377<\/p>\n","protected":false},"excerpt":{"rendered":"L\u2019impressionnante troupe du Cirque du Soleil posera ses bagages \u00e0 Marseille du 26 au 29\u00a0mars, avec ses 54&hellip;\n","protected":false},"author":2,"featured_media":670064,"comment_status":"","ping_status":"","sticky":false,"template":"","format":"standard","meta":{"footnotes":""},"categories":[2814],"tags":[5734,1111,11,5398,251,1777,674,1011,27,884,6865,12,58019,882,25,6690,9905,4904],"class_list":{"0":"post-670063","1":"post","2":"type-post","3":"status-publish","4":"format-standard","5":"has-post-thumbnail","7":"category-marseille","8":"tag-5734","9":"tag-actu","10":"tag-actualites","11":"tag-cirque","12":"tag-culture","13":"tag-eu","14":"tag-europe","15":"tag-fr","16":"tag-france","17":"tag-marseille","18":"tag-moderne","19":"tag-news","20":"tag-ovo","21":"tag-provence-alpes-cote-dazur","22":"tag-republique-francaise","23":"tag-sera","24":"tag-show","25":"tag-soleil"},"share_on_mastodon":{"url":"https:\/\/pubeurope.com\/@fr\/115910604675092214","error":""},"_links":{"self":[{"href":"https:\/\/www.europesays.com\/fr\/wp-json\/wp\/v2\/posts\/670063","targetHints":{"allow":["GET"]}}],"collection":[{"href":"https:\/\/www.europesays.com\/fr\/wp-json\/wp\/v2\/posts"}],"about":[{"href":"https:\/\/www.europesays.com\/fr\/wp-json\/wp\/v2\/types\/post"}],"author":[{"embeddable":true,"href":"https:\/\/www.europesays.com\/fr\/wp-json\/wp\/v2\/users\/2"}],"replies":[{"embeddable":true,"href":"https:\/\/www.europesays.com\/fr\/wp-json\/wp\/v2\/comments?post=670063"}],"version-history":[{"count":0,"href":"https:\/\/www.europesays.com\/fr\/wp-json\/wp\/v2\/posts\/670063\/revisions"}],"wp:featuredmedia":[{"embeddable":true,"href":"https:\/\/www.europesays.com\/fr\/wp-json\/wp\/v2\/media\/670064"}],"wp:attachment":[{"href":"https:\/\/www.europesays.com\/fr\/wp-json\/wp\/v2\/media?parent=670063"}],"wp:term":[{"taxonomy":"category","embeddable":true,"href":"https:\/\/www.europesays.com\/fr\/wp-json\/wp\/v2\/categories?post=670063"},{"taxonomy":"post_tag","embeddable":true,"href":"https:\/\/www.europesays.com\/fr\/wp-json\/wp\/v2\/tags?post=670063"}],"curies":[{"name":"wp","href":"https:\/\/api.w.org\/{rel}","templated":true}]}}