{"id":670065,"date":"2026-01-17T13:10:15","date_gmt":"2026-01-17T13:10:15","guid":{"rendered":"https:\/\/www.europesays.com\/fr\/670065\/"},"modified":"2026-01-17T13:10:15","modified_gmt":"2026-01-17T13:10:15","slug":"sebastien-delogu-dement-ces-propos-qui-ont-mis-le-feu-a-la-campagne","status":"publish","type":"post","link":"https:\/\/www.europesays.com\/fr\/670065\/","title":{"rendered":"S\u00e9bastien Delogu d\u00e9ment ces propos qui ont mis le feu \u00e0 la campagne"},"content":{"rendered":"<p>        <img decoding=\"async\" loading=\"lazy\" src=\"https:\/\/www.europesays.com\/fr\/wp-content\/uploads\/2026\/01\/6d5436e_1725973422615-000-34u849k.jpg\"  width=\"728\" height=\"410\" alt=\"Delogu d\u00e9ment ces propos qui ont mis le feu \u00e0 la campagne \u00e0 Marseille\"\/>  <\/p>\n<p>MIGUEL MEDINA \/ AFP<\/p>\n<p>Delogu d\u00e9ment ces propos qui ont mis le feu \u00e0 la campagne \u00e0 Marseille<\/p>\n<p>      <strong>EN BREF<\/strong> <strong>\u2022 <\/strong>S\u00e9bastien Delogu, candidat LFI, d\u00e9ment des propos attribu\u00e9s par le Canard Encha\u00een\u00e9 au sujet des municipales \u00e0 Marseille.<br \/><strong>\u2022 <\/strong>Le Parti socialiste l\u2019avait accus\u00e9 de vouloir se maintenir co\u00fbte que co\u00fbte au second tour quitte \u00e0 favoriser la victoire du Rassemblement national.<br \/><strong>\u2022 <\/strong>L\u2019insoumis s\u2019en prend \u00e0 l\u2019autre candidat de gauche, Beno\u00eet Payan, qu\u2019il accuse de ne pas vouloir l\u2019union.                         <\/p>\n<p class=\"asset asset-text\">Avis de temp\u00eate sur le Vieux-Port. Le candidat de <a href=\"https:\/\/www.huffingtonpost.fr\/politique\/article\/a-paris-emmanuel-gregoire-s-attaque-a-rachida-dati-et-se-fait-reprendre-par-lfi_259241.html\" target=\"_blank\" rel=\"noopener\">La France insoumise<\/a> aux <a href=\"https:\/\/www.huffingtonpost.fr\/politique\/article\/municipales-2026-la-carte-de-tous-les-sondages-a-deux-mois-du-premier-tour_259176.html\" target=\"_blank\" rel=\"noopener\">municipales<\/a> \u00e0 Marseille, <a href=\"https:\/\/www.huffingtonpost.fr\/politique\/article\/municipales-2026-a-marseille-comme-dati-et-chikirou-delogu-fera-campagne-en-pleine-tempete-judiciaire_259053.html\" target=\"_blank\" rel=\"noopener\">S\u00e9bastien Delogu<\/a>, d\u00e9ment des propos qui s\u00e8ment la pagaille dans la campagne \u00e0 deux mois du second tour. Tout est parti d\u2019un article du Canard Encha\u00een\u00e9 publi\u00e9 ce mercredi 14\u00a0janvier.<\/p>\n<p class=\"asset asset-text\">L\u2019hebdomadaire pr\u00eate au d\u00e9put\u00e9 des Bouches-du-Rh\u00f4ne une phrase prononc\u00e9e \u00e0 un responsable du Rassemblement national local\u00a0: \u00ab\u00a0votre chance, c\u2019est une quadrangulaire.\u00a0\u00bb Sous-entendu\u00a0: l\u2019extr\u00eame droite (donn\u00e9e au coude \u00e0 coude avec le maire PS sortant Beno\u00eet Payan dans les sondages du premier tour) peut l\u2019emporter, si la liste de la France insoumise se maintient au second.<\/p>\n<p class=\"asset asset-text\">Six mots, attribu\u00e9s mais non sourc\u00e9s, qui ont fait l\u2019effet d\u2019une allumette dans cette course inflammable. Le Parti socialiste s\u2019en empare pour accuser leur concurrent d\u2019avoir comme seul objectif de faire perdre la mairie \u00e0 la formation d\u2019Olivier Faure. Quitte \u00e0 en offrir les clefs aux troupes de Marine Le\u00a0Pen.<\/p>\n<p>                     <strong>Le PS voit un \u00ab\u00a0signal politique clair\u00a0\u00bb<\/strong>    <\/p>\n<p class=\"asset asset-text\">\u00ab\u00a0Les propos attribu\u00e9s \u00e0 S\u00e9bastien Delogu ne sont pas un d\u00e9rapage, c\u2019est un signal politique clair\u00a0\u00bb, a par exemple r\u00e9agi Samia Ghali, adjointe de Beno\u00eet Payan, sur les r\u00e9seaux sociaux, \u00e0 l\u2019unisson de nombreux socialistes locaux. Ils ont \u00e9t\u00e9 rapidement rejoints par des membres de la direction nationale\u2026 Et des repr\u00e9sentants d\u2019autres partis \u00e0 gauche.<\/p>\n<p class=\"asset asset-text\">Ainsi, le premier secr\u00e9taire Olivier Faure a fustig\u00e9 le projet \u00ab\u00a0clair\u00a0\u00bb, selon lui, de la France insoumise, lequel consiste \u00e0 \u00ab\u00a0pr\u00e9f\u00e9rer l\u2019arriv\u00e9e de l\u2019extr\u00eame droite \u00e0 celle de la gauche unie hors LFI.\u00a0\u00bb Dans son sillage, le Parti communiste, s\u2019est lui aussi fendu d\u2019un communiqu\u00e9 pour \u00e9triller une \u00ab\u00a0faute politique majeure.\u00a0\u00bb \u00ab\u00a0On ne combat pas l\u2019extr\u00eame droite en la banalisant. On ne l\u2019affaiblit pas en l\u2019utilisant\u00a0\u00bb, \u00e9crit la formation de Fabien Roussel, alli\u00e9e au PS dans de nombreuses villes pour ces municipales, Marseille entre autres.<\/p>\n<p> La lecture de ce contenu est susceptible d\u2019entra\u00eener un d\u00e9p\u00f4t de cookies de la part de l\u2019op\u00e9rateur tiers qui l\u2019h\u00e9berge. Compte-tenu des choix que vous avez exprim\u00e9s en mati\u00e8re de d\u00e9p\u00f4t de cookies, nous avons bloqu\u00e9 l\u2019affichage de ce contenu. Si vous souhaitez y acc\u00e9der, vous devez accepter la cat\u00e9gorie de cookies \u201cContenus tiers\u201d en cliquant sur le bouton ci-dessous. <\/p>\n<p> Lire la Vid\u00e9o        <\/p>\n<p class=\"asset asset-text\">En r\u00e9ponse \u00e0 ces attaques, les cadres de la France insoumise ont rapidement reproch\u00e9 \u00e0 leurs anciens partenaires de relayer des propos colport\u00e9s par le Rassemblement national pour servir leur discours et faire de LFI les principaux diviseurs de la gauche. Bien que Le Canard Encha\u00een\u00e9 ne pr\u00e9cise pas l\u2019origine de ce \u00ab\u00a0off.\u00a0\u00bb<\/p>\n<p class=\"asset asset-text\">\u00ab\u00a0Je d\u00e9nonce absolument ces m\u00e9thodes trumpistes qui d\u00e9shonorent leurs auteurs. Lorsque l\u2019on combat le Rassemblement national, on ne commence pas \u00e0 v\u00e9hiculer ces mensonges pour servir des petits int\u00e9r\u00eats politiciens\u00a0\u00bb, a ainsi d\u00e9nonc\u00e9 Manuel Bompard sur les r\u00e9seaux sociaux, \u00e9voquant une \u00ab\u00a0campagne de calomnies inacceptable\u00a0\u00bb qui \u00ab\u00a0vise \u00e0 salir des militantes et des militants, dont l\u2019engagement contre l\u2019extr\u00eame droite est total.\u00a0\u00bb<\/p>\n<p>    <strong>\u00ab\u00a0Ces propos sont \u00e9videmment mensongers\u00a0\u00bb<\/strong>    <\/p>\n<p class=\"asset asset-text\">Face \u00e0 ce toll\u00e9, le principal concern\u00e9, S\u00e9bastien Delogu, a fini par r\u00e9agir vendredi en fin d\u2019apr\u00e8s-midi. \u00ab\u00a0Ces propos sont \u00e9videmment mensongers. Relayer la parole du RN est une faute politique. D\u00e8s ma d\u00e9claration de candidature, j\u2019ai propos\u00e9 un cadre commun majoritaire \u00e0 gauche au second tour, qui emp\u00eache toute quadrangulaire\u00a0\u00bb, a-t-il ainsi r\u00e9pondu, lui aussi sur les r\u00e9seaux sociaux, ajoutant que \u00ab\u00a0le seul \u00e0 le refuser aujourd\u2019hui, c\u2019est Beno\u00eet Payan.\u00a0\u00bb De quoi fermer le ban, et \u00e9teindre le d\u00e9part de feu\u00a0?<\/p>\n<p> La lecture de ce contenu est susceptible d\u2019entra\u00eener un d\u00e9p\u00f4t de cookies de la part de l\u2019op\u00e9rateur tiers qui l\u2019h\u00e9berge. Compte-tenu des choix que vous avez exprim\u00e9s en mati\u00e8re de d\u00e9p\u00f4t de cookies, nous avons bloqu\u00e9 l\u2019affichage de ce contenu. Si vous souhaitez y acc\u00e9der, vous devez accepter la cat\u00e9gorie de cookies \u201cContenus tiers\u201d en cliquant sur le bouton ci-dessous. <\/p>\n<p> Lire la Vid\u00e9o        <\/p>\n<p class=\"asset asset-text\">Rien n\u2019est moins s\u00fbr, tant les ranc\u0153urs sont tenaces entre le Parti socialiste et la France insoumise, dans le Sud, ou ailleurs. \u00c0 Marseille, les deux camps s\u2019accusent mutuellement depuis des semaines de favoriser l\u2019arriv\u00e9e au pouvoir du parti de Marine Le\u00a0Pen, dont la candidature men\u00e9e par Franck Allisio est donn\u00e9e dans les sondages \u00e0 30\u00a0% au premier tour.<\/p>\n<p class=\"asset asset-text\">Le PS reproche \u00e0 S\u00e9bastien Delogu de proposer sa candidature et d\u2019envisager de la maintenir au second tour, au risque de diviser la gauche. Les m\u00e9lenchonistes d\u00e9noncent, eux, le discours de Beno\u00eet Payan qui se refuse pour l\u2019heure \u00e0 imaginer une alliance pour \u00e9viter toute triangulaire ou quadrangulaire qui serait, de fait, un avantage pour l\u2019extr\u00eame droite. Il leur reste soixante jours, et un premier tour, pour s\u2019entendre. Ou, au moins, \u00e9teindre le feu.<\/p>\n","protected":false},"excerpt":{"rendered":"MIGUEL MEDINA \/ AFP Delogu d\u00e9ment ces propos qui ont mis le feu \u00e0 la campagne \u00e0 Marseille&hellip;\n","protected":false},"author":2,"featured_media":670066,"comment_status":"","ping_status":"","sticky":false,"template":"","format":"standard","meta":{"footnotes":""},"categories":[2814],"tags":[1111,11,1777,674,1011,27,1023,884,3434,12,4484,316,882,25],"class_list":{"0":"post-670065","1":"post","2":"type-post","3":"status-publish","4":"format-standard","5":"has-post-thumbnail","7":"category-marseille","8":"tag-actu","9":"tag-actualites","10":"tag-eu","11":"tag-europe","12":"tag-fr","13":"tag-france","14":"tag-la-france-insoumise-lfi","15":"tag-marseille","16":"tag-municipales-2026","17":"tag-news","18":"tag-parti-socialiste-ps","19":"tag-politique","20":"tag-provence-alpes-cote-dazur","21":"tag-republique-francaise"},"share_on_mastodon":{"url":"https:\/\/pubeurope.com\/@fr\/115910608750839344","error":""},"_links":{"self":[{"href":"https:\/\/www.europesays.com\/fr\/wp-json\/wp\/v2\/posts\/670065","targetHints":{"allow":["GET"]}}],"collection":[{"href":"https:\/\/www.europesays.com\/fr\/wp-json\/wp\/v2\/posts"}],"about":[{"href":"https:\/\/www.europesays.com\/fr\/wp-json\/wp\/v2\/types\/post"}],"author":[{"embeddable":true,"href":"https:\/\/www.europesays.com\/fr\/wp-json\/wp\/v2\/users\/2"}],"replies":[{"embeddable":true,"href":"https:\/\/www.europesays.com\/fr\/wp-json\/wp\/v2\/comments?post=670065"}],"version-history":[{"count":0,"href":"https:\/\/www.europesays.com\/fr\/wp-json\/wp\/v2\/posts\/670065\/revisions"}],"wp:featuredmedia":[{"embeddable":true,"href":"https:\/\/www.europesays.com\/fr\/wp-json\/wp\/v2\/media\/670066"}],"wp:attachment":[{"href":"https:\/\/www.europesays.com\/fr\/wp-json\/wp\/v2\/media?parent=670065"}],"wp:term":[{"taxonomy":"category","embeddable":true,"href":"https:\/\/www.europesays.com\/fr\/wp-json\/wp\/v2\/categories?post=670065"},{"taxonomy":"post_tag","embeddable":true,"href":"https:\/\/www.europesays.com\/fr\/wp-json\/wp\/v2\/tags?post=670065"}],"curies":[{"name":"wp","href":"https:\/\/api.w.org\/{rel}","templated":true}]}}