{"id":670067,"date":"2026-01-17T13:11:15","date_gmt":"2026-01-17T13:11:15","guid":{"rendered":"https:\/\/www.europesays.com\/fr\/670067\/"},"modified":"2026-01-17T13:11:15","modified_gmt":"2026-01-17T13:11:15","slug":"transition-les-elus-lyonnais-ont-ils-respecte-leurs-engagements","status":"publish","type":"post","link":"https:\/\/www.europesays.com\/fr\/670067\/","title":{"rendered":"Transition : les \u00e9lus lyonnais ont-ils respect\u00e9 leurs engagements ?"},"content":{"rendered":"<p>Lanc\u00e9 \u00e0 l\u2019occasion des \u00e9lections municipales 2020, le Pacte pour la Transition proposait 32 mesures concr\u00e8tes aux \u00e9lu\u00b7es municipaux pour leur permettre d\u2019\u0153uvrer ensemble pour des communes plus \u00e9cologiques, solidaires et d\u00e9mocratiques. L\u2019occasion de mesurer l\u2019\u00e9volution des politiques publiques dans 9 domaines : agriculture-alimentation, num\u00e9rique, environnement-biodiversit\u00e9, coh\u00e9sion sociale, mobilit\u00e9, \u00e9conomie, d\u00e9mocratie-participation citoyenne, transition \u00e9nerg\u00e9tique, habitat\u2026 En 2026, \u00e0 quelques semaines des \u00e9lections municipales, il est temps de mesurer les progressions enregistr\u00e9es\u2026<\/p>\n<p>Tout a commenc\u00e9 en 2019\u2026 Le <strong><a href=\"https:\/\/mairie-me.org\/\" target=\"_blank\" rel=\"noreferrer noopener\">Pacte pour la Transition<\/a><\/strong> a \u00e9t\u00e9 cr\u00e9\u00e9 par 40 mouvements engag\u00e9es a-partisans au niveau national. Apr\u00e8s avoir d\u00e9fini <strong>32 mesures \u00e0 mettre en oeuvre<\/strong> pour permettre aux communes de r\u00e9ussir leur <strong>transition<\/strong>, les <strong>candidats aux municipales 2020<\/strong> ont \u00e9t\u00e9 interpell\u00e9s sur ces questions. Puis, les \u00e9lections pass\u00e9es, les \u00e9lus ont du signer les mesures qu\u2019ils \u00e9taient pr\u00eats \u00e0 mettre en \u0153uvre. Les <strong>\u00e9lus \u00e9cologistes lyonnais<\/strong> ont retenu toutes les mesures propos\u00e9es. Reste \u00e0 en \u00e9valuer les r\u00e9alisations 6 ans plus tard\u2026<\/p>\n<p><a href=\"https:\/\/drive.google.com\/file\/d\/17JuQp34-8A_z_VWw6qsaVqSQu1n-i7GV\/view?usp=sharing\" target=\"_blank\" rel=\"noopener\">PACTE TRANSITION VILLE DE LYON ET M\u00c9TROPOLE \u2013 \u00c9VALUATION DE FIN DE MANDAT 2025<\/a><\/p>\n<p>L\u2019\u00e9quipe lyonnaise du <strong>Pacte pour la Transition<\/strong> a d\u00e9voil\u00e9 son <strong>\u00e9valuation 2025<\/strong> des politiques men\u00e9es par les \u00e9cologistes aux manettes de la ville et de la m\u00e9tropole de Lyon. Et \u00e0 quelques semaines des \u00e9lections locales, cette \u00e9valuation fait office de <strong>bilan du mandat des \u00e9lus <\/strong>lyonnais<\/p>\n<p>Ecoutez aussi <\/p>\n<p><a href=\"https:\/\/www.lyondemain.fr\/marc-fraysse-sophie-cruz-villeurbanne-municipales\/\" target=\"_blank\" rel=\"noreferrer noopener\">Municipales : Marc Fraysse potentiel dissident \u00e0 Villeurbanne<\/a><\/p>\n<p>La monnaie locale, la Gonette, toujours en panne<\/p>\n<p>Nous avons rencontr\u00e9 <strong>Genevi\u00e8ve Brichet<\/strong>, coordinatrice du groupe <strong>Pacte Transition Lyon M\u00e9tropole<\/strong>. \u00ab\u00a0\u00c0 la fin de ce mandat, il y a encore une mesure qui est en rouge, c\u2019est l\u2019engagement \u00e0 aider la <strong>GONETTE<\/strong> la <strong>monnaie locale<\/strong>. La <strong>GONETTE<\/strong> est dans une situation \u00e9pouvantable en ce moment. Il y a aussi en orange 8 mesures. C\u2019est-\u00e0-dire qu\u2019elles ne sont pas arriv\u00e9es au bout, donc il y a encore du boulot\u00a0\u00bb ass\u00e8ne celle qui est aussi pr\u00e9sidente du Collectif des P\u00e9niches de Lyon.<\/p>\n<p>Ecoutez le podcast<\/p>\n<p>Pacte pour la Transition : le bilan 2025 \u00e0 Lyon\u2026<\/p>\n<p>Et depuis sa p\u00e9niche amarr\u00e9e au bord du Rh\u00f4ne, Genevi\u00e8ve en voit des choses. En tant que \u00ab\u00a0gardienne\u00a0\u00bb du fleuve, elle est t\u00e9moin n\u00b01 de l\u2019<strong>essor du transport fluvial<\/strong>. <\/p>\n<p>Ecoutez aussi <\/p>\n<p><a href=\"https:\/\/www.lyondemain.fr\/zero-dechet-lyon-municipales-2026\/\" target=\"_blank\" rel=\"noreferrer noopener\">Municipales : Z\u00e9ro D\u00e9chet Lyon fait 6 propositions concr\u00e8tes<\/a><\/p>\n<p>Transport fluvial : de l\u2019affichage plus qu\u2019un v\u00e9ritable transfert modal ?<\/p>\n<p>\u00ab\u00a0Le principe, c\u2019est de faire le <strong>dernier km<\/strong> pour les livraisons en ville, qui soit le moins polluant possible. Il y a eu une action qui a \u00e9t\u00e9 vraiment tr\u00e8s tr\u00e8s bonne et qu\u2019on a soutenu, qui \u00e9tait d\u2019<strong>utiliser un bateau<\/strong> Un bateau est beaucoup moins polluant en nombre de tonnes de CO2 qu\u2019un camion. Il faut donc utiliser la <strong>logistique fluviale<\/strong> avec un bateau qui arrive dans le centre-ville. L\u00e0, il arrive sous le pont Morand, donc on ne peut pas trouver mieux comme centre-ville. Ensuite, le dernier kilom\u00e8tre est fait en <strong>v\u00e9lo-cargo<\/strong>. C\u2019est parfait ! Sauf que le bateau en question est trop petit, c\u2019est mal organis\u00e9, le capitaine quand il est malade\u2026 tout s\u2019arr\u00eate, parce qu\u2019il devrait y en avoir plusieurs, etc. Donc la <strong>logistique fluviale<\/strong> est une tr\u00e8s tr\u00e8s bonne id\u00e9e, mais qui est encore mise mal en application, donc c\u2019est orange\u00a0\u00bb.<\/p>\n<p>Ecoutez aussi <\/p>\n<p><a href=\"https:\/\/www.lyondemain.fr\/npg-la-gratuite-des-cantines-pas-a-nimporte-quel-prix\/\" target=\"_blank\" rel=\"noreferrer noopener\">NPG : \u00ab\u00a0La gratuit\u00e9 des cantines, pas \u00e0 n\u2019importe quel prix\u2026\u00a0\u00bb<\/a><\/p>\n<p>Pacte Transition : \u00ab\u00a0La d\u00e9mocratie prend du temps\u00a0\u00bb<\/p>\n<p>Pour <strong>Genevi\u00e8ve Brichet<\/strong> les \u00e9lus lyonnais ne sont pas all\u00e9s assez loin. La <strong>d\u00e9mocratie participative<\/strong> est aussi en panne. <\/p>\n<p>\u00ab\u00a0Il faut des <strong>assembl\u00e9es citoyennes<\/strong> qui soient d\u00e9cisionnaires. Et \u00e7a ce n\u2019est pas le cas. D\u00e9cisionnaire \u00e7a veut dire que <strong>les assembl\u00e9es citoyennes doivent \u00eatre repr\u00e9sentatives<\/strong>, avec un tirage. Ensuite, il y a diff\u00e9rentes \u00e9tapes, une \u00e9tape de formation sur le sujet qui doit \u00eatre d\u00e9battu. Ensuite, il y a un d\u00e9bat et ensuite il y a une prise de d\u00e9cision par consentement. Par consentement, \u00e7a veut dire que ce n\u2019est pas la majorit\u00e9. Un <strong>vote par consentement<\/strong> pour une d\u00e9cision, \u00e7a c\u2019est d\u00e9mocratique. Et ensuite, pour que ces assembl\u00e9es citoyennes soient d\u00e9cisionnaires, \u00e7a veut dire qu\u2019au minimum\u2026 au minimum, il faut qu\u2019elles puissent pr\u00e9senter leurs d\u00e9cisions dans un conseil municipal ou un conseil de m\u00e9tropole de fa\u00e7on \u00e0 ce qu\u2019il y ait un vote d\u00e9finitif mais avec l\u2019avis de l\u2019Assembl\u00e9e citoyenne. C\u2019est \u00e7a la d\u00e9mocratie. On est dans une d\u00e9mocratie repr\u00e9sentative pour l\u2019instant\u00a0\u00bb<\/p>\n<p>Ecoutez aussi <\/p>\n<p><a href=\"https:\/\/www.lyondemain.fr\/nouvelle-traversee-de-fourviere-veronique-sarselli\/\" target=\"_blank\" rel=\"noreferrer noopener\">Nouvelle Travers\u00e9e de Fourvi\u00e8re : faire sauter le bouchon\u2026<\/a><\/p>\n<p><img fetchpriority=\"high\" decoding=\"async\" width=\"1200\" height=\"675\" src=\"https:\/\/www.europesays.com\/fr\/wp-content\/uploads\/2026\/01\/Genevieve-Brichet-elus-lyonnais-evaluation-2025.jpg\" alt=\"\u00e9lus lyonnais\" class=\"wp-image-253045\"  \/>Genevi\u00e8ve Brichet<br \/>\nJ\u2019aime \u00e7a\u00a0:<\/p>\n<p>J\u2019aime chargement\u2026<\/p>\n<p><a class=\"sd-link-color\"\/><\/p>\n<p>\n\tArticles similaires\n<\/p>\n<p>\t\t\t\t<img decoding=\"async\" src=\"https:\/\/www.europesays.com\/fr\/wp-content\/uploads\/2026\/01\/1768655475_808_7866158698e17e8ed633c05e8f8e7fe5d9e057ad78661c4dc34e413abb6b9f19.jpeg\" alt=\"G\u00e9rald Bouchon\"\/><\/p>\n<p>Pionnier des radios libres, passionn\u00e9 de radio, journaliste et dirigeant de m\u00e9dias \u00e9co-responsables..<\/p>\n","protected":false},"excerpt":{"rendered":"Lanc\u00e9 \u00e0 l\u2019occasion des \u00e9lections municipales 2020, le Pacte pour la Transition proposait 32 mesures concr\u00e8tes aux \u00e9lu\u00b7es&hellip;\n","protected":false},"author":2,"featured_media":670068,"comment_status":"","ping_status":"","sticky":false,"template":"","format":"standard","meta":{"footnotes":""},"categories":[1889],"tags":[1111,11,76988,2430,4451,1777,674,55732,1011,27,67051,76989,2428,64071,12,76990,9909,25,6481],"class_list":{"0":"post-670067","1":"post","2":"type-post","3":"status-publish","4":"format-standard","5":"has-post-thumbnail","7":"category-lyon","8":"tag-actu","9":"tag-actualites","10":"tag-assemblee-citoyenne","11":"tag-auvergne-rhone-alpes","12":"tag-democratie-participative","13":"tag-eu","14":"tag-europe","15":"tag-evaluation","16":"tag-fr","17":"tag-france","18":"tag-genevieve-brichet","19":"tag-la-gonette","20":"tag-lyon","21":"tag-monnaie-locale","22":"tag-news","23":"tag-pacte-transition-lyon","24":"tag-politiques-publiques","25":"tag-republique-francaise","26":"tag-transition"},"share_on_mastodon":{"url":"https:\/\/pubeurope.com\/@fr\/115910612434647926","error":""},"_links":{"self":[{"href":"https:\/\/www.europesays.com\/fr\/wp-json\/wp\/v2\/posts\/670067","targetHints":{"allow":["GET"]}}],"collection":[{"href":"https:\/\/www.europesays.com\/fr\/wp-json\/wp\/v2\/posts"}],"about":[{"href":"https:\/\/www.europesays.com\/fr\/wp-json\/wp\/v2\/types\/post"}],"author":[{"embeddable":true,"href":"https:\/\/www.europesays.com\/fr\/wp-json\/wp\/v2\/users\/2"}],"replies":[{"embeddable":true,"href":"https:\/\/www.europesays.com\/fr\/wp-json\/wp\/v2\/comments?post=670067"}],"version-history":[{"count":0,"href":"https:\/\/www.europesays.com\/fr\/wp-json\/wp\/v2\/posts\/670067\/revisions"}],"wp:featuredmedia":[{"embeddable":true,"href":"https:\/\/www.europesays.com\/fr\/wp-json\/wp\/v2\/media\/670068"}],"wp:attachment":[{"href":"https:\/\/www.europesays.com\/fr\/wp-json\/wp\/v2\/media?parent=670067"}],"wp:term":[{"taxonomy":"category","embeddable":true,"href":"https:\/\/www.europesays.com\/fr\/wp-json\/wp\/v2\/categories?post=670067"},{"taxonomy":"post_tag","embeddable":true,"href":"https:\/\/www.europesays.com\/fr\/wp-json\/wp\/v2\/tags?post=670067"}],"curies":[{"name":"wp","href":"https:\/\/api.w.org\/{rel}","templated":true}]}}