{"id":670073,"date":"2026-01-17T13:15:13","date_gmt":"2026-01-17T13:15:13","guid":{"rendered":"https:\/\/www.europesays.com\/fr\/670073\/"},"modified":"2026-01-17T13:15:13","modified_gmt":"2026-01-17T13:15:13","slug":"trains-gares-quelles-seront-les-etapes-avant-la-mise-en-service-de-la-ligne-18-du-grand-paris-express","status":"publish","type":"post","link":"https:\/\/www.europesays.com\/fr\/670073\/","title":{"rendered":"Trains, gares\u2026 quelles seront les \u00e9tapes avant la mise en service de la ligne 18 du Grand Paris Express\u00a0?"},"content":{"rendered":"<p>                    Par<br \/>\n        <strong><br \/>\n            <a href=\"https:\/\/actu.fr\/auteur\/thibaut-faussabry\" title=\"Consulter tous les articles de Thibaut Faussabry\" target=\"_blank\" rel=\"noopener\">Thibaut Faussabry<\/a><br \/>\n                    <\/strong><\/p>\n<p>        Publi\u00e9 le<\/p>\n<p>            17 janv. 2026 \u00e0 13h48        <\/p>\n<p>Du d\u00e9marrage des <a href=\"https:\/\/actu.fr\/ile-de-france\/orsay_91471\/grand-paris-express-les-essais-de-la-ligne-18-du-metro-ont-demarre-sur-le-viaduc-en-essonne_63608635.html\" target=\"_blank\" rel=\"noopener\">essais de roulage d\u2019une rame sur le viaduc<\/a>\u00a0au <a href=\"https:\/\/actu.fr\/ile-de-france\/versailles_78646\/awa-le-tunnelier-de-la-ligne-18-du-metro-du-grand-paris-est-arrive-a-versailles_62754269.html\" target=\"_blank\" rel=\"noopener\">creusement du tunnel<\/a> de l\u2019ouest de la ligne, en passant par la finalisation de l\u2019am\u00e9nagement des gares \u00e0 l\u2019est, l\u2019ann\u00e9e 2026 est d\u00e9cisive pour <strong>la ligne 18<\/strong> du<a href=\"https:\/\/actu.fr\/tag\/grand-paris-express\" target=\"_blank\" rel=\"noopener\"> Grand Paris Express<\/a>, en particulier en <a href=\"https:\/\/actu.fr\/essonne\/\" target=\"_blank\" rel=\"noopener\">Essonne<\/a>.<br \/>En <strong>octobre<\/strong> prochain, le <strong>premier tron\u00e7on<\/strong> entre les<strong> gares de Massy Palaiseau et de Christ de Saclay<\/strong> sera <strong>mis en service<\/strong>, avant l\u2019ouverture l\u2019ann\u00e9e suivante de la section entre Massy Palaiseau et A\u00e9roport d\u2019Orly. Que faut-il attendre dans les prochains mois\u2009?<\/p>\n<p>\u00ab\u2009Nous sommes dans la derni\u00e8re ligne droite\u2009\u00bb<\/p>\n<p class=\" wall-content\">\u00c0 l\u2019automne prochain, l\u2019ensemble des d\u00e9placements sur le plateau de Saclay va \u00eatre <strong>boulevers\u00e9<\/strong> avec la mise en service de ce premier tron\u00e7on de la ligne 18 qui desservira la gare de Massy Palaiseau et les trois gares a\u00e9riennes que sont Universit\u00e9 <a href=\"https:\/\/actu.fr\/tag\/paris-saclay\" target=\"_blank\" rel=\"noopener\">Paris-Saclay,<\/a> Polytechnique et Christ de Saclay.<\/p>\n<p class=\" wall-content\">\u00ab\u2009Nous sommes vraiment dans la <strong>derni\u00e8re ligne droite<\/strong> avant la mise en service\u2009\u00bb, assure Emmanuelle Lony, directrice de projet adjointe aux relations ext\u00e9rieures de la ligne 18 du Grand Paris Express.<\/p>\n<p class=\" wall-content\">Et d\u2019ajouter\u2009: \u00ab\u2009Pour y parvenir, il nous<strong> reste toutefois de multiples t\u00e2ches<\/strong> \u00e0 effectuer, mais il reste aussi d\u2019autres \u00e9tapes, tout aussi indispensables, qui incombent \u00e0 d\u2019autres acteurs\u2009\u00bb.<\/p>\n<p>    <img   decoding=\"async\" loading=\"lazy\" src=\"https:\/\/www.europesays.com\/fr\/wp-content\/uploads\/2026\/01\/323613-gare-christ-de-saclay-pose-de-loeuvre-artistique-de-ulla-von-brandenburg-thomas-behuret-960x6.jpeg\" alt=\"La gare Christ de Saclay, ici en novembre 2025, arbore une \u0153uvre de l'artiste Ulla von Brandenburg comprenant des cassettes color\u00e9es.\" width=\"960\" height=\"640\"\/><br \/>\n    La gare Christ de Saclay, ici en novembre\u00a02025, arbore une \u0153uvre de l\u2019artiste Ulla von Brandenburg comprenant des cassettes color\u00e9es. (\u00a9Ulla von Brandenburg \u2013 ADAGP \/ Atelier Novembre et Benthem Crouwel \/ Thomas B\u00e9huret \/ Soci\u00e9t\u00e9 des grands projets)Des commissions de s\u00e9curit\u00e9 pour les gares pr\u00e9vues en mai et en juin<\/p>\n<p class=\" wall-content\">\u00c0 l\u2019int\u00e9rieur des quatre gares, les \u00e9quipes ont d\u00e9but\u00e9 l\u2019installation des points d\u2019accueil, <strong>des escaliers m\u00e9caniques,<\/strong> des ascenseurs, de la billettique, de l\u2019habillage et des \u0153uvres d\u2019art.<\/p>\n<p class=\" wall-content\">\u00ab\u2009D\u2019ici deux mois, nous aurons achev\u00e9 les quatre gares pour nous pr\u00e9parer aux commissions de s\u00e9curit\u00e9 en mai et juin. Les gares \u00e9tant des<strong> \u00e9tablissements recevant du public<\/strong>, c\u2019est une \u00e9tape indispensable pour avoir l\u2019autorisation de les ouvrir\u2009\u00bb, d\u00e9taille Emmanuelle Lony.<\/p>\n<p>Votre r\u00e9gion, votre actu !<\/p>\n<p>Recevez chaque jour les infos qui comptent pour vous.<\/p>\n<p>\t<a href=\"https:\/\/actu.fr\/newsletter\" class=\"ac-btn ac-btn--corner ac-btn--medium ac-btn--blue800\" target=\"_blank\" rel=\"noopener\">S&rsquo;incrire<\/a><\/p>\n<p class=\" wall-content\">\u00c0 l\u2019ext\u00e9rieur, les parvis des trois gares a\u00e9riennes<strong> restent \u00e0 finaliser,<\/strong> notamment les p\u00f4les d\u2019\u00e9changes multimodaux qui sont \u00e0 am\u00e9nager pour faciliter l\u2019arriv\u00e9e \u00e0 pied, \u00e0 v\u00e9lo ou en bus.<\/p>\n<p>Encore dix trains \u00e0 r\u00e9ceptionner<\/p>\n<p class=\" wall-content\">Pour ce qui est du<a href=\"https:\/\/actu.fr\/ile-de-france\/palaiseau_91477\/video-voici-a-quoi-ressembleront-les-rames-du-metro-18-attendues-pour-octobre-2026-en-essonne_62783879.html\" target=\"_blank\" rel=\"noopener\"> mat\u00e9riel roulant<\/a>, <strong>quatre trains sont d\u00e9j\u00e0 arriv\u00e9s<\/strong> au centre d\u2019exploitation de la ligne 18 \u00e0 Palaiseau. Dix autres seront \u00e0 r\u00e9ceptionner d\u2019ici la mise en service du premier tron\u00e7on.<\/p>\n<p class=\" wall-content\">Apr\u00e8s le premier roulage sur le viaduc en d\u00e9cembre, les essais dynamiques des trains, pilot\u00e9s par Alstom, se poursuivent en m\u00eame temps que ceux du <strong>mat\u00e9riel des gares,<\/strong> comme les fa\u00e7ades de quais.<\/p>\n<p class=\" wall-content\">En parall\u00e8le, des personnels de <strong>Keolis<\/strong>, <a href=\"https:\/\/actu.fr\/societe\/essonne-ile-de-france-mobilites-vote-le-changement-d-operateur-du-tram-t12-et-attribue-la-ligne-18-a-keolis_61227766.html\" target=\"_blank\" rel=\"noopener\">l\u2019op\u00e9rateur d\u00e9sign\u00e9 par \u00cele-de-France Mobilit\u00e9s<\/a> pour exploiter la ligne 18, se sont d\u00e9j\u00e0 install\u00e9s au centre d\u2019exploitation pour d\u00e9buter leur formation.<\/p>\n<p>    <img   decoding=\"async\" loading=\"lazy\" src=\"https:\/\/www.europesays.com\/fr\/wp-content\/uploads\/2026\/01\/323133-gare-polytechnique-lancement-des-essais-des-facades-de-quai-laurent-grandguillot-960x640.jpg\" alt=\"Une fa\u00e7ade de quai avec la signal\u00e9tique de la ligne 18 \u00e0 la gare Polytechnique\" width=\"960\" height=\"640\"\/><br \/>\n    Une fa\u00e7ade de quai avec la signal\u00e9tique de la ligne 18 \u00e0 la gare Polytechnique (\u00a9Atelier Novembre +\u00a0Benthem Crouwel Architects \/ Laurent Grandguillot \/ Soci\u00e9t\u00e9 des grands projets).Un transfert \u00e0 l\u2019exploitant Keolis pr\u00e9vu cet \u00e9t\u00e9<\/p>\n<p class=\" wall-content\">Au total, Keolis va devoir former 80\u00a0personnes, que ce soit au poste de commandement centralis\u00e9 pour apprendre \u00e0<strong> piloter la ligne \u00e0 distance<\/strong>, mais aussi dans les stations, pour les personnels qui seront en gare.<\/p>\n<p class=\" wall-content\">Un des moments cl\u00e9s est ainsi attendu \u00e0 la fin du mois de juillet, lorsque la Soci\u00e9t\u00e9 des grands projets, qui r\u00e9alise le chantier, effectuera le<strong> transfert en gestion technique.<\/strong><\/p>\n<p class=\" wall-content\">Une sorte de remise de cl\u00e9s ou de passage de t\u00e9moins \u00e0 Keolis, qui r\u00e9alisera alors des <strong>marches \u00e0 blanc,<\/strong> qui seront alors une v\u00e9ritable r\u00e9p\u00e9tition g\u00e9n\u00e9rale sur plusieurs mois jusqu\u2019\u00e0 la mise en service.<\/p>\n<p>Des travaux qui avancent aussi sur la section entre Massy et Orly<\/p>\n<p class=\" wall-content\">Dans le m\u00eame temps, les <a href=\"https:\/\/actu.fr\/tag\/travaux\" target=\"_blank\" rel=\"noopener\">travaux<\/a> des gares du deuxi\u00e8me tron\u00e7on, <strong>attendu fin 2027<\/strong> entre Massy Palaiseau et A\u00e9roport d\u2019Orly, se poursuivent.<\/p>\n<p class=\" wall-content\">Ainsi, dans la future gare de <strong>Massy Op\u00e9ra,<\/strong> le gros \u0153uvre est termin\u00e9 et l\u2019objectif de l\u2019ann\u00e9e 2026 est de poursuivre l\u2019installation des am\u00e9nagements int\u00e9rieurs (escaliers m\u00e9caniques, fa\u00e7ades de quai) ainsi que de terminer le clos couvert, \u00e0 savoir l\u2019isolation et l\u2019\u00e9tanch\u00e9it\u00e9 du b\u00e2timent vis-\u00e0-vis de l\u2019air et de l\u2019eau.<\/p>\n<p class=\" wall-content\">\n<p class=\" wall-content\">Le chantier est un peu plus avanc\u00e9 \u00e0 <strong>Antonypole \u2013 Wissous Centre,<\/strong> puisque la couverture est d\u00e9j\u00e0 termin\u00e9e. Les \u00e9quipes sur place posent le rev\u00eatement de la fa\u00e7ade en briques moucharabieh et installent le rev\u00eatement int\u00e9rieur.<\/p>\n<p class=\" wall-content\">Au futur terminus de la ligne \u00e0 <strong>l\u2019A\u00e9roport d\u2019Orly<\/strong>, la gare est entr\u00e9e dans ses derni\u00e8res phases d\u2019am\u00e9nagement apr\u00e8s l\u2019installation des escaliers m\u00e9caniques qui permettront aux futurs voyageurs de rejoindre la gare de la ligne 14, toute proche.<\/p>\n<p>Les derniers rails ont \u00e9t\u00e9 soud\u00e9s dans le tunnel essonnien de la ligne<\/p>\n<p class=\" wall-content\">Par ailleurs, en d\u00e9cembre, les \u00e9quipes d\u2019Alstom ont<strong> soud\u00e9 les derniers rails<\/strong> du tunnel sur lesquels rouleront les trains dans cette section qui est enti\u00e8rement souterraine.<\/p>\n<p class=\" wall-content\">Cette ann\u00e9e doit permettre l\u2019installation des \u00e9quipements radio, de signalisation de t\u00e9l\u00e9phonie, mais surtout du <strong>troisi\u00e8me rail<\/strong> qui alimentera le train en \u00e9lectricit\u00e9.<\/p>\n<p>    <img   decoding=\"async\" loading=\"lazy\" src=\"https:\/\/www.europesays.com\/fr\/wp-content\/uploads\/2026\/01\/323679-puits-marechal-leclerc-derniere-soudure-de-rail-dans-le-tunnel-est-de-la-ligne-18-thomas-behu.jpeg\" alt=\"Les derniers m\u00e8tres de voie ferr\u00e9e ont \u00e9t\u00e9 en novemebre sur le tron\u00e7on mis en service fin 2027, entre les gares Massy-Palaiseau et A\u00e9roport d\u2019Orly.\" width=\"960\" height=\"640\"\/><br \/>\n    Les derniers m\u00e8tres de voie ferr\u00e9e ont \u00e9t\u00e9 soud\u00e9s en novembre dernier sur le tron\u00e7on mis en service fin 2027, entre les gares Massy Palaiseau et A\u00e9roport d\u2019Orly. (\u00a9Thomas B\u00e9huret \/ Soci\u00e9t\u00e9 des grands projets)<\/p>\n<p class=\" wall-content\">Install\u00e9s tous les 800\u00a0m, les<strong> ouvrages de service<\/strong> du tunnel doivent, eux aussi, \u00eatre am\u00e9nag\u00e9s cette ann\u00e9e pour \u00eatre termin\u00e9s en 2027.<\/p>\n<p class=\" wall-content\">\u00ab\u2009Ils sont essentiels car ils constituent des acc\u00e8s de secours et abritent des fonctionnalit\u00e9s de ventilation ainsi que des postes \u00e9lectriques, <strong>indispensables<\/strong> pour faire fonctionner la ligne\u2009\u00bb, souligne Emmanuelle Lony.<\/p>\n<p>La premi\u00e8re des quatre nouvelles lignes du Grand Paris Express<\/p>\n<p class=\" wall-content\">Justement, l\u2019un de ces ouvrages, en l\u2019occurrence <strong>Louise Brineau<\/strong> situ\u00e9 \u00e0 Palaiseau sur la section qui doit ouvrir en octobre, vient d\u2019\u00eatre achev\u00e9 en ce d\u00e9but d\u2019ann\u00e9e, permettant \u00e0 la section souterraine d\u2019accueillir tr\u00e8s prochainement les essais de roulage du m\u00e9tro.<\/p>\n<p class=\" wall-content\">Ainsi, des rames effectueront des voyages<strong> sur l\u2019ensemble<\/strong> du tron\u00e7on entre Christ de Saclay et Massy Palaiseau.<\/p>\n<p class=\" wall-content\">Une \u00e9tape de plus franchie vers l\u2019inauguration de<strong> la premi\u00e8re des quatre<\/strong> nouvelles lignes du Grand Paris Express.<\/p>\n<p class=\" wall-content\">Personnalisez votre actualit\u00e9 en ajoutant vos villes et m\u00e9dias en favori avec <a href=\"https:\/\/moncompte.actu.fr\" title=\"D\u00e9couvez Mon Actu\" rel=\"nofollow noopener\" data-trk=\"{&quot;cta&quot;:{&quot;action&quot;:&quot;https:\\\/\\\/moncompte.actu.fr&quot;,&quot;category&quot;:&quot;mon compte&quot;,&quot;from&quot;:&quot;article footer&quot;,&quot;name&quot;:&quot;Mon actu&quot;,&quot;type&quot;:&quot;cta&quot;}}\" target=\"_blank\">Mon Actu<\/a>.<\/p>\n","protected":false},"excerpt":{"rendered":"Par Thibaut Faussabry Publi\u00e9 le 17 janv. 2026 \u00e0 13h48 Du d\u00e9marrage des essais de roulage d\u2019une rame&hellip;\n","protected":false},"author":2,"featured_media":670074,"comment_status":"","ping_status":"","sticky":false,"template":"","format":"standard","meta":{"footnotes":""},"categories":[1888],"tags":[1111,1928,11,1927,1777,674,1011,27,12284,12,1926,626,1925,19894,25,104,2086],"class_list":{"0":"post-670073","1":"post","2":"type-post","3":"status-publish","4":"format-standard","5":"has-post-thumbnail","7":"category-paris","8":"tag-actu","9":"tag-actu-paris","10":"tag-actualites","11":"tag-actualites-paris","12":"tag-eu","13":"tag-europe","14":"tag-fr","15":"tag-france","16":"tag-grand-paris-express","17":"tag-news","18":"tag-news-paris","19":"tag-paris","20":"tag-paris-news","21":"tag-paris-saclay","22":"tag-republique-francaise","23":"tag-societe","24":"tag-travaux"},"share_on_mastodon":{"url":"https:\/\/pubeurope.com\/@fr\/115910628787319357","error":""},"_links":{"self":[{"href":"https:\/\/www.europesays.com\/fr\/wp-json\/wp\/v2\/posts\/670073","targetHints":{"allow":["GET"]}}],"collection":[{"href":"https:\/\/www.europesays.com\/fr\/wp-json\/wp\/v2\/posts"}],"about":[{"href":"https:\/\/www.europesays.com\/fr\/wp-json\/wp\/v2\/types\/post"}],"author":[{"embeddable":true,"href":"https:\/\/www.europesays.com\/fr\/wp-json\/wp\/v2\/users\/2"}],"replies":[{"embeddable":true,"href":"https:\/\/www.europesays.com\/fr\/wp-json\/wp\/v2\/comments?post=670073"}],"version-history":[{"count":0,"href":"https:\/\/www.europesays.com\/fr\/wp-json\/wp\/v2\/posts\/670073\/revisions"}],"wp:featuredmedia":[{"embeddable":true,"href":"https:\/\/www.europesays.com\/fr\/wp-json\/wp\/v2\/media\/670074"}],"wp:attachment":[{"href":"https:\/\/www.europesays.com\/fr\/wp-json\/wp\/v2\/media?parent=670073"}],"wp:term":[{"taxonomy":"category","embeddable":true,"href":"https:\/\/www.europesays.com\/fr\/wp-json\/wp\/v2\/categories?post=670073"},{"taxonomy":"post_tag","embeddable":true,"href":"https:\/\/www.europesays.com\/fr\/wp-json\/wp\/v2\/tags?post=670073"}],"curies":[{"name":"wp","href":"https:\/\/api.w.org\/{rel}","templated":true}]}}