{"id":670080,"date":"2026-01-17T13:19:22","date_gmt":"2026-01-17T13:19:22","guid":{"rendered":"https:\/\/www.europesays.com\/fr\/670080\/"},"modified":"2026-01-17T13:19:22","modified_gmt":"2026-01-17T13:19:22","slug":"pour-la-presse-russe-avec-le-groenland-trump-a-franchi-son-rubicon-arctique","status":"publish","type":"post","link":"https:\/\/www.europesays.com\/fr\/670080\/","title":{"rendered":"Pour la presse russe, avec le Groenland, \u201cTrump a franchi son Rubicon arctique\u201d"},"content":{"rendered":"\n<p>Sur la photo, leurs mines ne sont pas enjou\u00e9es\u00a0: \u00e0 Washington, les ministres des Affaires \u00e9trang\u00e8res danois et groenlandais, Lars Lokke Rasmussen et Vivian Motzfeldt, \u201cont une fois de plus appel\u00e9 au respect de \u2018l\u2019int\u00e9grit\u00e9 territoriale du royaume du Danemark et du droit du peuple groenlandais \u00e0 l\u2019autod\u00e9termination\u2019, mais n\u2019ont manifestement pas \u00e9t\u00e9 entendus\u201d, <a class=\"ithalc\" data-ithal=\"lien_externe\" data-ithalc=\"[nav_article]\" target=\"_blank\" href=\"https:\/\/www.kommersant.ru\/doc\/8342302\" rel=\"noopener\">\u00e9crit le quotidien <strong>Kommersant<\/strong><\/a> en guise de l\u00e9gende. Selon le journal, les discussions men\u00e9es mercredi avec les responsables am\u00e9ricains \u201cse sont sold\u00e9es par un \u00e9chec\u201d.<\/p>\n<p>\u00c9voquant dans son article la mission militaire europ\u00e9enne d\u00e9p\u00each\u00e9e sur le territoire du Groenland, Kommersant ajoute que \u201cplusieurs pays europ\u00e9ens envisagent d\u2019ouvrir des consulats sur l\u2019\u00eele. Les milieux diplomatiques europ\u00e9ens discutent \u00e9galement de l\u2019\u00e9ventualit\u00e9 d\u2019une adh\u00e9sion du Groenland \u00e0 l\u2019Union europ\u00e9enne [le Danemark en est membre, mais pas cette r\u00e9gion autonome]\u201d. Le quotidien interroge Arne\u00a0O. Holm, journaliste du m\u00e9dia norv\u00e9gien High North News, qui pr\u00e9sente ces initiatives comme \u201cune tentative des pays europ\u00e9ens d\u2019envoyer aux \u00c9tats-Unis un signal clair\u00a0: ils sont du c\u00f4t\u00e9 du Danemark et du Groenland\u201d. Mais au lieu de convaincre Trump de renoncer \u00e0 l\u2019\u00eele, \u201ccela pourrait lui servir de pr\u00e9texte pour tenter de retirer son pays de l\u2019Otan, ce qui pourrait <\/p>\n","protected":false},"excerpt":{"rendered":"Sur la photo, leurs mines ne sont pas enjou\u00e9es\u00a0: \u00e0 Washington, les ministres des Affaires \u00e9trang\u00e8res danois et&hellip;\n","protected":false},"author":2,"featured_media":670081,"comment_status":"","ping_status":"","sticky":false,"template":"","format":"standard","meta":{"footnotes":""},"categories":[1591],"tags":[11,3822,20931,145,75,674,1887,146,1892,12,1885,1886,132,770],"class_list":{"0":"post-670080","1":"post","2":"type-post","3":"status-publish","4":"format-standard","5":"has-post-thumbnail","7":"category-russie","8":"tag-actualites","9":"tag-amu00e9riques","10":"tag-arctique","11":"tag-danemark","12":"tag-donald-trump","13":"tag-europe","14":"tag-federation-de-russie","15":"tag-groenland","16":"tag-gu00e9opolitique","17":"tag-news","18":"tag-russia","19":"tag-russian-federation","20":"tag-russie","21":"tag-u00e9tats-unis"},"share_on_mastodon":{"url":"https:\/\/pubeurope.com\/@fr\/115910643845152627","error":""},"_links":{"self":[{"href":"https:\/\/www.europesays.com\/fr\/wp-json\/wp\/v2\/posts\/670080","targetHints":{"allow":["GET"]}}],"collection":[{"href":"https:\/\/www.europesays.com\/fr\/wp-json\/wp\/v2\/posts"}],"about":[{"href":"https:\/\/www.europesays.com\/fr\/wp-json\/wp\/v2\/types\/post"}],"author":[{"embeddable":true,"href":"https:\/\/www.europesays.com\/fr\/wp-json\/wp\/v2\/users\/2"}],"replies":[{"embeddable":true,"href":"https:\/\/www.europesays.com\/fr\/wp-json\/wp\/v2\/comments?post=670080"}],"version-history":[{"count":0,"href":"https:\/\/www.europesays.com\/fr\/wp-json\/wp\/v2\/posts\/670080\/revisions"}],"wp:featuredmedia":[{"embeddable":true,"href":"https:\/\/www.europesays.com\/fr\/wp-json\/wp\/v2\/media\/670081"}],"wp:attachment":[{"href":"https:\/\/www.europesays.com\/fr\/wp-json\/wp\/v2\/media?parent=670080"}],"wp:term":[{"taxonomy":"category","embeddable":true,"href":"https:\/\/www.europesays.com\/fr\/wp-json\/wp\/v2\/categories?post=670080"},{"taxonomy":"post_tag","embeddable":true,"href":"https:\/\/www.europesays.com\/fr\/wp-json\/wp\/v2\/tags?post=670080"}],"curies":[{"name":"wp","href":"https:\/\/api.w.org\/{rel}","templated":true}]}}