{"id":670084,"date":"2026-01-17T13:21:12","date_gmt":"2026-01-17T13:21:12","guid":{"rendered":"https:\/\/www.europesays.com\/fr\/670084\/"},"modified":"2026-01-17T13:21:12","modified_gmt":"2026-01-17T13:21:12","slug":"les-negociateurs-ukrainiens-arrives-aux-etats-unis-pour-des-pourparlers-sur-la-fin-de-la-guerre-actualites","status":"publish","type":"post","link":"https:\/\/www.europesays.com\/fr\/670084\/","title":{"rendered":"Les n\u00e9gociateurs ukrainiens arriv\u00e9s aux \u00c9tats-Unis pour des pourparlers sur la fin de la guerre : Actualit\u00e9s"},"content":{"rendered":"<p class=\"lead \">Une d\u00e9l\u00e9gation ukrainienne est arriv\u00e9e aux Etats-Unis pour de nouveaux pourparlers avec les \u00e9missaires am\u00e9ricains Steve Witkoff et Jared Kushner sur le plan de Washington visant \u00e0 mettre fin \u00e0 la guerre avec la Russie, alors que l&rsquo;Ukraine traverse une crise \u00e9nerg\u00e9tique.<\/p>\n<p class=\"lead \">Ces nouvelles discussions, qui se tiendront \u00e0 Miami, en Floride, interviennent apr\u00e8s une s\u00e9rie de frappes russes massives ces derniers mois, qui ont fortement fragilis\u00e9 le r\u00e9seau \u00e9nerg\u00e9tique ukrainien, provoquant des coupures de courant et de chauffage en pleine vague de froid.<\/p>\n<p class=\"lead \">\u00ab\u00a0Arriv\u00e9s aux Etats-Unis (&#8230;) Nous aurons une conversation importante avec nos partenaires am\u00e9ricains concernant les d\u00e9tails de l&rsquo;accord de paix\u00a0\u00bb, a indiqu\u00e9 sur Telegram Kyrylo Boudanov, \u00e0 la t\u00eate de la d\u00e9l\u00e9gation ukrainienne pour ces n\u00e9gociations.<\/p>\n<p class=\"lead \">Il a pr\u00e9cis\u00e9 \u00eatre accompagn\u00e9 d&rsquo;un autre n\u00e9gociateur habituel avec Washington, le secr\u00e9taire du Conseil de s\u00e9curit\u00e9 ukrainien et ex-ministre de la D\u00e9fense Roustem Oumerov, ainsi que du chef du parti du pr\u00e9sident Volodymyr Zelensky, David Arakhamia.<\/p>\n<p class=\"lead \">Une \u00ab\u00a0r\u00e9union conjointe avec Steve Witkoff, Jared Kushner et (le secr\u00e9taire am\u00e9ricain \u00e0 l&rsquo;Arm\u00e9e de terre) Dan Driscoll est pr\u00e9vue\u00a0\u00bb, a ajout\u00e9 M. Boudanov, qui a r\u00e9cemment \u00e9t\u00e9 nomm\u00e9 chef du cabinet de M. Zelensky apr\u00e8s la disgr\u00e2ce de son puissant pr\u00e9d\u00e9cesseur suite \u00e0 un scandale de corruption.<\/p>\n<p class=\"lead \">Homme de peu de mots et d&rsquo;\u00e9motions, Kyrylo Boudanov occupait auparavant les fonctions de chef du renseignement militaire ukrainien.<\/p>\n<p class=\"lead \">&#8211; Accord am\u00e9ricain &#8211;<\/p>\n<p class=\"lead \">Volodymyr Zelensky avait annonc\u00e9 vendredi le d\u00e9placement de son \u00e9quipe aux Etats-Unis esp\u00e9rant \u00ab\u00a0plus de clart\u00e9\u00a0\u00bb sur les documents pr\u00e9par\u00e9s avec les Am\u00e9ricains et la position de la Russie \u00e0 leur sujet.<\/p>\n<p class=\"lead \">\u00ab\u00a0Si tout est finalis\u00e9 et si la partie am\u00e9ricaine donne son accord (&#8230;), alors une signature pendant le Forum \u00e9conomique mondial de Davos sera possible\u00a0\u00bb la semaine prochaine, a-t-il d\u00e9clar\u00e9.<\/p>\n<p class=\"lead \">Les \u00e9missaires am\u00e9ricains n\u00e9gocient s\u00e9par\u00e9ment avec Kiev et Moscou depuis des mois un accord destin\u00e9 \u00e0 faire cesser pr\u00e8s de  quatre ans de combats, mais plusieurs questions restent non r\u00e9solues, dont celles des territoires occup\u00e9s et des garanties de s\u00e9curit\u00e9 pour l&rsquo;Ukraine.<\/p>\n<p class=\"lead \">Donald Trump avait assur\u00e9 mercredi \u00e0 l&rsquo;agence Reuters que le pr\u00e9sident russe Vladimir Poutine \u00e9tait \u00ab\u00a0pr\u00eat \u00e0 conclure un accord\u00a0\u00bb, mais que \u00ab\u00a0l&rsquo;Ukraine \u00e9tait moins dispos\u00e9e \u00e0 le faire\u00a0\u00bb. Le dirigeant am\u00e9ricain avait imput\u00e9 le blocage dans les n\u00e9gociations \u00e0 M. Zelensky.<\/p>\n<p class=\"lead \">M. Zelensky a lui assur\u00e9 vendredi que l&rsquo;Ukraine avait \u00ab\u00a0tr\u00e8s bien collabor\u00e9 avec les Etats-Unis\u00a0\u00bb mais que Kiev et Washington n&rsquo;\u00e9taient \u00ab\u00a0simplement pas d&rsquo;accord sur certaines questions\u00a0\u00bb.<\/p>\n<p class=\"lead \">Selon une version du texte r\u00e9v\u00e9l\u00e9e en novembre 2025 par M. Zelensky, le document am\u00e9ricain pr\u00e9voit des concessions territoriales \u00e0 la Russie sans pour autant r\u00e9gler la question sur le long terme, en \u00e9change de garanties de s\u00e9curit\u00e9 occidentales pour l&rsquo;Ukraine. Apr\u00e8s des modification n\u00e9goci\u00e9es par Kiev, il ne pr\u00e9voit plus de renoncement ukrainien \u00e0 int\u00e9grer l&rsquo;Otan, pourtant une demande majeure de Moscou.<\/p>\n<p class=\"lead \">Moscou avait fait part de ses r\u00e9serves sur ce document remani\u00e9 et Vladimir Poutine avait averti que Moscou atteindrait ses objectifs en Ukraine par la voie militaires si la diplomatie \u00e9chouait.<\/p>\n<p class=\"lead \">&#8211; Coupures de courant &#8211;<\/p>\n<p class=\"lead \">Ces n\u00e9gociations interviennent alors que l&rsquo;Ukraine a d\u00e9cr\u00e9t\u00e9 un \u00ab\u00a0\u00e9tat d&rsquo;urgence\u00a0\u00bb pour son secteur \u00e9nerg\u00e9tique, mis \u00e0 mal par les bombardements russes. Vendredi, le gouvernement a ordonn\u00e9 aux entreprises publiques d&rsquo;augmenter leurs importations d&rsquo;\u00e9lectricit\u00e9 pour compenser.<\/p>\n<p class=\"lead \">M. Zelensky avait lui r\u00e9v\u00e9l\u00e9 que des syst\u00e8mes de d\u00e9fense antia\u00e9rienne fournis par les Occidentaux \u00e9taient \u00e0 cours de missiles lors de r\u00e9centes frappes, semblant bl\u00e2mer les alli\u00e9s de l&rsquo;Ukraine pour ces p\u00e9nuries.<\/p>\n<p class=\"lead \">La semaine derni\u00e8re, la capitale ukrainienne avait \u00e9t\u00e9 durement affect\u00e9e, la moiti\u00e9 de la ville se voyant priv\u00e9e de chauffage. Le r\u00e9seau a depuis \u00e9t\u00e9 en grande partie restaur\u00e9, mais reste \u00e0 la merci de nouvelles frappes russes, alors que les temp\u00e9ratures sont glaciales.<\/p>\n<p class=\"lead \">Au cours de la nuit, des bombardements russes ont provoqu\u00e9 des coupures de courant dans les r\u00e9gions de Kiev, o\u00f9 la situation est \u00ab\u00a0la plus difficile\u00a0\u00bb et d&rsquo;Odessa (sud), a indiqu\u00e9 le minist\u00e8re de l&rsquo;Energie. <\/p>\n<p class=\"lead \">\u00ab\u00a0Dans plusieurs r\u00e9gions, des coupures d&rsquo;\u00e9lectricit\u00e9 d&rsquo;urgence sont impos\u00e9es en raison de la surcharge des \u00e9quipements due \u00e0 la forte consommation pendant les p\u00e9riodes de froid\u00a0\u00bb, a-t-il ajout\u00e9.<\/p>\n<p class=\"lead \">L&rsquo;op\u00e9rateur gazier Naftogaz a \u00e9galement fait \u00e9tat de frappes russes sur ses installations au cours de la nuit.<\/p>\n<p class=\"lead \">\u00ab\u00a0Nous devons acc\u00e9l\u00e9rer autant que possible l&rsquo;augmentation des importations d&rsquo;\u00e9lectricit\u00e9 et la fourniture d&rsquo;\u00e9quipements suppl\u00e9mentaires par nos partenaires\u00a0\u00bb, a plaid\u00e9 M. Zelensky.<\/p>\n<p class=\"lead \">Kiev a annonc\u00e9 son intention de demander prochainement un soutien financi\u00e8re suppl\u00e9mentaire de la part de ses alli\u00e9s occidentaux.<\/p>\n<p class=\"small font-weight-bold text-gray3 \"> publi\u00e9 le 17 janvier \u00e0 13h15, AFP<\/p>\n<p>                             Partager<\/p>\n","protected":false},"excerpt":{"rendered":"Une d\u00e9l\u00e9gation ukrainienne est arriv\u00e9e aux Etats-Unis pour de nouveaux pourparlers avec les \u00e9missaires am\u00e9ricains Steve Witkoff et&hellip;\n","protected":false},"author":2,"featured_media":670085,"comment_status":"","ping_status":"","sticky":false,"template":"","format":"standard","meta":{"footnotes":""},"categories":[1589],"tags":[11,2120,312,73,1866,12,132,220,1864,1865,1863,308],"class_list":{"0":"post-670084","1":"post","2":"type-post","3":"status-publish","4":"format-standard","5":"has-post-thumbnail","7":"category-etats-unis","8":"tag-actualites","9":"tag-conflit","10":"tag-diplomatie","11":"tag-etats-unis","12":"tag-etats-unis-damerique","13":"tag-news","14":"tag-russie","15":"tag-ukraine","16":"tag-united-states","17":"tag-united-states-of-america","18":"tag-us","19":"tag-usa"},"share_on_mastodon":{"url":"https:\/\/pubeurope.com\/@fr\/115910651925072530","error":""},"_links":{"self":[{"href":"https:\/\/www.europesays.com\/fr\/wp-json\/wp\/v2\/posts\/670084","targetHints":{"allow":["GET"]}}],"collection":[{"href":"https:\/\/www.europesays.com\/fr\/wp-json\/wp\/v2\/posts"}],"about":[{"href":"https:\/\/www.europesays.com\/fr\/wp-json\/wp\/v2\/types\/post"}],"author":[{"embeddable":true,"href":"https:\/\/www.europesays.com\/fr\/wp-json\/wp\/v2\/users\/2"}],"replies":[{"embeddable":true,"href":"https:\/\/www.europesays.com\/fr\/wp-json\/wp\/v2\/comments?post=670084"}],"version-history":[{"count":0,"href":"https:\/\/www.europesays.com\/fr\/wp-json\/wp\/v2\/posts\/670084\/revisions"}],"wp:featuredmedia":[{"embeddable":true,"href":"https:\/\/www.europesays.com\/fr\/wp-json\/wp\/v2\/media\/670085"}],"wp:attachment":[{"href":"https:\/\/www.europesays.com\/fr\/wp-json\/wp\/v2\/media?parent=670084"}],"wp:term":[{"taxonomy":"category","embeddable":true,"href":"https:\/\/www.europesays.com\/fr\/wp-json\/wp\/v2\/categories?post=670084"},{"taxonomy":"post_tag","embeddable":true,"href":"https:\/\/www.europesays.com\/fr\/wp-json\/wp\/v2\/tags?post=670084"}],"curies":[{"name":"wp","href":"https:\/\/api.w.org\/{rel}","templated":true}]}}