{"id":670126,"date":"2026-01-17T13:49:12","date_gmt":"2026-01-17T13:49:12","guid":{"rendered":"https:\/\/www.europesays.com\/fr\/670126\/"},"modified":"2026-01-17T13:49:12","modified_gmt":"2026-01-17T13:49:12","slug":"layatollah-ali-khamenei-accuse-donald-trump-detre-coupable-des-victimes-des-manifestations-et-denonce-un-complot-americain","status":"publish","type":"post","link":"https:\/\/www.europesays.com\/fr\/670126\/","title":{"rendered":"l\u2019ayatollah Ali Khamenei accuse Donald Trump d\u2019\u00eatre \u00ab\u00a0coupable des victimes\u00a0\u00bb des manifestations et d\u00e9nonce un \u00ab\u00a0complot am\u00e9ricain\u00a0\u00bb"},"content":{"rendered":"<p>                      <img loading=\"lazy\" decoding=\"async\" src=\"https:\/\/www.europesays.com\/fr\/wp-content\/uploads\/2026\/01\/888e830_ftp-1-d9thukbsubh6-5899171-01-06.jpg\" alt=\"Des manifestants brandissent un portrait du guide supr\u00eame iranien, l\u2019ayatollah Ali Khamenei, lors d\u2019une manifestation pr\u00e8s de l\u2019ambassade d\u2019Iran \u00e0 Bagdad, le 16\u00a0janvier 2026.\"   width=\"664\" height=\"443\"\/>    Des manifestants brandissent un portrait du guide supr\u00eame iranien, l\u2019ayatollah Ali Khamenei, lors d\u2019une manifestation pr\u00e8s de l\u2019ambassade d\u2019Iran \u00e0 Bagdad, le 16\u00a0janvier 2026.  AHMAD AL-RUBAYE\/AFP                          <\/p>\n<p class=\"article__paragraph  \">Le guide supr\u00eame iranien, l\u2019ayatollah Ali Khamenei, a accus\u00e9 samedi 17\u00a0janvier le pr\u00e9sident am\u00e9ricain, Donald Trump, d\u2019\u00eatre \u00ab\u00a0coupable des victimes\u00a0\u00bb survenues lors des r\u00e9centes manifestations en Iran. \u00ab\u00a0Nous tenons le pr\u00e9sident am\u00e9ricain pour coupable des victimes, des d\u00e9g\u00e2ts et des accusations qu\u2019il a port\u00e9es contre la nation iranienne\u00a0\u00bb, a-t-il d\u00e9clar\u00e9 \u00e0 une foule de partisans lors d\u2019un discours prononc\u00e9 \u00e0 l\u2019occasion d\u2019une f\u00eate religieuse.<\/p>\n<p>                                            Lire aussi |  <a href=\"https:\/\/www.lemonde.fr\/idees\/article\/2026\/01\/17\/la-terreur-ultime-moteur-du-regime-iranien_6662936_3232.html\" class=\"js-article-read-also catcher--favoris__link\" data-premium=\"\" id=\"article-title-3455064\" target=\"_blank\" rel=\"noopener\">La terreur, ultime moteur du r\u00e9gime iranien<\/a>    <\/p>\n<p>   Lire plus tard  <\/p>\n<p class=\"article__paragraph  \">\u00ab\u00a0C\u2019\u00e9tait un complot am\u00e9ricain\u00a0\u00bb, a-t-il ajout\u00e9, en pr\u00e9cisant que \u00ab\u00a0l\u2019objectif des Etats-Unis est d\u2019avaler l\u2019Iran (\u2026)\u00a0; l\u2019objectif est de replacer l\u2019Iran sous domination militaire, politique et \u00e9conomique\u00a0\u00bb.<\/p>\n<p class=\"article__paragraph  \">Donald Trump avait multipli\u00e9 ces derni\u00e8res semaines les menaces d\u2019intervention. Vendredi, le chef de l\u2019Etat am\u00e9ricain a remerci\u00e9 le gouvernement iranien <a href=\"https:\/\/www.lemonde.fr\/international\/article\/2026\/01\/16\/donald-trump-remercie-l-iran-d-avoir-annule-toutes-les-pendaisons-prevues-de-manifestants_6662579_3210.html\" target=\"_blank\" rel=\"noopener\">d\u2019avoir annul\u00e9 \u00ab\u00a0toutes les pendaisons pr\u00e9vues\u00a0\u00bb de manifestants<\/a>, apr\u00e8s avoir menac\u00e9 T\u00e9h\u00e9ran de \u00ab\u00a0s\u00e9rieuses cons\u00e9quences\u00a0\u00bb si la r\u00e9pression des manifestations venait \u00e0 continuer.<\/p>\n<p>                    Au moins 3\u00a0428\u00a0personnes tu\u00e9es                    <\/p>\n<p class=\"article__paragraph  \">La vague de protestation en Iran, qui a d\u00e9but\u00e9 il y a pr\u00e8s de trois semaines, a \u00e9t\u00e9 \u00e9touff\u00e9e par une violente r\u00e9pression. Pour la premi\u00e8re fois, les autorit\u00e9s ont livr\u00e9 vendredi un chiffre concernant les arrestations\u00a0: quelque 3\u00a0000\u00a0personnes ont \u00e9t\u00e9 interpell\u00e9es, selon des responsables de la s\u00e9curit\u00e9 cit\u00e9s par l\u2019agence de presse iranienne Tasnim, qui \u00e9voque \u00ab\u00a0des individus arm\u00e9s\u00a0\u00bb et \u00ab\u00a0des membres d\u2019organisations terroristes\u00a0\u00bb.<\/p>\n<p>                                       Lire aussi la tribune |  Article r\u00e9serv\u00e9 \u00e0 nos abonn\u00e9s  <a href=\"https:\/\/www.lemonde.fr\/idees\/article\/2026\/01\/16\/golshifteh-farahani-en-iran-la-resistance-a-l-abomination-aux-dictatures-et-aux-envahisseurs-est-dans-notre-sang_6662571_3232.html\" class=\"js-article-read-also catcher--favoris__link\" data-premium=\"1\" id=\"article-title-3454728\" target=\"_blank\" rel=\"noopener\">Golshifteh Farahani\u00a0: \u00ab\u00a0En Iran, la r\u00e9sistance \u00e0 l\u2019abomination, aux dictatures et aux envahisseurs est dans notre sang\u00a0\u00bb<\/a>    <\/p>\n<p>   Lire plus tard  <\/p>\n<p class=\"article__paragraph  \">Iran Human Rights, une ONG bas\u00e9e en Norv\u00e8ge, fait \u00e9tat de quelque 20\u00a0000\u00a0arrestations et au moins 3\u00a0428\u00a0personnes tu\u00e9es, des cas v\u00e9rifi\u00e9s par elle-m\u00eame ou par des sources ind\u00e9pendantes. D\u2019autres \u00e9valuations donnent plus de 5\u00a0000\u00a0morts, la coupure d\u2019Internet en vigueur depuis le 8\u00a0janvier ayant rendu difficile le travail de v\u00e9rification pour les ONG et les m\u00e9dias.<\/p>\n<p class=\"article__paragraph  \">Lors de son discours, Ali Khamenei a estim\u00e9 que les autorit\u00e9s devaient \u00ab\u00a0briser le dos des s\u00e9ditieux\u00a0\u00bb. \u00ab\u00a0Nous n\u2019avons pas l\u2019intention de mener le pays \u00e0 la guerre, mais nous n\u2019\u00e9pargnerons pas les criminels nationaux (\u2026)\u00a0; pis encore que les criminels nationaux, les criminels internationaux\u00a0: nous ne les \u00e9pargnerons pas non plus\u00a0\u00bb, a-t-il d\u00e9clar\u00e9 \u00e0 ses partisans.<\/p>\n<p>                                       Lire aussi |  Article r\u00e9serv\u00e9 \u00e0 nos abonn\u00e9s  <a href=\"https:\/\/www.lemonde.fr\/m-le-mag\/article\/2026\/01\/15\/ali-khamenei-dans-le-monde-de-ministre-de-la-defense-a-guide-impitoyable_6662427_4500055.html\" class=\"js-article-read-also catcher--favoris__link\" data-premium=\"1\" id=\"article-title-3454163\" target=\"_blank\" rel=\"noopener\">Ali Khamenei dans \u00ab\u00a0Le Monde\u00a0\u00bb, de ministre de la d\u00e9fense \u00e0 guide impitoyable<\/a>    <\/p>\n<p>   Lire plus tard  <\/p>\n<p class=\"author__detail\">  Le Monde avec AFP  <\/p>\n","protected":false},"excerpt":{"rendered":"Des manifestants brandissent un portrait du guide supr\u00eame iranien, l\u2019ayatollah Ali Khamenei, lors d\u2019une manifestation pr\u00e8s de l\u2019ambassade&hellip;\n","protected":false},"author":2,"featured_media":670127,"comment_status":"","ping_status":"","sticky":false,"template":"","format":"standard","meta":{"footnotes":""},"categories":[5],"tags":[11,1011,27,14,12,28],"class_list":{"0":"post-670126","1":"post","2":"type-post","3":"status-publish","4":"format-standard","5":"has-post-thumbnail","7":"category-international","8":"tag-actualites","9":"tag-fr","10":"tag-france","11":"tag-international","12":"tag-news","13":"tag-world"},"share_on_mastodon":{"url":"https:\/\/pubeurope.com\/@fr\/115910761895742402","error":""},"_links":{"self":[{"href":"https:\/\/www.europesays.com\/fr\/wp-json\/wp\/v2\/posts\/670126","targetHints":{"allow":["GET"]}}],"collection":[{"href":"https:\/\/www.europesays.com\/fr\/wp-json\/wp\/v2\/posts"}],"about":[{"href":"https:\/\/www.europesays.com\/fr\/wp-json\/wp\/v2\/types\/post"}],"author":[{"embeddable":true,"href":"https:\/\/www.europesays.com\/fr\/wp-json\/wp\/v2\/users\/2"}],"replies":[{"embeddable":true,"href":"https:\/\/www.europesays.com\/fr\/wp-json\/wp\/v2\/comments?post=670126"}],"version-history":[{"count":0,"href":"https:\/\/www.europesays.com\/fr\/wp-json\/wp\/v2\/posts\/670126\/revisions"}],"wp:featuredmedia":[{"embeddable":true,"href":"https:\/\/www.europesays.com\/fr\/wp-json\/wp\/v2\/media\/670127"}],"wp:attachment":[{"href":"https:\/\/www.europesays.com\/fr\/wp-json\/wp\/v2\/media?parent=670126"}],"wp:term":[{"taxonomy":"category","embeddable":true,"href":"https:\/\/www.europesays.com\/fr\/wp-json\/wp\/v2\/categories?post=670126"},{"taxonomy":"post_tag","embeddable":true,"href":"https:\/\/www.europesays.com\/fr\/wp-json\/wp\/v2\/tags?post=670126"}],"curies":[{"name":"wp","href":"https:\/\/api.w.org\/{rel}","templated":true}]}}