{"id":670151,"date":"2026-01-17T14:08:12","date_gmt":"2026-01-17T14:08:12","guid":{"rendered":"https:\/\/www.europesays.com\/fr\/670151\/"},"modified":"2026-01-17T14:08:12","modified_gmt":"2026-01-17T14:08:12","slug":"strasbourg-une-soiree-politique-et-festive-sur-le-theme-quelle-place-pour-le-couple-franco-allemand","status":"publish","type":"post","link":"https:\/\/www.europesays.com\/fr\/670151\/","title":{"rendered":"Strasbourg. Une soir\u00e9e politique et festive sur le th\u00e8me \u201cquelle place pour le couple franco-allemand ?\u201d"},"content":{"rendered":"<p>Le Club d\u2019affaires franco-allemand du Rhin Sup\u00e9rieur (CAFA-RSO) et la Collectivit\u00e9 europ\u00e9enne d\u2019Alsace organisent une soir\u00e9e jeudi 22 janvier \u00e0 l\u2019occasion de la Journ\u00e9e de l\u2019amiti\u00e9 franco-allemande et de la comm\u00e9moration du <a href=\"https:\/\/www.dna.fr\/politique\/2023\/01\/18\/il-y-a-60-ans-le-traite-de-l-elysee-ouvrait-la-voie-a-la-cooperation-transfrontaliere-rznz\" target=\"_blank\" rel=\"noopener\">trait\u00e9 de l\u2019\u00c9lys\u00e9e, sign\u00e9 le 22 janvier 1963<\/a> par le pr\u00e9sident fran\u00e7ais <a href=\"https:\/\/www.dna.fr\/p\/charles-de-gaulle\" target=\"_blank\" rel=\"noopener\">Charles de Gaulle<\/a> et le chancelier allemand Konrad Adenauer. Ponctu\u00e9 d\u2019interm\u00e8des musicaux et chant\u00e9s, un programme en deux temps est pr\u00e9vu de 18 h \u00e0 20 h.<\/p>\n<p>D\u2019abord, il y aura une table ronde sur le th\u00e8me \u201cTrump, <a href=\"https:\/\/www.dna.fr\/p\/xi-jinping\" target=\"_blank\" rel=\"noopener\">Xi Jinping<\/a>, Poutine : autour de l\u2019Europe, le monde bouge. Face aux d\u00e9fis \u00e9conomiques, g\u00e9opolitiques et de d\u00e9fense, quel r\u00f4le pour le couple franco-allemand, moteur de l\u2019Europe ?\u201d Elle r\u00e9unira Peter Altmaier, ancien ministre f\u00e9d\u00e9ral (Environnement, \u00c9nergie, \u00c9conomie et Finances) et chef de la chancellerie d\u2019<a href=\"https:\/\/www.dna.fr\/p\/angela-merkel\" target=\"_blank\" rel=\"noopener\">Angela Merkel<\/a> de 2005 \u00e0 2021 ; Stefan Seidendorf, directeur adjoint du Deutsch-Franz\u00f6sisches Institut (DFI) \u00e0 Ludwigsburg ; <a href=\"https:\/\/www.dna.fr\/p\/frederic-bierry\" target=\"_blank\" rel=\"noopener\">Fr\u00e9d\u00e9ric Bierry<\/a>, pr\u00e9sident de la CEA.<\/p>\n<p>Puis sera organis\u00e9e une table ronde sur la jeunesse franco-allemande (projets, engagements, perspectives) avec des repr\u00e9sentants de l\u2019Office franco-allemand pour la Jeunesse (Ofaj\/Deutsch-Franz\u00f6sisches Jugendwerk), du Th\u00e9\u00e2tre Baden Assace, structure culturelle transfrontali\u00e8re, et d\u2019une \u00e9cole primaire bilingue \u00e0 parit\u00e9 de Kehl.<\/p>\n<p class=\"note\">Jeudi 22 janvier de 17 h \u00e0 22 h, \u00e0 la CEA, place du Quartier-Blanc \u00e0 Strasbourg. Gratuit sur inscriptions \u00e0 https:\/\/my.weezevent.com\/journee-de-lamitie-franco-allemande-220126<\/p>\n","protected":false},"excerpt":{"rendered":"Le Club d\u2019affaires franco-allemand du Rhin Sup\u00e9rieur (CAFA-RSO) et la Collectivit\u00e9 europ\u00e9enne d\u2019Alsace organisent une soir\u00e9e jeudi 22&hellip;\n","protected":false},"author":2,"featured_media":670152,"comment_status":"","ping_status":"","sticky":false,"template":"","format":"standard","meta":{"footnotes":""},"categories":[2820],"tags":[1111,11,672,2389,2649,2880,1777,674,107,1011,27,775,937,12,316,25,1806,104,640,2879],"class_list":{"0":"post-670151","1":"post","2":"type-post","3":"status-publish","4":"format-standard","5":"has-post-thumbnail","7":"category-strasbourg","8":"tag-actu","9":"tag-actualites","10":"tag-allemagne","11":"tag-alsace","12":"tag-bas-rhin","13":"tag-edition-strasbourg","14":"tag-eu","15":"tag-europe","16":"tag-fil-info","17":"tag-fr","18":"tag-france","19":"tag-grand-est","20":"tag-histoire","21":"tag-news","22":"tag-politique","23":"tag-republique-francaise","24":"tag-rheinblick","25":"tag-societe","26":"tag-strasbourg","27":"tag-strasbourg-ville"},"share_on_mastodon":{"url":"https:\/\/pubeurope.com\/@fr\/115910836675236634","error":""},"_links":{"self":[{"href":"https:\/\/www.europesays.com\/fr\/wp-json\/wp\/v2\/posts\/670151","targetHints":{"allow":["GET"]}}],"collection":[{"href":"https:\/\/www.europesays.com\/fr\/wp-json\/wp\/v2\/posts"}],"about":[{"href":"https:\/\/www.europesays.com\/fr\/wp-json\/wp\/v2\/types\/post"}],"author":[{"embeddable":true,"href":"https:\/\/www.europesays.com\/fr\/wp-json\/wp\/v2\/users\/2"}],"replies":[{"embeddable":true,"href":"https:\/\/www.europesays.com\/fr\/wp-json\/wp\/v2\/comments?post=670151"}],"version-history":[{"count":0,"href":"https:\/\/www.europesays.com\/fr\/wp-json\/wp\/v2\/posts\/670151\/revisions"}],"wp:featuredmedia":[{"embeddable":true,"href":"https:\/\/www.europesays.com\/fr\/wp-json\/wp\/v2\/media\/670152"}],"wp:attachment":[{"href":"https:\/\/www.europesays.com\/fr\/wp-json\/wp\/v2\/media?parent=670151"}],"wp:term":[{"taxonomy":"category","embeddable":true,"href":"https:\/\/www.europesays.com\/fr\/wp-json\/wp\/v2\/categories?post=670151"},{"taxonomy":"post_tag","embeddable":true,"href":"https:\/\/www.europesays.com\/fr\/wp-json\/wp\/v2\/tags?post=670151"}],"curies":[{"name":"wp","href":"https:\/\/api.w.org\/{rel}","templated":true}]}}