{"id":670161,"date":"2026-01-17T14:13:16","date_gmt":"2026-01-17T14:13:16","guid":{"rendered":"https:\/\/www.europesays.com\/fr\/670161\/"},"modified":"2026-01-17T14:13:16","modified_gmt":"2026-01-17T14:13:16","slug":"cette-course-solidaire-organisera-sa-derniere-edition-en-2026","status":"publish","type":"post","link":"https:\/\/www.europesays.com\/fr\/670161\/","title":{"rendered":"cette course solidaire organisera sa derni\u00e8re \u00e9dition en 2026"},"content":{"rendered":"<p>                    Par<br \/>\n        <strong><br \/>\n            <a href=\"https:\/\/actu.fr\/auteur\/thomas-bernard\" title=\"Consulter tous les articles de Thomas Bernard\" target=\"_blank\" rel=\"noopener\">Thomas Bernard<\/a><br \/>\n                    <\/strong><\/p>\n<p>        Publi\u00e9 le<\/p>\n<p>            17 janv. 2026 \u00e0 14h46        <\/p>\n<p>Depuis 2019, la DAG, course caritative rendant hommage \u00e0 Philippe Daguillon, kin\u00e9 historique du <a href=\"https:\/\/actu.fr\/tag\/fc-nantes\" target=\"_blank\" rel=\"noopener\">FC Nantes<\/a>, d\u00e9c\u00e9d\u00e9 des suites d\u2019un cancer en 2018, est organis\u00e9e dans la cit\u00e9 des ducs de Bretagne. Dans un post sur les r\u00e9seaux sociaux, les organisateurs ont annonc\u00e9 que <b>l\u2019\u00e9dition 2026 sera la derni\u00e8re<\/b>.\u00a0<\/p>\n<p>    <a href=\"https:\/\/www.facebook.com\/plugins\/post.php?href=https%3A%2F%2Fwww.facebook.com%2Flesamisdedag%2Fposts%2Fpfbid02AAu34bzA76F5EFUW9Bm4CEH7Fg8Tsh3xTpoHd3QETWxVcQrxWFK3viaMdV6gLaJTl&amp;show_text=true&amp;width=350\" title=\"Ouvrie le lien\" target=\"_blank\" rel=\"noopener\">Cliquez ici pour visualiser le contenu<\/a><\/p>\n<p>76 000 euros r\u00e9colt\u00e9s en quatre \u00e9ditions<\/p>\n<p class=\" wall-content\">Dans le communiqu\u00e9, les organisateurs ont expliqu\u00e9 que l\u2019organisation de la course \u00ab\u00a0ravive, pour la famille de Philippe, l\u2019intensit\u00e9 de son absence\u00a0\u00bb.<\/p>\n<blockquote class=\"ac-article-quote wall-content\">\n<p>Il ne s\u2019agit pas d\u2019un renoncement. Il s\u2019agit d\u2019un choix du c\u0153ur. Un choix de respect, de pudeur et de fid\u00e9lit\u00e9. Un choix pour laisser Philippe reposer en paix, apr\u00e8s avoir accompli ce que nous avions \u00e0 coeur : faire vivre son esprit, transmettre ses valeurs et contribuer \u00e0 la lutte contre le cancer.\u00a0<\/p>\n<p>Association La DAG<\/p><\/blockquote>\n<p>    <img   decoding=\"async\" loading=\"lazy\" class=\"size-large\" src=\"https:\/\/www.europesays.com\/fr\/wp-content\/uploads\/2026\/01\/9924d89a732869d24d89a73286134dv-960x640.jpg\" alt=\"Cette course cartitative rend hommage \u00e0 Philippe Daguillon , kin\u00e9 historique du FC Nantes, d\u00e9c\u00e9d\u00e9 d'un cancer en 2018. Les fond r\u00e9colt\u00e9s servent \u00e0 financer la recherche contre le cancer.\" width=\"960\" height=\"640\"\/><br \/>\n    Cette course caritative rend hommage \u00e0 Philippe Daguillon, kin\u00e9 historique du FC Nantes, d\u00e9c\u00e9d\u00e9 d\u2019un cancer en 2018. Les fonds r\u00e9colt\u00e9s servent \u00e0 financer la recherche contre le cancer. \u00a9LA DAG \/ transmis \u00e0 actu Nantes<\/p>\n<p class=\" wall-content\">Lors des trois premi\u00e8res \u00e9ditions, 46 000 euros avaient \u00e9t\u00e9 revers\u00e9s pour les patients atteints de cancer. Cette ann\u00e9e, 30 000 euros ont \u00e9t\u00e9 remis \u00e0 Naovie (fonds de dotation du CHU de Nantes) et \u00e0 Pers\u00e9v\u00e9rance (fonds de dotation de l\u2019institut de canc\u00e9rologie de l\u2019Ouest).\u00a0<\/p>\n<p class=\" wall-content\">Le 27 septembre 2026, les coureurs pourront, une derni\u00e8re fois, parcourir le bois de la Desnerie, le ch\u00e2teau de la Poterie, le parc de la Roseraie pour rejoindre le stade de la Beaujoire.\u00a0<\/p>\n<p class=\" wall-content\">Personnalisez votre actualit\u00e9 en ajoutant vos villes et m\u00e9dias en favori avec <a href=\"https:\/\/moncompte.actu.fr\" title=\"D\u00e9couvez Mon Actu\" rel=\"nofollow noopener\" data-trk=\"{&quot;cta&quot;:{&quot;action&quot;:&quot;https:\\\/\\\/moncompte.actu.fr&quot;,&quot;category&quot;:&quot;mon compte&quot;,&quot;from&quot;:&quot;article footer&quot;,&quot;name&quot;:&quot;Mon actu&quot;,&quot;type&quot;:&quot;cta&quot;}}\" target=\"_blank\">Mon Actu<\/a>.<\/p>\n","protected":false},"excerpt":{"rendered":"Par Thomas Bernard Publi\u00e9 le 17 janv. 2026 \u00e0 14h46 Depuis 2019, la DAG, course caritative rendant hommage&hellip;\n","protected":false},"author":2,"featured_media":670162,"comment_status":"","ping_status":"","sticky":false,"template":"","format":"standard","meta":{"footnotes":""},"categories":[2818],"tags":[1111,11,101,1777,674,462,1011,27,766,12,2636,25,3400,60],"class_list":{"0":"post-670161","1":"post","2":"type-post","3":"status-publish","4":"format-standard","5":"has-post-thumbnail","7":"category-nantes","8":"tag-actu","9":"tag-actualites","10":"tag-cancer","11":"tag-eu","12":"tag-europe","13":"tag-fc-nantes","14":"tag-fr","15":"tag-france","16":"tag-nantes","17":"tag-news","18":"tag-pays-de-la-loire","19":"tag-republique-francaise","20":"tag-solidarite","21":"tag-sports"},"share_on_mastodon":{"url":"https:\/\/pubeurope.com\/@fr\/115910856336637440","error":""},"_links":{"self":[{"href":"https:\/\/www.europesays.com\/fr\/wp-json\/wp\/v2\/posts\/670161","targetHints":{"allow":["GET"]}}],"collection":[{"href":"https:\/\/www.europesays.com\/fr\/wp-json\/wp\/v2\/posts"}],"about":[{"href":"https:\/\/www.europesays.com\/fr\/wp-json\/wp\/v2\/types\/post"}],"author":[{"embeddable":true,"href":"https:\/\/www.europesays.com\/fr\/wp-json\/wp\/v2\/users\/2"}],"replies":[{"embeddable":true,"href":"https:\/\/www.europesays.com\/fr\/wp-json\/wp\/v2\/comments?post=670161"}],"version-history":[{"count":0,"href":"https:\/\/www.europesays.com\/fr\/wp-json\/wp\/v2\/posts\/670161\/revisions"}],"wp:featuredmedia":[{"embeddable":true,"href":"https:\/\/www.europesays.com\/fr\/wp-json\/wp\/v2\/media\/670162"}],"wp:attachment":[{"href":"https:\/\/www.europesays.com\/fr\/wp-json\/wp\/v2\/media?parent=670161"}],"wp:term":[{"taxonomy":"category","embeddable":true,"href":"https:\/\/www.europesays.com\/fr\/wp-json\/wp\/v2\/categories?post=670161"},{"taxonomy":"post_tag","embeddable":true,"href":"https:\/\/www.europesays.com\/fr\/wp-json\/wp\/v2\/tags?post=670161"}],"curies":[{"name":"wp","href":"https:\/\/api.w.org\/{rel}","templated":true}]}}