{"id":670196,"date":"2026-01-17T14:33:11","date_gmt":"2026-01-17T14:33:11","guid":{"rendered":"https:\/\/www.europesays.com\/fr\/670196\/"},"modified":"2026-01-17T14:33:11","modified_gmt":"2026-01-17T14:33:11","slug":"pourquoi-la-france-surpasse-largement-les-etats-unis-lallemagne-la-coree-ou-encore-le-royaume-uni-dans-ce-classement","status":"publish","type":"post","link":"https:\/\/www.europesays.com\/fr\/670196\/","title":{"rendered":"pourquoi la France surpasse largement les Etats-Unis, l&rsquo;Allemagne, la Cor\u00e9e ou encore le Royaume-Uni dans ce classement"},"content":{"rendered":"<p>La France figure parmi les pays les plus avanc\u00e9s en mati\u00e8re d\u2019adoption de l\u2019IA g\u00e9n\u00e9rative, se classant 5\u1d49 mondial avec 44% d\u2019utilisateurs, gr\u00e2ce \u00e0 un \u00e9cosyst\u00e8me dynamique (notamment Mistral AI), \u00e0 l\u2019implication des pouvoirs publics et des entreprises, malgr\u00e9 des enjeux persistants de r\u00e9gulation, d\u2019in\u00e9galit\u00e9s d\u2019acc\u00e8s et d\u2019impact environnemental, selon une \u00e9tude de Microsoft.<\/p>\n<p>La France fait partie du haut du tableau et surclasse m\u00eame les Etats-Unis, le Royaume-Uni, ou encore le Canada et l&rsquo;Allemagne&#8230; Non, on ne parle pas de gastronomie, mais bien d&rsquo;intelligence artificielle g\u00e9n\u00e9rative, soit ChatGPT et ses concurrents comme Mistral.AI. Plus pr\u00e9cis\u00e9ment, l&rsquo;Hexagone se classe 5\u00e8me pays dont la population a le plus largement adopt\u00e9 l&rsquo;intelligence artificielle, selon une <a href=\"https:\/\/www.microsoft.com\/en-us\/corporate-responsibility\/topics\/AI-Economy-Institute\/reports\/Global-AI-Adoption-2025\/?utm_source=chatgpt.com\" target=\"_blank\" class=\"external_link\" rel=\"noopener\">\u00e9tude<\/a> publi\u00e9e par Microsoft.<\/p>\n<p>Le classement est domin\u00e9 par les \u00c9mirats arabes unis avec 64% de la population en \u00e2ge de travailler utilisant l&rsquo;IA fin 2025, suivi par Singapour qui pr\u00e9sente un taux d&rsquo;adoption de 61%, puis de la Norv\u00e8ge (46%), l&rsquo;Irlande (45%) et enfin la France avec 44% de la population qui utilise des outils d&rsquo;intelligence artificielle g\u00e9n\u00e9rative.<\/p>\n<p>Surtout la croissance d&rsquo;adoption fran\u00e7aise est une des plus spectaculaires. Ce taux d&rsquo;adoption a progress\u00e9 de 3,1% sur l&rsquo;ann\u00e9e 2025, soit une des croissances la plus forte des 30 pays analys\u00e9s par Microsoft. En Allemagne et aux Etats-Unis c&rsquo;est seulement 2% \u00e0 titre de comparaison.<\/p>\n<blockquote class=\"embed embed_quote\"><p>\u00ab\u00a0Les pays ayant investi t\u00f4t dans les infrastructures num\u00e9riques, la formation \u00e0 l&rsquo;IA et son adoption par les pouvoirs publics conservent leur position de leader\u00a0\u00bb, explique l&rsquo;\u00e9tude Microsoft.<\/p><\/blockquote>\n<p>La France en fait partie&#8230; contrairement \u00e0 l&rsquo;Allemagne, qui se classe \u00e0 la 21\u00e8me position. Notre voisin est tr\u00e8s en retard sur la digitalisation, \u00e0 la fois dans les entreprises et dans les administrations publiques, ce qui se refl\u00e8te chez les citoyens.<\/p>\n<p>Les Etats-Unis \u00e0 la tra\u00eene<\/p>\n<p>Plus surprenant, les Etats-Unis ne pointent qu&rsquo;\u00e0 la 24\u00e8me place, preuve que le leadership en mati\u00e8re d&rsquo;innovation et d&rsquo;infrastructures, bien qu&rsquo;essentiel, ne suffit pas \u00e0 lui seul \u00e0 garantir une large adoption de l&rsquo;IA. Bien que le pays soit en t\u00eate en termes de d\u00e9veloppement de mod\u00e8les de pointe, seuls 28% de la population active utilise l&rsquo;IA.<\/p>\n<blockquote class=\"embed embed_quote\"><p>\u00ab\u00a0Ils accusent un retard consid\u00e9rable par rapport aux \u00e9conomies plus petites, plus num\u00e9ris\u00e9es et davantage ax\u00e9es sur l&rsquo;IA\u00a0\u00bb, note l&rsquo;\u00e9tude Microsoft.<\/p><\/blockquote>\n<p>La France est aussi devant l&rsquo;Espagne (6\u00e8me place), les Pays-Bas (8\u00e8me place), le Royaume-Uni (9\u00e8me place), l&rsquo;Australie (11\u00e8me place), la Belgique et le Canada (13 et 14\u00e8me) ou encore la Cor\u00e9e du Sud (18\u00e8me) et l&rsquo;Italie (26\u00e8me). Ni la Chine (16% des habitants utilisent l&rsquo;IA), ni l&rsquo;Inde (15%) ne font partie du top 30 \u00e0 cause de leur population tr\u00e8s nombreuse.<\/p>\n<p>Mais alors qu&rsquo;est-ce qui explique<a href=\"https:\/\/www.bfmtv.com\/economie\/emploi\/chat-gpt-copilot-ou-gemini-plus-d-un-cadre-sur-trois-utilise-l-ia-regulierement-au-travail_AD-202506030106.html\" title=\"ChatGPT, Copilot ou Gemini... Plus d&#039;un cadre sur trois utilise l&#039;IA r\u00e9guli\u00e8rement au travail\" class=\"internal_link\" target=\"_blank\" rel=\"noopener\"> cette acculturation facile des Fran\u00e7ais avec l&rsquo;IA<\/a>? Tout d&rsquo;abord, la France fait partie du club tr\u00e8s ferm\u00e9 des pays qui poss\u00e8dent leur propre mod\u00e8le d&rsquo;intelligence artificielle g\u00e9n\u00e9rative performant (<a href=\"https:\/\/www.bfmtv.com\/tech\/intelligence-artificielle\/plus-efficaces-plus-rapide-plus-creatifs-face-a-chat-gpt-le-francais-mistral-ai-montre-les-muscles_AN-202502100368.html\" title=\"&quot;Plus efficaces, plus rapide, plus cr\u00e9atifs&quot;: face \u00e0 ChatGPT, le Fran\u00e7ais Mistral AI montre les muscles\" class=\"internal_link\" target=\"_blank\" rel=\"noopener\">gr\u00e2ce \u00e0 Mistral AI<\/a>).<\/p>\n<p>Le m\u00e9dia britannique<a href=\"https:\/\/www.tortoisemedia.com\/data\/global-ai#data\" target=\"_blank\" class=\"external_link\" rel=\"noopener\"> Tortoise <\/a>classe m\u00eame la France \u00e0 la 5\u00e8me position dans son index global de l&rsquo;IA, qui classe les pays non pas en fonction de l&rsquo;adoption par la population, mais en fonction de leur niveau d&rsquo;investissement, d&rsquo;innovation et de mise en \u0153uvre dans le domaine.<\/p>\n<blockquote class=\"embed embed_quote\"><p>\u00ab\u00a0La France a fait un bond spectaculaire dans le classement pour se hisser \u00e0 la 5e place, gr\u00e2ce \u00e0 l&rsquo;\u00e9mergence d&rsquo;un solide \u00e9cosyst\u00e8me d&rsquo;IA g\u00e9n\u00e9rative dans le pays\u00a0\u00bb, note m\u00eame le site d&rsquo;information.<\/p><\/blockquote>\n<p>Les pouvoirs publics fran\u00e7ais se saisissent du sujet<\/p>\n<p>Une des explications possibles \u00e0 cette acculturation des Fran\u00e7ais \u00e0 l&rsquo;IA est sa popularit\u00e9 dans le cadre professionnel. 33% des entreprises de 250 salari\u00e9s ou plus utilisent l\u2019IA, selon les statistiques de l&rsquo;Insee. Et m\u00eame dans les petites bo\u00eetes, la machine est en route. Selon le <a href=\"https:\/\/www.francenum.gouv.fr\/guides-et-conseils\/strategie-numerique\/comprendre-le-numerique\/barometre-france-num-2025-le#intelligence-artificielle\" target=\"_blank\" class=\"external_link\" rel=\"noopener\">Barom\u00e8tre France Num 2025<\/a>, le nombre de TPE PME qui ont indiqu\u00e9 avoir recours \u00e0 des solutions d\u2019intelligence artificielle a doubl\u00e9 en un an, et atteint 26%.<\/p>\n<p>Il faut aussi souligner que malgr\u00e9 une adoption massive, les Fran\u00e7ais n&rsquo;en restent pas moins m\u00e9fiants face aux d\u00e9rives de l&rsquo;intelligence artificielle. Ainsi, dans l&rsquo;Hexagone l&rsquo;innovation et la r\u00e9gulation avancent de concert.<\/p>\n<blockquote class=\"embed embed_quote\"><p>\u00ab\u00a0La France combine deux forces rares: une base scientifique solide et une conscience \u00e9thique tr\u00e8s d\u00e9velopp\u00e9e\u00a0\u00bb, assure Luc Julia, co-cr\u00e9ateur de Siri et figure de l\u2019IA responsable, aupr\u00e8s du site <a href=\"https:\/\/www.aivancity.ai\/blog\/la-france-championne-de-lia-au-quotidien-que-revele-letude-de-microsoft\/#ref1\" target=\"_blank\" class=\"external_link\" rel=\"noopener\">Aivancity<\/a>.<\/p><\/blockquote>\n<p>Ainsi, les autorit\u00e9s publiques, en faisant de la pr\u00e9vention pour une utilisation s\u00e9curis\u00e9ee, sont vectrices de la diffusion. La Cnil, le minist\u00e8re de l&rsquo;Education nationale ou encore l\u2019Agence nationale de la coh\u00e9sion des territoires\u00a0multiplient les actions d\u2019acculturation : formations sur les biais, campagnes de sensibilisation et programmes d\u2019inclusion num\u00e9rique.<\/p>\n<p>De m\u00eame, en 2024, la France a introduit la notion d&rsquo;IA dans le titre de la secr\u00e9taire d&rsquo;\u00c9tat charg\u00e9e du Num\u00e9rique, Clara Chappaz, qui deviendra ensuite ministre l&rsquo;Intelligence artificielle et du Num\u00e9rique.<\/p>\n<p>La France essaie aussi de pousser cet essor au niveau europ\u00e9en. Comme le souligne l&rsquo;<a href=\"https:\/\/oxfordinsights.com\/wp-content\/uploads\/2024\/12\/2024-Government-AI-Readiness-Index-2.pdf\" target=\"_blank\" class=\"external_link\" rel=\"noopener\">index<\/a> de pr\u00e9paration des gouvernements \u00e0 l&rsquo;IA d\u00e9velopp\u00e9 par l&rsquo;universit\u00e9 d&rsquo;Oxford, la France a form\u00e9 avec l&rsquo;Allemagne et la Pologne une alliance politique afin de coordonner les efforts en mati\u00e8re d&rsquo;investissement dans l&rsquo;intelligence artificielle. Leur objectif est aussi de vlancer une collaboration europ\u00e9enne plus pouss\u00e9e et plus large dans ce domaine. Afin de soutenir l&rsquo;innovation, l&rsquo;UE a \u00e9galement investi 1,5 milliard d&rsquo;euros afin de cr\u00e9er sept usines d\u00e9di\u00e9es \u00e0 l&rsquo;intelligence artificielle en Europe.<\/p>\n<p>Des quantit\u00e9s d&rsquo;\u00e9nergie astronomiques, mais pour quoi faire?<\/p>\n<p>L&rsquo;\u00e9tude de Microsoft explique que \u00ab\u00a0l&rsquo;intelligence artificielle, en tant que technologie \u00e0 usage g\u00e9n\u00e9ral, repose sur trois piliers fondamentaux : l&rsquo;\u00e9lectricit\u00e9, la connectivit\u00e9 et la puissance de calcul\u00a0\u00bb. Ainsi elle rappelle que pr\u00e8s de quatre milliards de personnes \u2013 soit la moiti\u00e9 de la population mondiale \u2013 n&rsquo;ont toujours pas acc\u00e8s aux ressources de base n\u00e9cessaires \u00e0 l&rsquo;utilisation de l&rsquo;IA.<\/p>\n<p>Les donn\u00e9es r\u00e9v\u00e8lent un foss\u00e9 grandissant: l&rsquo;adoption dans les pays du Nord a progress\u00e9 presque deux fois plus vite que dans les pays du Sud. De ce fait, 25% de la population en \u00e2ge de travailler dans les pays du Nord utilise d\u00e9sormais ces outils, contre seulement 14% dans les pays du Sud.<\/p>\n<p>Il faut aussi noter qu&rsquo;une adoption aussi large de l&rsquo;intelligence artificielle n&rsquo;est pas sans cons\u00e9quence, notamment sur l&rsquo;environnement. Pour tourner, les syst\u00e8mes d&rsquo;IA ont en effet besoin de gigantesques datacenters, qui consomment <a href=\"https:\/\/www.bfmtv.com\/economie\/entreprises\/energie\/l-ia-entrainera-une-une-multiplication-par-3-4-de-la-consommation-d-electricite-d-ici-2035-en-france_AD-202601060749.html\" title=\"L&#039;IA entra\u00eenera une multiplication par quatre de la consommation d&#039;\u00e9lectricit\u00e9 des centres de donn\u00e9es d&#039;ici 2035 en France\" class=\"internal_link\" target=\"_blank\" rel=\"noopener\">une quantit\u00e9 astronomique d&rsquo;\u00e9lectricit\u00e9<\/a>.<\/p>\n<p><a href=\"https:\/\/www.iea.org\/topics\/artificial-intelligence\" target=\"_blank\" class=\"external_link\" rel=\"noopener\">L\u2019Agence internationale de l\u2019\u00c9nergie (AIE)<\/a><a href=\"https:\/\/www.iea.org\/news\/electricity-grid-patents-surging-as-countries-target-artificial-intelligence-solutions\" target=\"_blank\" class=\"external_link\" rel=\"noopener\"> <\/a>anticipe une multiplication par 10 de la consommation d\u2019\u00e9lectricit\u00e9 du secteur de l\u2019IA entre 2023 et 2026. Parall\u00e8lement, les \u00e9missions de gaz \u00e0 effet de serre augmentent de mani\u00e8re significative, puisque certains acteurs cl\u00e9s du secteur signalent des hausses atteignant jusqu&rsquo;\u00e0 48% depuis 2019 (Google), <a href=\"https:\/\/www.ecologie.gouv.fr\/actualites\/intelligence-artificielle-durable\" target=\"_blank\" class=\"external_link\" rel=\"noopener\">selon le minist\u00e8re de la Transition \u00e9cologique<\/a>.<\/p>\n<p>Au del\u00e0 de la question de l&rsquo;adoption, c&rsquo;est celle des usages qu&rsquo;il faudrait commencer \u00e0 poser. Si 40% des Fran\u00e7ais utilisent l&rsquo;intelligence artificielle pour <a href=\"https:\/\/www.bfmtv.com\/environnement\/studio-ghibli-starter-packs-l-utilisation-massive-de-l-ia-generative-est-elle-un-probleme-pour-la-planete_AN-202504140681.html\" title=\"Studio Ghibli, starter packs... L&#039;utilisation massive de l&#039;IA g\u00e9n\u00e9rative est-elle un probl\u00e8me pour la plan\u00e8te?\" class=\"internal_link\" target=\"_blank\" rel=\"noopener\">g\u00e9n\u00e9rer leur personnage inspir\u00e9 de l&rsquo;esth\u00e9tique du Studio Ghibli<\/a>, moyennant plusieurs grammes de CO2 \u00e0 chaque requ\u00eate, il n&rsquo;est pas certain que les promesses de bienfaits en termes de productivit\u00e9 ou d&rsquo;innovation se fasse sentir de si t\u00f4t.<\/p>\n","protected":false},"excerpt":{"rendered":"La France figure parmi les pays les plus avanc\u00e9s en mati\u00e8re d\u2019adoption de l\u2019IA g\u00e9n\u00e9rative, se classant 5\u1d49&hellip;\n","protected":false},"author":2,"featured_media":670197,"comment_status":"","ping_status":"","sticky":false,"template":"","format":"standard","meta":{"footnotes":""},"categories":[1588],"tags":[11,1777,674,12,473,1853,1851,1850,1852],"class_list":{"0":"post-670196","1":"post","2":"type-post","3":"status-publish","4":"format-standard","5":"has-post-thumbnail","7":"category-royaume-uni","8":"tag-actualites","9":"tag-eu","10":"tag-europe","11":"tag-news","12":"tag-royaume-uni","13":"tag-royaume-uni-de-grande-bretagne-et-dirlande-du-nord","14":"tag-uk","15":"tag-united-kingdom","16":"tag-united-kingdom-of-great-britain-and-northern-ireland"},"share_on_mastodon":{"url":"https:\/\/pubeurope.com\/@fr\/115910934799482278","error":""},"_links":{"self":[{"href":"https:\/\/www.europesays.com\/fr\/wp-json\/wp\/v2\/posts\/670196","targetHints":{"allow":["GET"]}}],"collection":[{"href":"https:\/\/www.europesays.com\/fr\/wp-json\/wp\/v2\/posts"}],"about":[{"href":"https:\/\/www.europesays.com\/fr\/wp-json\/wp\/v2\/types\/post"}],"author":[{"embeddable":true,"href":"https:\/\/www.europesays.com\/fr\/wp-json\/wp\/v2\/users\/2"}],"replies":[{"embeddable":true,"href":"https:\/\/www.europesays.com\/fr\/wp-json\/wp\/v2\/comments?post=670196"}],"version-history":[{"count":0,"href":"https:\/\/www.europesays.com\/fr\/wp-json\/wp\/v2\/posts\/670196\/revisions"}],"wp:featuredmedia":[{"embeddable":true,"href":"https:\/\/www.europesays.com\/fr\/wp-json\/wp\/v2\/media\/670197"}],"wp:attachment":[{"href":"https:\/\/www.europesays.com\/fr\/wp-json\/wp\/v2\/media?parent=670196"}],"wp:term":[{"taxonomy":"category","embeddable":true,"href":"https:\/\/www.europesays.com\/fr\/wp-json\/wp\/v2\/categories?post=670196"},{"taxonomy":"post_tag","embeddable":true,"href":"https:\/\/www.europesays.com\/fr\/wp-json\/wp\/v2\/tags?post=670196"}],"curies":[{"name":"wp","href":"https:\/\/api.w.org\/{rel}","templated":true}]}}